{"id":8825,"date":"2020-08-18T12:27:50","date_gmt":"2020-08-18T17:27:50","guid":{"rendered":"https:\/\/www.greenpeace.org\/mexico\/?p=8825"},"modified":"2025-07-07T08:29:39","modified_gmt":"2025-07-07T13:29:39","slug":"que-obligaciones-y-derechos-tengo-como-ciclista","status":"publish","type":"post","link":"https:\/\/www.greenpeace.org\/mexico\/blog\/8825\/que-obligaciones-y-derechos-tengo-como-ciclista\/","title":{"rendered":"\u00bfQu\u00e9 obligaciones y derechos tengo como ciclista?"},"content":{"rendered":"\n<p>Si ya te decidiste por reinventar la forma en que te mueves, usar m\u00e1s la bicicleta y generar menos<strong> gases contaminantes<\/strong>, lo que sigue es informarte sobre tus <strong>derechos y obligaciones como ciclista.\u00a0<\/strong><\/p>\n\n<p>El<strong> transporte<\/strong> produce una cuarta parte de las emisiones de gases que provocan el <strong>cambio clim\u00e1tico<\/strong>, de acuerdo con el <a href=\"https:\/\/unstats.un.org\/sdgs\/report\/2019\/The-Sustainable-Development-Goals-Report-2019_Spanish.pdf\" target=\"_blank\" rel=\"noreferrer noopener\">informe de los Objetivos de Desarrollo Sostenible 2019, de las Naciones Unidas, <\/a>basado en el <strong>inventario Nacional de Gases de Efecto Invernadero<\/strong> 2015 (\u00faltimo a\u00f1o de actualizaci\u00f3n), del Instituto Nacional de Ecolog\u00eda y Cambio Clim\u00e1tico (INECC).<a href=\"https:\/\/unstats.un.org\/sdgs\/report\/2019\/The-Sustainable-Development-Goals-Report-2019_Spanish.pdf\">\u00a0<\/a><\/p>\n\n<figure class=\"wp-block-image size-large  caption-style-blue-overlay caption-alignment-center\"><img loading=\"lazy\" decoding=\"async\" width=\"1024\" height=\"683\" src=\"https:\/\/www.greenpeace.org\/static\/planet4-mexico-stateless\/2025\/07\/7f67b3bd-bicicleta-transporte-1024x683.jpg\" title=\"Fotograf\u00eda de una bicicleta.\" alt=\"Fotograf\u00eda de una bicicleta.\" class=\"wp-image-59037\" srcset=\"https:\/\/www.greenpeace.org\/static\/planet4-mexico-stateless\/2025\/07\/7f67b3bd-bicicleta-transporte-1024x683.jpg 1024w, https:\/\/www.greenpeace.org\/static\/planet4-mexico-stateless\/2025\/07\/7f67b3bd-bicicleta-transporte-300x200.jpg 300w, https:\/\/www.greenpeace.org\/static\/planet4-mexico-stateless\/2025\/07\/7f67b3bd-bicicleta-transporte-768x512.jpg 768w, https:\/\/www.greenpeace.org\/static\/planet4-mexico-stateless\/2025\/07\/7f67b3bd-bicicleta-transporte-510x340.jpg 510w, https:\/\/www.greenpeace.org\/static\/planet4-mexico-stateless\/2025\/07\/7f67b3bd-bicicleta-transporte.jpg 1536w\" sizes=\"auto, (max-width: 1024px) 100vw, 1024px\" \/><figcaption class=\"wp-element-caption\">Moverte en bicicleta no es tan dif\u00edcil. \u00a1Int\u00e9ntalo y mejora tu ciudad! <\/figcaption><\/figure>\n\n<p>Seg\u00fan la Gu\u00eda Ciclista de la CDMX, basada en el <a href=\"https:\/\/semovi.cdmx.gob.mx\/storage\/app\/media\/RT%202019%20CDMX.pdf\" target=\"_blank\" rel=\"noreferrer noopener\">Reglamento de Tr\u00e1nsito de la Ciudad<\/a>, estos son los derechos y las obligaciones de quienes usan la bicicleta como una forma de transporte c\u00f3modo, r\u00e1pido y ecol\u00f3gico.\u00a0<\/p>\n\n<h2 class=\"wp-block-heading\">\u00bfCu\u00e1les son mis derechos como ciclistas?<\/h2>\n\n<ul class=\"wp-block-list\">\n<li>Utilizar el carril completo. De hecho, la manera m\u00e1s segura de ir en bici en la calle es en medio del carril, donde el resto de los autos pueden vernos.\u00a0<\/li>\n\n\n\n<li>Las bicicletas tienen preferencia de paso al momento de dar la vuelta.\u00a0<\/li>\n\n\n\n<li>En caso de infracci\u00f3n, las y los agentes de seguridad p\u00fablica pueden amonestarnos s\u00f3lo de manera verbal y no econ\u00f3mica. En caso de embestir a un peat\u00f3n, pueden remitirnos a un juez c\u00edvico.\u00a0<\/li>\n\n\n\n<li>Las ciclov\u00edas deben permanecer libres a la circulaci\u00f3n de bicicletas. En ning\u00fan caso pueden ser ocupados por autom\u00f3viles estacionados o en movimiento.<\/li>\n\n\n\n<li>Las y los ciclistas deben ser rebasados por otros veh\u00edculos con una distancia de 1.5 metros para evitar accidentes.\u00a0<\/li>\n\n\n\n<li>En calles secundarias o locales con intersecci\u00f3n y sem\u00e1foro, podemos cruzar sin esperar el cambio de siga. Antes debemos revisar que ninguna persona o veh\u00edculo se aproxime. Tambi\u00e9n debemos reducir la velocidad.<\/li>\n<\/ul>\n\n<figure class=\"wp-block-image size-large  caption-style-blue-overlay caption-alignment-center\"><img loading=\"lazy\" decoding=\"async\" width=\"1024\" height=\"683\" src=\"https:\/\/www.greenpeace.org\/static\/planet4-mexico-stateless\/2025\/07\/f107eb4c-ciclista-transporte-1024x683.jpg\" title=\"Retrato de una mujer ciclista sosteniendo su bicicleta a la altura de sus hombros.\" alt=\"Retrato de una mujer ciclista sosteniendo su bicicleta a la altura de sus hombros.\" class=\"wp-image-59038\" srcset=\"https:\/\/www.greenpeace.org\/static\/planet4-mexico-stateless\/2025\/07\/f107eb4c-ciclista-transporte-1024x683.jpg 1024w, https:\/\/www.greenpeace.org\/static\/planet4-mexico-stateless\/2025\/07\/f107eb4c-ciclista-transporte-300x200.jpg 300w, https:\/\/www.greenpeace.org\/static\/planet4-mexico-stateless\/2025\/07\/f107eb4c-ciclista-transporte-768x512.jpg 768w, https:\/\/www.greenpeace.org\/static\/planet4-mexico-stateless\/2025\/07\/f107eb4c-ciclista-transporte-510x340.jpg 510w, https:\/\/www.greenpeace.org\/static\/planet4-mexico-stateless\/2025\/07\/f107eb4c-ciclista-transporte.jpg 1200w\" sizes=\"auto, (max-width: 1024px) 100vw, 1024px\" \/><figcaption class=\"wp-element-caption\">\u00a9 Gordon Welters \/ Greenpeace<\/figcaption><\/figure>\n\n<h2 class=\"wp-block-heading\">\u00bfCu\u00e1les son mis obligaciones como ciclista?<\/h2>\n\n<ul class=\"wp-block-list\">\n<li>Nunca ir en sentido contrario.<\/li>\n\n\n\n<li>Nunca usar aud\u00edfonos ni celular cuando vaya en movimiento.<\/li>\n\n\n\n<li>Nunca transportes objetos que limiten la visi\u00f3n.<\/li>\n\n\n\n<li>En caso de tener s\u00f3lo un asiento, nunca transportes a nadie m\u00e1s.<\/li>\n\n\n\n<li>No te sujetes de otros veh\u00edculos para avanzar.<\/li>\n\n\n\n<li>No pedalees bajo los efectos del alcohol o drogas.<\/li>\n\n\n\n<li>Circular en sentido de la ciclov\u00eda y no en sentido contrario.<\/li>\n\n\n\n<li>No circular en carriles exclusivos para transporte p\u00fablico.<\/li>\n\n\n\n<li>No circules sobre la banqueta, esto s\u00f3lo est\u00e1 permitido para personas menores de 12 a\u00f1os de edad y polic\u00edas.<\/li>\n\n\n\n<li>Respeta los altos en v\u00edas primarias, como ejes viales y avenidas.<\/li>\n\n\n\n<li>En el sem\u00e1foro, espera detr\u00e1s del cruce o en la caja bicimoto.<\/li>\n\n\n\n<li>Cede el paso a las y los peatones y respeta su espacio.<\/li>\n\n\n\n<li>Rebasa por la izquierda y ten cuidado con las puertas de los autos estacionados.<\/li>\n\n\n\n<li>Usa luces y reflejantes, como luz trasera roja\u00a0<\/li>\n<\/ul>\n\n<p>Ojo, estos derechos y obligaciones pueden variar de acuerdo con el <strong>reglamento de tr\u00e1nsito <\/strong>de cada ciudad. Te invitamos a que revises los reglamentos de donde vives, as\u00ed podr\u00e1s disfrutar m\u00e1s, hacerlo mejor y ser parte, al mismo tiempo, de una <strong>movilidad sustentable.<\/strong><\/p>\n\n<p>\u00bfQuieres hacer m\u00e1s por el planeta? \u00danete aqu\u00ed. <\/p>\n\n<!--[if lte IE 8]>\n<script charset=\"utf-8\" type=\"text\/javascript\" src=\"\/\/js.hsforms.net\/forms\/v2-legacy.js\"><\/script>\n<![endif]-->\n<script charset=\"utf-8\" type=\"text\/javascript\" src=\"\/\/js.hsforms.net\/forms\/v2.js\"><\/script>\n<script>\n  hbspt.forms.create({\n\tportalId: \"2617486\",\n\tformId: \"2dcbbbc8-1cb2-41be-a6ff-fdebea43af0c\",\n\tsfdcCampaignId: \"7011P0000016yxUQAQ\",\n\tsubmitButtonClass: 'hs-button',\nonFormReady: function($form, ctx){\nvar paramsp4 = new window.URLSearchParams(window.location.search);\nvar utm_content = paramsp4.get('utm_content');\nif(utm_content == null) {\nvar urlp4 = window.location.href;\nvar fromGPMXBlog = urlp4.includes(\"\/blog\/\");\nif (fromGPMXBlog == true) {\nvar arrayp4 = urlp4.split(\"\/\");\nvar hs_origin = arrayp4[6];\n$('input[name=\"hs_origen__c\"]').val(hs_origin).change();\n}\n}\n}\n});\n<\/script>\n\t\t\t<section\n\t\t\tclass=\"boxout post-8712 \"\n\t\t\t\n\t\t>\n\t\t\t<a\n\t\t\t\tdata-ga-category=\"Take Action Boxout\"\n\t\t\t\tdata-ga-action=\"Image\"\n\t\t\t\tdata-ga-label=\"n\/a\"\n\t\t\t\tclass=\"cover-card-overlay\"\n\t\t\t\thref=\"https:\/\/www.greenpeace.org\/mexico\/participa\/consume-menos-consume-mejor\/\" \n\t\t\t><\/a>\n\t\t\t\t\t\t\t<img\n\t\t\t\t\t\tsrc=\"https:\/\/www.greenpeace.org\/static\/planet4-mexico-stateless\/2020\/07\/63952b1e-consumo-responsable.png\"\n\t\t\t\t\t\tsrcset=\"https:\/\/www.greenpeace.org\/static\/planet4-mexico-stateless\/2020\/07\/63952b1e-consumo-responsable-300x187.png 300w, https:\/\/www.greenpeace.org\/static\/planet4-mexico-stateless\/2020\/07\/63952b1e-consumo-responsable-510x318.png 510w, https:\/\/www.greenpeace.org\/static\/planet4-mexico-stateless\/2020\/07\/63952b1e-consumo-responsable.png 568w\"\n\t\t\t\t\t\tsizes=\"(min-width: 1000px) 358px, (min-width: 780px) 313px, 88px\"\n\t\t\t\t\t\talt=\"\" title=\"\"\n\t\t\t\t\/>\n            \t\t\t<div class=\"boxout-content\">\n\t\t\t\t\t\t\t\t\t<a\n\t\t\t\t\t\tclass=\"boxout-heading medium\"\n\t\t\t\t\t\tdata-ga-category=\"Take Action Boxout\"\n\t\t\t\t\t\tdata-ga-action=\"Title\"\n\t\t\t\t\t\tdata-ga-label=\"n\/a\"\n\t\t\t\t\t\thref=\"https:\/\/www.greenpeace.org\/mexico\/participa\/consume-menos-consume-mejor\/\"\n\t\t\t\t\t\t\n\t\t\t\t\t>\n\t\t\t\t\t\tConsume menos, consume mejor\n\t\t\t\t\t<\/a>\n\t\t\t\t\t\t\t\t\t\t\t\t\t<p class=\"boxout-excerpt\">Hoy tenemos la oportunidad de hacer frente a esta crisis y reinventar nuestro estilo de vida y el modelo actual de consumo masivo hacia uno que sea m\u00e1s sustentable, donde consumamos responsablemente, poniendo a las personas y al planeta en el centro.<\/p>\n\t\t\t\t                                    <a\n                        class=\"btn btn-primary\"\n                        data-ga-category=\"Take Action Boxout\"\n                        data-ga-action=\"Call to Action\"\n                        data-ga-label=\"n\/a\"\n                        href=\"https:\/\/www.greenpeace.org\/mexico\/participa\/consume-menos-consume-mejor\/\"\n                        \n                    >\n                        Participa\n                    <\/a>\n                \t\t\t<\/div>\n\t\t\t\t\t<\/section>\n\t\n<p><\/p>\n","protected":false},"excerpt":{"rendered":"<p>Conoce tus derechos y obligaciones como ciclista para moverte de forma segura, legal y sustentable. Ser parte del cambio empieza sobre dos ruedas.<\/p>\n","protected":false},"author":21,"featured_media":59038,"comment_status":"open","ping_status":"open","sticky":false,"template":"","format":"standard","meta":{"ep_exclude_from_search":false,"p4_og_title":"\u00bfQu\u00e9 obligaciones y derechos tengo como ciclista?","p4_og_description":"Conoce tus derechos y obligaciones como ciclista para moverte de forma segura, legal y sustentable. Ser parte del cambio empieza sobre dos ruedas.","p4_og_image":"https:\/\/www.greenpeace.org\/static\/planet4-mexico-stateless\/2025\/07\/f107eb4c-ciclista-transporte.jpg","p4_og_image_id":"59038","p4_seo_canonical_url":"","p4_campaign_name":"not set","p4_local_project":"not set","p4_basket_name":"not set","p4_department":"","footnotes":""},"categories":[39],"tags":[7,47],"p4-page-type":[14],"class_list":["post-8825","post","type-post","status-publish","format-standard","has-post-thumbnail","hentry","category-clima-y-energia","tag-transporte","tag-cambio-climatico","p4-page-type-blog"],"_links":{"self":[{"href":"https:\/\/www.greenpeace.org\/mexico\/wp-json\/wp\/v2\/posts\/8825","targetHints":{"allow":["GET"]}}],"collection":[{"href":"https:\/\/www.greenpeace.org\/mexico\/wp-json\/wp\/v2\/posts"}],"about":[{"href":"https:\/\/www.greenpeace.org\/mexico\/wp-json\/wp\/v2\/types\/post"}],"author":[{"embeddable":true,"href":"https:\/\/www.greenpeace.org\/mexico\/wp-json\/wp\/v2\/users\/21"}],"replies":[{"embeddable":true,"href":"https:\/\/www.greenpeace.org\/mexico\/wp-json\/wp\/v2\/comments?post=8825"}],"version-history":[{"count":3,"href":"https:\/\/www.greenpeace.org\/mexico\/wp-json\/wp\/v2\/posts\/8825\/revisions"}],"predecessor-version":[{"id":59039,"href":"https:\/\/www.greenpeace.org\/mexico\/wp-json\/wp\/v2\/posts\/8825\/revisions\/59039"}],"wp:featuredmedia":[{"embeddable":true,"href":"https:\/\/www.greenpeace.org\/mexico\/wp-json\/wp\/v2\/media\/59038"}],"wp:attachment":[{"href":"https:\/\/www.greenpeace.org\/mexico\/wp-json\/wp\/v2\/media?parent=8825"}],"wp:term":[{"taxonomy":"category","embeddable":true,"href":"https:\/\/www.greenpeace.org\/mexico\/wp-json\/wp\/v2\/categories?post=8825"},{"taxonomy":"post_tag","embeddable":true,"href":"https:\/\/www.greenpeace.org\/mexico\/wp-json\/wp\/v2\/tags?post=8825"},{"taxonomy":"p4-page-type","embeddable":true,"href":"https:\/\/www.greenpeace.org\/mexico\/wp-json\/wp\/v2\/p4-page-type?post=8825"}],"curies":[{"name":"wp","href":"https:\/\/api.w.org\/{rel}","templated":true}]}}