{"id":8838,"date":"2020-08-25T12:03:26","date_gmt":"2020-08-25T17:03:26","guid":{"rendered":"https:\/\/www.greenpeace.org\/mexico\/?p=8838"},"modified":"2025-07-06T23:18:02","modified_gmt":"2025-07-07T04:18:02","slug":"los-reutilizables-son-posibles","status":"publish","type":"post","link":"https:\/\/www.greenpeace.org\/mexico\/investigacion\/8838\/los-reutilizables-son-posibles\/","title":{"rendered":"Los reutilizables son posibles"},"content":{"rendered":"\n<p style=\"text-align: justify;\">La pandemia de COVID-19 ha cambiado la forma en que la gente piensa sobre la salud y la seguridad. En consecuencia, personas de todo el mundo se han abastecido de jabones, sanitizantes y desinfectantes en aerosol, se han distanciado de amigos y familiares, y han limitado sus salidas a tiendas y restaurantes. As\u00ed tambi\u00e9n, en respuesta a las preocupaciones de los trabajadores y los clientes y a la avalancha de propaganda de la industria del pl\u00e1stico, las prohibiciones de pl\u00e1sticos se han detenido y se han restringido los art\u00edculos reutilizables en muchos lugares.<\/p>\n\n<p style=\"text-align: justify;\">A medida que los establecimientos minoristas y restaurantes reabren, al mismo tiempo en que los casos de COVID-19 siguen aumentando, es imperativo que se implementen sistemas de reutilizaci\u00f3n y recarga (refill) que protejan nuestro medio ambiente y alivien las preocupaciones de los trabajadores y los clientes. La pandemia no puede ser una excusa para volver a una era de desechables generalizados,<br>ya que nuestro medio ambiente y las comunidades m\u00e1s vulnerables del mundo ser\u00e1n las que m\u00e1s sufrir\u00e1n. La industria del pl\u00e1stico sigue luchando para garantizar que los pl\u00e1sticos de un solo uso prevalezcan en el futuro; sin embargo, su cabildeo ignora los impactos de refiner\u00edas e incineradoras en las comunidades de bajos ingresos y de personas de color, el costo de una mayor contaminaci\u00f3n pl\u00e1stica para nuestros oc\u00e9anos, as\u00ed como a las comunidades cada vez m\u00e1s afectadas en todo el mundo.<\/p>\n\n<div class=\"wp-block-file\"><a href=\"https:\/\/www.greenpeace.org\/static\/planet4-mexico-stateless\/2020\/08\/5d01b31a-los-reutilizables-son-posibles-final.pdf\"><img loading=\"lazy\" decoding=\"async\" width=\"150\" height=\"156\" class=\"wp-image-8844\" style=\"width: 150px;\" src=\"https:\/\/www.greenpeace.org\/static\/planet4-mexico-stateless\/2020\/08\/effaf28c-los-reutilizables-son-posibles.png\" alt=\"\" srcset=\"https:\/\/www.greenpeace.org\/static\/planet4-mexico-stateless\/2020\/08\/effaf28c-los-reutilizables-son-posibles.png 517w, https:\/\/www.greenpeace.org\/static\/planet4-mexico-stateless\/2020\/08\/effaf28c-los-reutilizables-son-posibles-288x300.png 288w, https:\/\/www.greenpeace.org\/static\/planet4-mexico-stateless\/2020\/08\/effaf28c-los-reutilizables-son-posibles-326x340.png 326w\" sizes=\"auto, (max-width: 150px) 100vw, 150px\" \/><\/a><\/div>\n\n<div class=\"wp-block-file\"><a href=\"https:\/\/www.greenpeace.org\/static\/planet4-mexico-stateless\/2020\/08\/5d01b31a-los-reutilizables-son-posibles-final.pdf\"><strong>Ve nuestro reporte aqu\u00ed.<\/strong><\/a><\/div>\n\n<p><\/p>\n\n<p><\/p>\n\t\t\t<section\n\t\t\tclass=\"boxout post-8712 \"\n\t\t\t\n\t\t>\n\t\t\t<a\n\t\t\t\tdata-ga-category=\"Take Action Boxout\"\n\t\t\t\tdata-ga-action=\"Image\"\n\t\t\t\tdata-ga-label=\"n\/a\"\n\t\t\t\tclass=\"cover-card-overlay\"\n\t\t\t\thref=\"https:\/\/www.greenpeace.org\/mexico\/participa\/consume-menos-consume-mejor\/\" \n\t\t\t><\/a>\n\t\t\t\t\t\t\t<img\n\t\t\t\t\t\tsrc=\"https:\/\/www.greenpeace.org\/static\/planet4-mexico-stateless\/2020\/07\/63952b1e-consumo-responsable.png\"\n\t\t\t\t\t\tsrcset=\"https:\/\/www.greenpeace.org\/static\/planet4-mexico-stateless\/2020\/07\/63952b1e-consumo-responsable-300x187.png 300w, https:\/\/www.greenpeace.org\/static\/planet4-mexico-stateless\/2020\/07\/63952b1e-consumo-responsable-510x318.png 510w, https:\/\/www.greenpeace.org\/static\/planet4-mexico-stateless\/2020\/07\/63952b1e-consumo-responsable.png 568w\"\n\t\t\t\t\t\tsizes=\"(min-width: 1000px) 358px, (min-width: 780px) 313px, 88px\"\n\t\t\t\t\t\talt=\"\" title=\"\"\n\t\t\t\t\/>\n            \t\t\t<div class=\"boxout-content\">\n\t\t\t\t\t\t\t\t\t<a\n\t\t\t\t\t\tclass=\"boxout-heading medium\"\n\t\t\t\t\t\tdata-ga-category=\"Take Action Boxout\"\n\t\t\t\t\t\tdata-ga-action=\"Title\"\n\t\t\t\t\t\tdata-ga-label=\"n\/a\"\n\t\t\t\t\t\thref=\"https:\/\/www.greenpeace.org\/mexico\/participa\/consume-menos-consume-mejor\/\"\n\t\t\t\t\t\t\n\t\t\t\t\t>\n\t\t\t\t\t\tConsume menos, consume mejor\n\t\t\t\t\t<\/a>\n\t\t\t\t\t\t\t\t\t\t\t\t\t<p class=\"boxout-excerpt\">Hoy tenemos la oportunidad de hacer frente a esta crisis y reinventar nuestro estilo de vida y el modelo actual de consumo masivo hacia uno que sea m\u00e1s sustentable, donde consumamos responsablemente, poniendo a las personas y al planeta en el centro.<\/p>\n\t\t\t\t                                    <a\n                        class=\"btn btn-primary\"\n                        data-ga-category=\"Take Action Boxout\"\n                        data-ga-action=\"Call to Action\"\n                        data-ga-label=\"n\/a\"\n                        href=\"https:\/\/www.greenpeace.org\/mexico\/participa\/consume-menos-consume-mejor\/\"\n                        \n                    >\n                        Participa\n                    <\/a>\n                \t\t\t<\/div>\n\t\t\t\t\t<\/section>\n\t","protected":false},"excerpt":{"rendered":"<p>Los reutilizables son seguros y necesarios, incluso en pandemia. Volver a los desechables agrava la crisis ambiental y afecta a comunidades vulnerables.<\/p>\n","protected":false},"author":29,"featured_media":8844,"comment_status":"open","ping_status":"open","sticky":false,"template":"","format":"standard","meta":{"ep_exclude_from_search":false,"p4_og_title":"Los reutilizables son posibles","p4_og_description":"Los reutilizables son seguros y necesarios, incluso en pandemia. Volver a los desechables agrava la crisis ambiental y afecta a comunidades vulnerables.","p4_og_image":"https:\/\/www.greenpeace.org\/static\/planet4-mexico-stateless\/2020\/08\/effaf28c-los-reutilizables-son-posibles.png","p4_og_image_id":"8844","p4_seo_canonical_url":"","p4_campaign_name":"not set","p4_local_project":"not set","p4_basket_name":"not set","p4_department":"","footnotes":""},"categories":[45],"tags":[20,67],"p4-page-type":[15],"class_list":["post-8838","post","type-post","status-publish","format-standard","has-post-thumbnail","hentry","category-plasticos","tag-consumo","tag-tratado-global-de-plasticos","p4-page-type-investigacion"],"_links":{"self":[{"href":"https:\/\/www.greenpeace.org\/mexico\/wp-json\/wp\/v2\/posts\/8838","targetHints":{"allow":["GET"]}}],"collection":[{"href":"https:\/\/www.greenpeace.org\/mexico\/wp-json\/wp\/v2\/posts"}],"about":[{"href":"https:\/\/www.greenpeace.org\/mexico\/wp-json\/wp\/v2\/types\/post"}],"author":[{"embeddable":true,"href":"https:\/\/www.greenpeace.org\/mexico\/wp-json\/wp\/v2\/users\/29"}],"replies":[{"embeddable":true,"href":"https:\/\/www.greenpeace.org\/mexico\/wp-json\/wp\/v2\/comments?post=8838"}],"version-history":[{"count":16,"href":"https:\/\/www.greenpeace.org\/mexico\/wp-json\/wp\/v2\/posts\/8838\/revisions"}],"predecessor-version":[{"id":59029,"href":"https:\/\/www.greenpeace.org\/mexico\/wp-json\/wp\/v2\/posts\/8838\/revisions\/59029"}],"wp:featuredmedia":[{"embeddable":true,"href":"https:\/\/www.greenpeace.org\/mexico\/wp-json\/wp\/v2\/media\/8844"}],"wp:attachment":[{"href":"https:\/\/www.greenpeace.org\/mexico\/wp-json\/wp\/v2\/media?parent=8838"}],"wp:term":[{"taxonomy":"category","embeddable":true,"href":"https:\/\/www.greenpeace.org\/mexico\/wp-json\/wp\/v2\/categories?post=8838"},{"taxonomy":"post_tag","embeddable":true,"href":"https:\/\/www.greenpeace.org\/mexico\/wp-json\/wp\/v2\/tags?post=8838"},{"taxonomy":"p4-page-type","embeddable":true,"href":"https:\/\/www.greenpeace.org\/mexico\/wp-json\/wp\/v2\/p4-page-type?post=8838"}],"curies":[{"name":"wp","href":"https:\/\/api.w.org\/{rel}","templated":true}]}}