{"id":8883,"date":"2020-08-27T11:56:01","date_gmt":"2020-08-27T16:56:01","guid":{"rendered":"https:\/\/www.greenpeace.org\/mexico\/?p=8883"},"modified":"2025-07-06T22:41:38","modified_gmt":"2025-07-07T03:41:38","slug":"dia-del-sobregiro-2020","status":"publish","type":"post","link":"https:\/\/www.greenpeace.org\/mexico\/blog\/8883\/dia-del-sobregiro-2020\/","title":{"rendered":"El d\u00eda que nos acabamos el mundo; d\u00eda del sobregiro"},"content":{"rendered":"\n<p>Caminas sobre un bosque pero en el suelo no hay m\u00e1s que hierba quemada. Sin \u00e1rboles. Un sol que arde. Vas al mar y nadas sobre pl\u00e1sticos que son basura. Sin peces. Miras una foto de la Ant\u00e1rtida, sin hielos. Sin ping\u00fcinos. Sin aves. No hay ecosistemas, ni hay aire para respirar. <strong>\u00bfC\u00f3mo ser\u00e1 el d\u00eda en que nos acabemos el mundo?<\/strong><\/p>\n\n<p>Ese d\u00eda puede llegar. <strong>La humanidad actualmente usa un 60% m\u00e1s de recursos naturales de los que pueden renovarse<\/strong>, esto es como si vivi\u00e9ramos en 1.6 Tierras, de acuerdo con estimaciones de la p\u00e1gina del movimiento Earth <a href=\"http:\/\/www.overshootday.org\/\" target=\"_blank\" rel=\"noreferrer noopener\">Overshoot Day<\/a>.<\/p>\n\n<h2 class=\"wp-block-heading\">\u00bfQu\u00e9 es el Earth Overshoot Day?<\/h2>\n\n<p>Este movimiento busca concientizar a la poblaci\u00f3n sobre las consecuencias del consumismo y la importancia del consumo responsable. Para ello, invent\u00f3 una metodolog\u00eda que se\u00f1ala el d\u00eda del a\u00f1o en el que la humanidad ya agot\u00f3 todos los recursos que puede renovar nuestro planeta. Ese d\u00eda se conoce como el Earth Overshoot day, o el d\u00eda que sobre giramos los recursos de la Tierra.&nbsp;<\/p>\n\n<p>A partir de ese d\u00eda, todo lo que consumamos el resto del a\u00f1o ser\u00e1 a cuenta de recursos que que estaban destinados para los a\u00f1os siguientes y para satisfacer las necesidades futuras de la humanidad . En otras palabras, ser\u00e1n p\u00e9rdidas para este planeta que registra un d\u00e9ficit ecol\u00f3gico desde 1970.&nbsp;<\/p>\n\n<figure class=\"wp-block-image size-large  caption-style-blue-overlay caption-alignment-center\"><img loading=\"lazy\" decoding=\"async\" width=\"1024\" height=\"683\" src=\"https:\/\/www.greenpeace.org\/static\/planet4-mexico-stateless\/2025\/06\/d6dbb1da-cambio-climatico-incendios-forestales-1024x683.jpg\" title=\"Toma a\u00e9rea de la deforestaci\u00f3n e incendios forestales en la Amazonia.\" alt=\"Toma a\u00e9rea de la deforestaci\u00f3n e incendios forestales en la Amazonia.\" class=\"wp-image-58715\" srcset=\"https:\/\/www.greenpeace.org\/static\/planet4-mexico-stateless\/2025\/06\/d6dbb1da-cambio-climatico-incendios-forestales-1024x683.jpg 1024w, https:\/\/www.greenpeace.org\/static\/planet4-mexico-stateless\/2025\/06\/d6dbb1da-cambio-climatico-incendios-forestales-300x200.jpg 300w, https:\/\/www.greenpeace.org\/static\/planet4-mexico-stateless\/2025\/06\/d6dbb1da-cambio-climatico-incendios-forestales-768x512.jpg 768w, https:\/\/www.greenpeace.org\/static\/planet4-mexico-stateless\/2025\/06\/d6dbb1da-cambio-climatico-incendios-forestales-510x340.jpg 510w, https:\/\/www.greenpeace.org\/static\/planet4-mexico-stateless\/2025\/06\/d6dbb1da-cambio-climatico-incendios-forestales.jpg 1200w\" sizes=\"auto, (max-width: 1024px) 100vw, 1024px\" \/><figcaption><div class=\"credit icon-left\"> \u00a9 Marizilda Cruppe \/ Greenpeace<\/div><\/figcaption><\/figure>\n\n<p>M\u00e9xico tiene mucho que hacer en este tema: nuestro pa\u00eds ocupa uno de los primeros lugares en deforestaci\u00f3n en el mundo. No hay una estimaci\u00f3n exacta, pero se calcula que la tasas de deforestaci\u00f3n a nivel nacional podr\u00edan ser de hasta 1.98 millones de hect\u00e1reas por a\u00f1o, de acuerdo con datos recopilados por la C\u00e1mara de Diputados en 2017.<\/p>\n\n<p>Adem\u00e1s, el consumismo es la causa del 60% de todas las emisiones globales de Gases de Efecto Invernadero (GEI), de acuerdo <a href=\"https:\/\/www.c40.org\/researches\/consumption-based-emissions\" target=\"_blank\" rel=\"noreferrer noopener\">con un estudio de distintas universidades de Estados Unidos sobre el consumo y las emisiones de efecto invernadero en 79 ciudades<\/a>.\u00a0\u00a0<\/p>\n\n<h2 class=\"wp-block-heading\"><strong>La COVID-19 nos deja una lecci\u00f3n&nbsp;<\/strong><\/h2>\n\n<p>Este a\u00f1o, el Earth Overshoot Day fue el 22 de agosto, tres semanas m\u00e1s tarde que el a\u00f1o pasado. De acuerdo con el movimiento impulsor, el COVID-19 hizo que la huella ecol\u00f3gica de la humanidad se contrajera.<\/p>\n\n<p>Este cambio de fecha refleja la reducci\u00f3n del 9.3% de la huella ecol\u00f3gica de la humanidad desde del 1\u00b0 de enero hasta el 22 de agosto, en comparaci\u00f3n con el mismo per\u00edodo del a\u00f1o pasado, lo cual es una consecuencia directa, explicaron, de la cancelaci\u00f3n de actividades presenciales no esenciales en todo el mundo. Dos de los principales causantes de la reducci\u00f3n son la Huella de Productos Forestales y la Huella de Carbono, que disminuyeron en un 8.4% y 14.5%, respectivamente.<\/p>\n\n<p><strong>Cambiar los patrones de consumo de recursos y retrasar as\u00ed la llegada del d\u00eda del sobregiro de la Tierra es una posibilidad<\/strong> siempre y cuando los gobiernos planneen y establezcan pol\u00edticas p\u00fablicas de corto, mediano y largo plazo para reducir el sobreconsumo y proteger el planeta.La verdadera sostenibilidad que permitir\u00eda a todos prosperar en la Tierra s\u00f3lo podr\u00eda lograrse por planeaci\u00f3n, no por una epidemia, reconoci\u00f3 el movimiento.<\/p>\n\n<p>Estas son algunas de las lecciones que, de acuerdo con la Global Footprint Network (que impuls\u00f3 el Oververshoot day), podemos reflexionar para lograr una disminuci\u00f3n en la huella ecol\u00f3gica que tenga repercusiones importantes para el medio ambiente:<\/p>\n\n<ul class=\"wp-block-list\">\n<li>Los gobiernos son capaces de actuar r\u00e1pidamente, tanto en t\u00e9rminos de regulaciones como de gastos, cuando ponen las vidas humanas por encima de todo<\/li>\n\n\n\n<li>La humanidad constituye una entidad biol\u00f3gica y es m\u00e1s fuerte cuando act\u00faa unida<\/li>\n\n\n\n<li>Las empresas y las personas pueden organizarse y colaborar de manera poderosa y efectiva en la b\u00fasqueda de un objetivo compartido cuando reconoce que sus propias vidas, y las de las personas que aman, pueden estar en riesgo.<\/li>\n\n\n\n<li>Las acciones necesarias que se requieren para protegernos a nosotros mismos, a nuestros hogares y a nuestras comunidades tambi\u00e9n protegen a otros; nuestras decisiones a todos los niveles tienen consecuencias para los que nos rodean.<\/li>\n<\/ul>\n\n<p>\u00danete al reto por un planeta m\u00e1s sano. Consume menos y consume mejor. <\/p>\n\n<p>\u00bfQuieres hacer m\u00e1s por el planeta? \u00danete aqu\u00ed<\/p>\n\n<!--[if lte IE 8]&gt;-->\n<script src=\"\/\/js.hsforms.net\/forms\/v2-legacy.js\"><\/script>\n\n<script src=\"\/\/js.hsforms.net\/forms\/v2.js\"><\/script>\n<script>\n\thbspt.forms.create({\n\t\tportalId: \"2617486\",\n\t\tformId: \"2a640cfd-58f7-422d-936f-f6c0825f3e8b\",\n\t\tsfdcCampaignId: \"7011P00000170oTQAQ\",\n\t\tsubmitButtonClass: 'hs-button',\n\t\tonFormReady: function($form, ctx){\n\t\tvar paramsp4 = new window.URLSearchParams(window.location.search);\n\t\tvar utm_content = paramsp4.get('utm_content');\n\t\tif(utm_content == null) {\n\t\t\tvar urlp4 = window.location.href;\n\t\t\tvar fromGPMXBlog = urlp4.includes(\"\/blog\/\");\n\t\t\tif (fromGPMXBlog == true) {\n\t\t\t\tvar arrayp4 = urlp4.split(\"\/\");\n\t\t\t\tvar hs_origin = arrayp4[6];\n\t\t\t\t$('input[name=\"hs_origen__c\"]').val(hs_origin).change();\n\t\t\t}\n\t\t}\n\t}\n});\n<\/script>\n\t\t\t<section\n\t\t\tclass=\"boxout post-8712 \"\n\t\t\t\n\t\t>\n\t\t\t<a\n\t\t\t\tdata-ga-category=\"Take Action Boxout\"\n\t\t\t\tdata-ga-action=\"Image\"\n\t\t\t\tdata-ga-label=\"n\/a\"\n\t\t\t\tclass=\"cover-card-overlay\"\n\t\t\t\thref=\"https:\/\/www.greenpeace.org\/mexico\/participa\/consume-menos-consume-mejor\/\" \n\t\t\t><\/a>\n\t\t\t\t\t\t\t<img\n\t\t\t\t\t\tsrc=\"https:\/\/www.greenpeace.org\/static\/planet4-mexico-stateless\/2020\/07\/63952b1e-consumo-responsable.png\"\n\t\t\t\t\t\tsrcset=\"https:\/\/www.greenpeace.org\/static\/planet4-mexico-stateless\/2020\/07\/63952b1e-consumo-responsable-300x187.png 300w, https:\/\/www.greenpeace.org\/static\/planet4-mexico-stateless\/2020\/07\/63952b1e-consumo-responsable-510x318.png 510w, https:\/\/www.greenpeace.org\/static\/planet4-mexico-stateless\/2020\/07\/63952b1e-consumo-responsable.png 568w\"\n\t\t\t\t\t\tsizes=\"(min-width: 1000px) 358px, (min-width: 780px) 313px, 88px\"\n\t\t\t\t\t\talt=\"\" title=\"\"\n\t\t\t\t\/>\n            \t\t\t<div class=\"boxout-content\">\n\t\t\t\t\t\t\t\t\t<a\n\t\t\t\t\t\tclass=\"boxout-heading medium\"\n\t\t\t\t\t\tdata-ga-category=\"Take Action Boxout\"\n\t\t\t\t\t\tdata-ga-action=\"Title\"\n\t\t\t\t\t\tdata-ga-label=\"n\/a\"\n\t\t\t\t\t\thref=\"https:\/\/www.greenpeace.org\/mexico\/participa\/consume-menos-consume-mejor\/\"\n\t\t\t\t\t\t\n\t\t\t\t\t>\n\t\t\t\t\t\tConsume menos, consume mejor\n\t\t\t\t\t<\/a>\n\t\t\t\t\t\t\t\t\t\t\t\t\t<p class=\"boxout-excerpt\">Hoy tenemos la oportunidad de hacer frente a esta crisis y reinventar nuestro estilo de vida y el modelo actual de consumo masivo hacia uno que sea m\u00e1s sustentable, donde consumamos responsablemente, poniendo a las personas y al planeta en el centro.<\/p>\n\t\t\t\t                                    <a\n                        class=\"btn btn-primary\"\n                        data-ga-category=\"Take Action Boxout\"\n                        data-ga-action=\"Call to Action\"\n                        data-ga-label=\"n\/a\"\n                        href=\"https:\/\/www.greenpeace.org\/mexico\/participa\/consume-menos-consume-mejor\/\"\n                        \n                    >\n                        Participa\n                    <\/a>\n                \t\t\t<\/div>\n\t\t\t\t\t<\/section>\n\t","protected":false},"excerpt":{"rendered":"<p>El D\u00eda del Sobregiro del 2020 fue el 22 de agosto. Esta fecha representa que la humanidad actualmente usa un 60% m\u00e1s de recursos naturales de los que pueden renovarse. <\/p>\n","protected":false},"author":27,"featured_media":58715,"comment_status":"open","ping_status":"open","sticky":false,"template":"","format":"standard","meta":{"ep_exclude_from_search":false,"p4_og_title":"El d\u00eda que nos acabamos el mundo; d\u00eda del sobregiro","p4_og_description":"El D\u00eda del Sobregiro del 2020 fue el 22 de agosto. Esta fecha representa que la humanidad actualmente usa un 60% m\u00e1s de recursos naturales de los que pueden renovarse. ","p4_og_image":"https:\/\/www.greenpeace.org\/static\/planet4-mexico-stateless\/2025\/06\/d6dbb1da-cambio-climatico-incendios-forestales.jpg","p4_og_image_id":"58715","p4_seo_canonical_url":"","p4_campaign_name":"not set","p4_local_project":"not set","p4_basket_name":"not set","p4_department":"","footnotes":""},"categories":[39],"tags":[20,47],"p4-page-type":[14],"class_list":["post-8883","post","type-post","status-publish","format-standard","has-post-thumbnail","hentry","category-clima-y-energia","tag-consumo","tag-cambio-climatico","p4-page-type-blog"],"_links":{"self":[{"href":"https:\/\/www.greenpeace.org\/mexico\/wp-json\/wp\/v2\/posts\/8883","targetHints":{"allow":["GET"]}}],"collection":[{"href":"https:\/\/www.greenpeace.org\/mexico\/wp-json\/wp\/v2\/posts"}],"about":[{"href":"https:\/\/www.greenpeace.org\/mexico\/wp-json\/wp\/v2\/types\/post"}],"author":[{"embeddable":true,"href":"https:\/\/www.greenpeace.org\/mexico\/wp-json\/wp\/v2\/users\/27"}],"replies":[{"embeddable":true,"href":"https:\/\/www.greenpeace.org\/mexico\/wp-json\/wp\/v2\/comments?post=8883"}],"version-history":[{"count":19,"href":"https:\/\/www.greenpeace.org\/mexico\/wp-json\/wp\/v2\/posts\/8883\/revisions"}],"predecessor-version":[{"id":59022,"href":"https:\/\/www.greenpeace.org\/mexico\/wp-json\/wp\/v2\/posts\/8883\/revisions\/59022"}],"wp:featuredmedia":[{"embeddable":true,"href":"https:\/\/www.greenpeace.org\/mexico\/wp-json\/wp\/v2\/media\/58715"}],"wp:attachment":[{"href":"https:\/\/www.greenpeace.org\/mexico\/wp-json\/wp\/v2\/media?parent=8883"}],"wp:term":[{"taxonomy":"category","embeddable":true,"href":"https:\/\/www.greenpeace.org\/mexico\/wp-json\/wp\/v2\/categories?post=8883"},{"taxonomy":"post_tag","embeddable":true,"href":"https:\/\/www.greenpeace.org\/mexico\/wp-json\/wp\/v2\/tags?post=8883"},{"taxonomy":"p4-page-type","embeddable":true,"href":"https:\/\/www.greenpeace.org\/mexico\/wp-json\/wp\/v2\/p4-page-type?post=8883"}],"curies":[{"name":"wp","href":"https:\/\/api.w.org\/{rel}","templated":true}]}}