{"id":8970,"date":"2020-09-09T17:26:24","date_gmt":"2020-09-09T22:26:24","guid":{"rendered":"https:\/\/www.greenpeace.org\/mexico\/?p=8970"},"modified":"2025-07-04T21:52:18","modified_gmt":"2025-07-05T02:52:18","slug":"conceden-a-greenpeace-segunda-suspension-provisional-contra-politica-energetica-de-sener","status":"publish","type":"post","link":"https:\/\/www.greenpeace.org\/mexico\/blog\/8970\/conceden-a-greenpeace-segunda-suspension-provisional-contra-politica-energetica-de-sener\/","title":{"rendered":"Conceden a Greenpeace segunda suspensi\u00f3n provisional contra pol\u00edtica energ\u00e9tica de SENER"},"content":{"rendered":"\n<p>En<strong> Greenpeace<\/strong> consideramos un gran avance la <strong>suspensi\u00f3n provisiona<\/strong>l otorgada este d\u00eda en contra de lo establecido en el <strong>Programa Sectorial de Energ\u00eda (Prosener) <\/strong>2020-2024, ya que significa un paso adelante en la protecci\u00f3n de los derechos humanos, a la<strong> salud y al medio ambiente<\/strong>.\u00a0\u00a1Celebremos esta victoria ciudadana! Ya que la <strong>pol\u00edtica energ\u00e9tica de M\u00e9xico<\/strong> no puede desconocer los aspectos de sustentabilidad ni la <strong>Agenda 2030<\/strong>.<\/p>\n\n<p>Obtener esta segunda suspensi\u00f3n provisional es un claro mensaje de que la Secretar\u00eda de Energ\u00eda debe revisar su pol\u00edtica y dar m\u00e1s fuerza a las fuentes renovables para colocar a M\u00e9xico en una trayectoria de <strong>reducci\u00f3n de emisiones <\/strong>congruente con las metas clim\u00e1ticas, que adem\u00e1s ayuden a reducir la <strong>pobreza energ\u00e9tica<\/strong> y construir un modelo m\u00e1s justo para todas y todos, guiado por el componente de<strong> sustentabilidad <\/strong>y acorde a la <strong>Agenda 2030<\/strong>. El Estado a la par puede y debe implementar proyectos en el sector energ\u00e9tico que abonen a <strong>combatir la corrupci\u00f3n y la emergencia clim\u00e1tica <\/strong>en la que nos encontramos.<\/p>\n\n<figure class=\"wp-block-image size-large  caption-style-blue-overlay caption-alignment-center\"><img loading=\"lazy\" decoding=\"async\" width=\"1024\" height=\"683\" src=\"https:\/\/www.greenpeace.org\/static\/planet4-mexico-stateless\/2020\/05\/19870b33-fondo_humo1-1024x683.jpg\" title=\"Fotograf\u00eda en blanco y negro de una cortina de humo,\" alt=\"Fotograf\u00eda en blanco y negro de una cortina de humo,\" class=\"wp-image-8469\" srcset=\"https:\/\/www.greenpeace.org\/static\/planet4-mexico-stateless\/2020\/05\/19870b33-fondo_humo1-1024x683.jpg 1024w, https:\/\/www.greenpeace.org\/static\/planet4-mexico-stateless\/2020\/05\/19870b33-fondo_humo1-300x200.jpg 300w, https:\/\/www.greenpeace.org\/static\/planet4-mexico-stateless\/2020\/05\/19870b33-fondo_humo1-768x512.jpg 768w, https:\/\/www.greenpeace.org\/static\/planet4-mexico-stateless\/2020\/05\/19870b33-fondo_humo1-510x340.jpg 510w, https:\/\/www.greenpeace.org\/static\/planet4-mexico-stateless\/2020\/05\/19870b33-fondo_humo1.jpg 1500w\" sizes=\"auto, (max-width: 1024px) 100vw, 1024px\" \/><figcaption class=\"wp-element-caption\">Energ\u00eda sucia en M\u00e9xico<\/figcaption><\/figure>\n\n<h2 class=\"wp-block-heading\">Un llamado claro a la Secretar\u00eda de Energ\u00eda<\/h2>\n\n<p>Esta decisi\u00f3n env\u00eda una nueva se\u00f1al de atenci\u00f3n a la Secretar\u00eda de Energ\u00eda para que no dilate ni bloque la <strong>transici\u00f3n energ\u00e9tica<\/strong> hacia un modelo que incorpore a las renovables con mayor fuerza, sin descuidar el respeto a los <strong>derechos humanos<\/strong> y al <strong>medio ambiente.<\/strong>\u00a0<\/p>\n\n<p>La suspensi\u00f3n provisional fue otorgada por el <strong>juez Segundo de Distrito en Materia Administrativa, Especializado en Competencia Econ\u00f3mica, Radiodifusi\u00f3n y Telecomunicaciones<\/strong>, con sede en la capital del pa\u00eds, Juan Pablo G\u00f3mez Fierro.\u00a0<\/p>\n\n<h2 class=\"wp-block-heading\">Qu\u00e9 implica la suspensi\u00f3n otorgada por el juez<\/h2>\n\n<p>Esto significa que la <strong>Secretar\u00eda de Energ\u00eda <\/strong>y todos los organismos p\u00fablicos encargados de aplicar el contenido de este Programa, incluyendo la <strong>Comisi\u00f3n Federal de Electricidad<\/strong>, \u201cdeber\u00e1n abstenerse de cumplir los objetivos y estrategias\u201d establecidos en el referido documento, que se public\u00f3 en el <strong>Diario Oficial de la Federaci\u00f3n<\/strong> el 8 de julio pasado, hasta en tanto se tomen decisiones definitivas.<\/p>\n\n<figure class=\"wp-block-image size-large  caption-style-blue-overlay caption-alignment-center\"><img loading=\"lazy\" decoding=\"async\" width=\"1024\" height=\"683\" src=\"https:\/\/www.greenpeace.org\/static\/planet4-mexico-stateless\/2025\/06\/9ca8d8fd-combustibles-fosiles-sener-1024x683.jpg\" title=\"Greenpeace M\u00e9xico proyecta diversos mensajes sobre la planta termoel\u00e9ctrica de Tula, Hidalgo, en este se lee &quot;SENER: El combust\u00f3leo mata&quot;.\" alt=\"Greenpeace M\u00e9xico proyecta diversos mensajes sobre la planta termoel\u00e9ctrica de Tula, Hidalgo, en este se lee &quot;SENER: El combust\u00f3leo mata&quot;.\" class=\"wp-image-58810\" srcset=\"https:\/\/www.greenpeace.org\/static\/planet4-mexico-stateless\/2025\/06\/9ca8d8fd-combustibles-fosiles-sener-1024x683.jpg 1024w, https:\/\/www.greenpeace.org\/static\/planet4-mexico-stateless\/2025\/06\/9ca8d8fd-combustibles-fosiles-sener-300x200.jpg 300w, https:\/\/www.greenpeace.org\/static\/planet4-mexico-stateless\/2025\/06\/9ca8d8fd-combustibles-fosiles-sener-768x512.jpg 768w, https:\/\/www.greenpeace.org\/static\/planet4-mexico-stateless\/2025\/06\/9ca8d8fd-combustibles-fosiles-sener-510x340.jpg 510w, https:\/\/www.greenpeace.org\/static\/planet4-mexico-stateless\/2025\/06\/9ca8d8fd-combustibles-fosiles-sener.jpg 1200w\" sizes=\"auto, (max-width: 1024px) 100vw, 1024px\" \/><figcaption class=\"wp-element-caption\">Por a\u00f1os, la termoel\u00e9ctrica ha sido en M\u00e9xico la principal fuente de energ\u00eda, muy por encima de las que s\u00ed son renovables.<div class=\"credit icon-left\"> \u00a9 Greenpeace \/ Pepe Rodr\u00edguez<\/div><\/figcaption><\/figure>\n\n<p>Presentamos este amparo contra el Programa Sectorial de Energ\u00eda 2020-2024, por considerar que representa una pol\u00edtica que apuesta el desarrollo nacional al empleo de combustibles f\u00f3siles, desv\u00eda recursos p\u00fablicos para atender el cambio clim\u00e1tico, condiciona la transici\u00f3n energ\u00e9tica y el uso de energ\u00edas renovables.&nbsp;<\/p>\n\n<h2 class=\"wp-block-heading\">Una pol\u00edtica p\u00fablica contraria a derechos y sostenibilidad<\/h2>\n\n<p>Una de las razones para cuestionar el <strong>Prosener<\/strong>, fundamento de la <strong>pol\u00edtica energ\u00e9tica de este gobierno<\/strong>, es asegurar que esa pol\u00edtica p\u00fablica sea respetuosa de los derechos humanos y especialmente comprometida con las nuevas generaciones, no solo el reflejo de la visi\u00f3n presidencial del sexenio. El Prosener nos ancla al uso de <strong>combustibles f\u00f3siles<\/strong> por su alta inversi\u00f3n en <strong>infraestructura<\/strong> y omite acciones para tener acceso a las <strong>energ\u00edas renovables<\/strong> tanto por la falta impulso a proyectos de infraestructura de generaci\u00f3n el\u00e9ctrica que las aprovechen como por la ausencia de proyectos de generaci\u00f3n distribuida.<\/p>\n\n<figure class=\"wp-block-image size-large  caption-style-blue-overlay caption-alignment-center\"><img loading=\"lazy\" decoding=\"async\" width=\"1024\" height=\"683\" src=\"https:\/\/www.greenpeace.org\/static\/planet4-mexico-stateless\/2025\/06\/1fde2982-energia-solar-mujeres-1024x683.jpg\" title=\"Mujeres usando protecci\u00f3n mientras instalan un sistema solar en Derendingen.\" alt=\"Mujeres usando protecci\u00f3n mientras instalan un sistema solar en Derendingen.\" class=\"wp-image-56417\" srcset=\"https:\/\/www.greenpeace.org\/static\/planet4-mexico-stateless\/2025\/06\/1fde2982-energia-solar-mujeres-1024x683.jpg 1024w, https:\/\/www.greenpeace.org\/static\/planet4-mexico-stateless\/2025\/06\/1fde2982-energia-solar-mujeres-300x200.jpg 300w, https:\/\/www.greenpeace.org\/static\/planet4-mexico-stateless\/2025\/06\/1fde2982-energia-solar-mujeres-768x512.jpg 768w, https:\/\/www.greenpeace.org\/static\/planet4-mexico-stateless\/2025\/06\/1fde2982-energia-solar-mujeres-510x340.jpg 510w, https:\/\/www.greenpeace.org\/static\/planet4-mexico-stateless\/2025\/06\/1fde2982-energia-solar-mujeres.jpg 1200w\" sizes=\"auto, (max-width: 1024px) 100vw, 1024px\" \/><figcaption class=\"wp-element-caption\">Apostemos por renovables en M\u00e9xico<div class=\"credit icon-left\"> \u00a9 Greenpeace \/ Nicolas Fojtu<\/div><\/figcaption><\/figure>\n\n<h3 class=\"wp-block-heading\">Lo que sigue en el proceso jur\u00eddico<\/h3>\n\n<p>En tanto el juez de la causa decide sobre el fondo del asunto, quedar\u00e1 suspendido en todos sus puntos y consecuencias del Prosener 2020-2024, pero \u201cpara no generar un vac\u00edo normativo\u201d, las autoridades del sector deben aplicar temporalmente las normas que estaban vigentes antes de la publicaci\u00f3n de este programa.<\/p>\n\n<p>La demanda se bas\u00f3 en reclamar la<strong> violaci\u00f3n a los derechos humanos<\/strong> <strong>a un medio ambiente sano, a la protecci\u00f3n de la salud, al acceso a energ\u00eda el\u00e9ctrica a base de fuentes renovables y al derecho a la legalidad<\/strong>. Como parte de este mismo proceso, el impartidor de justicia estableci\u00f3 el 17 de septiembre a las 11:40 horas, como fecha y hora para una nueva audiencia incidental para decidir si mantiene la suspensi\u00f3n provisional mientras dure el juicio en el expediente principal.\u00a0<\/p>\n\n<p class=\"has-green-800-color has-text-color has-link-color wp-elements-e4bc89bd060877c1ecd5bd08e60697fa\"><strong>Di no al bloqueo de renovables en M\u00e9xico. \u00a1S\u00famate aqu\u00ed! <\/strong><\/p>\n\n<!--[if lte IE 8]>\n<script charset=\"utf-8\" type=\"text\/javascript\" src=\"\/\/js.hsforms.net\/forms\/v2-legacy.js\"><\/script>\n<![endif]-->\n<script charset=\"utf-8\" type=\"text\/javascript\" src=\"\/\/js.hsforms.net\/forms\/v2.js\"><\/script>\n<script>\n  hbspt.forms.create({\n\tportalId: \"2617486\",\n\tformId: \"32b5efe7-cecf-40ab-a269-838164adf912\",\n\tsfdcCampaignId: \"7011P0000016zUPQAY\",\n\tsubmitButtonClass: 'hs-button',\nonFormReady: function($form, ctx){\nvar paramsp4 = new window.URLSearchParams(window.location.search);\nvar utm_content = paramsp4.get('utm_content');\nif(utm_content == null) {\nvar urlp4 = window.location.href;\nvar fromGPMXBlog = urlp4.includes(\"\/blog\/\");\nif (fromGPMXBlog == true) {\nvar arrayp4 = urlp4.split(\"\/\");\nvar hs_origin = arrayp4[6];\n$('input[name=\"hs_origen__c\"]').val(hs_origin).change();\n}\n}\n}\n});\n<\/script>\n\t\t\t<section\n\t\t\tclass=\"boxout post-8448 \"\n\t\t\t\n\t\t>\n\t\t\t<a\n\t\t\t\tdata-ga-category=\"Take Action Boxout\"\n\t\t\t\tdata-ga-action=\"Image\"\n\t\t\t\tdata-ga-label=\"n\/a\"\n\t\t\t\tclass=\"cover-card-overlay\"\n\t\t\t\thref=\"https:\/\/www.greenpeace.org\/mexico\/participa\/no-al-bloqueo-de-energias-renovables-en-mexico\/\" \n\t\t\t><\/a>\n\t\t\t\t\t\t\t<img\n\t\t\t\t\t\tsrc=\"https:\/\/www.greenpeace.org\/static\/planet4-mexico-stateless\/2021\/10\/c67b6127-001-1024x638.png\"\n\t\t\t\t\t\tsrcset=\"https:\/\/www.greenpeace.org\/static\/planet4-mexico-stateless\/2021\/10\/c67b6127-001-300x187.png 300w, https:\/\/www.greenpeace.org\/static\/planet4-mexico-stateless\/2021\/10\/c67b6127-001-1024x638.png 1024w, https:\/\/www.greenpeace.org\/static\/planet4-mexico-stateless\/2021\/10\/c67b6127-001-768x479.png 768w, https:\/\/www.greenpeace.org\/static\/planet4-mexico-stateless\/2021\/10\/c67b6127-001-510x318.png 510w, https:\/\/www.greenpeace.org\/static\/planet4-mexico-stateless\/2021\/10\/c67b6127-001.png 1280w\"\n\t\t\t\t\t\tsizes=\"(min-width: 1000px) 358px, (min-width: 780px) 313px, 88px\"\n\t\t\t\t\t\talt=\"\" title=\"\"\n\t\t\t\t\/>\n            \t\t\t<div class=\"boxout-content\">\n\t\t\t\t\t\t\t\t\t<a\n\t\t\t\t\t\tclass=\"boxout-heading medium\"\n\t\t\t\t\t\tdata-ga-category=\"Take Action Boxout\"\n\t\t\t\t\t\tdata-ga-action=\"Title\"\n\t\t\t\t\t\tdata-ga-label=\"n\/a\"\n\t\t\t\t\t\thref=\"https:\/\/www.greenpeace.org\/mexico\/participa\/no-al-bloqueo-de-energias-renovables-en-mexico\/\"\n\t\t\t\t\t\t\n\t\t\t\t\t>\n\t\t\t\t\t\t\u00a1No m\u00e1s combustibles f\u00f3siles!\n\t\t\t\t\t<\/a>\n\t\t\t\t\t\t\t\t\t\t\t\t\t<p class=\"boxout-excerpt\">Que no se prioricen combustibles f\u00f3siles altamente contaminantes como el combust\u00f3leo, el carb\u00f3n y el gas natural para producir la energ\u00eda que necesitamos, sobre fuentes renovables que son m\u00e1s baratas y ayudan a combatir el cambio clim\u00e1tico.<\/p>\n\t\t\t\t                                    <a\n                        class=\"btn btn-primary\"\n                        data-ga-category=\"Take Action Boxout\"\n                        data-ga-action=\"Call to Action\"\n                        data-ga-label=\"n\/a\"\n                        href=\"https:\/\/www.greenpeace.org\/mexico\/participa\/no-al-bloqueo-de-energias-renovables-en-mexico\/\"\n                        \n                    >\n                        Participa\n                    <\/a>\n                \t\t\t<\/div>\n\t\t\t\t\t<\/section>\n\t","protected":false},"excerpt":{"rendered":"<p>La suspensi\u00f3n al Prosener frena la pol\u00edtica energ\u00e9tica de SENER y defiende el derecho a un medio ambiente sano y energ\u00edas limpias en M\u00e9xico.<\/p>\n","protected":false},"author":21,"featured_media":58998,"comment_status":"open","ping_status":"open","sticky":false,"template":"","format":"standard","meta":{"ep_exclude_from_search":false,"p4_og_title":"Conceden a Greenpeace segunda suspensi\u00f3n provisional contra pol\u00edtica energ\u00e9tica de SENER","p4_og_description":"La suspensi\u00f3n al Prosener frena la pol\u00edtica energ\u00e9tica de SENER y defiende el derecho a un medio ambiente sano y energ\u00edas limpias en M\u00e9xico.","p4_og_image":"https:\/\/www.greenpeace.org\/static\/planet4-mexico-stateless\/2025\/07\/3720844c-comustoleo-combustibles-fosiles-energia.jpg","p4_og_image_id":"58998","p4_seo_canonical_url":"","p4_campaign_name":"not set","p4_local_project":"not set","p4_basket_name":"not set","p4_department":"","footnotes":""},"categories":[39],"tags":[47,51],"p4-page-type":[14],"class_list":["post-8970","post","type-post","status-publish","format-standard","has-post-thumbnail","hentry","category-clima-y-energia","tag-cambio-climatico","tag-combustibles-fosiles","p4-page-type-blog"],"_links":{"self":[{"href":"https:\/\/www.greenpeace.org\/mexico\/wp-json\/wp\/v2\/posts\/8970","targetHints":{"allow":["GET"]}}],"collection":[{"href":"https:\/\/www.greenpeace.org\/mexico\/wp-json\/wp\/v2\/posts"}],"about":[{"href":"https:\/\/www.greenpeace.org\/mexico\/wp-json\/wp\/v2\/types\/post"}],"author":[{"embeddable":true,"href":"https:\/\/www.greenpeace.org\/mexico\/wp-json\/wp\/v2\/users\/21"}],"replies":[{"embeddable":true,"href":"https:\/\/www.greenpeace.org\/mexico\/wp-json\/wp\/v2\/comments?post=8970"}],"version-history":[{"count":6,"href":"https:\/\/www.greenpeace.org\/mexico\/wp-json\/wp\/v2\/posts\/8970\/revisions"}],"predecessor-version":[{"id":58999,"href":"https:\/\/www.greenpeace.org\/mexico\/wp-json\/wp\/v2\/posts\/8970\/revisions\/58999"}],"wp:featuredmedia":[{"embeddable":true,"href":"https:\/\/www.greenpeace.org\/mexico\/wp-json\/wp\/v2\/media\/58998"}],"wp:attachment":[{"href":"https:\/\/www.greenpeace.org\/mexico\/wp-json\/wp\/v2\/media?parent=8970"}],"wp:term":[{"taxonomy":"category","embeddable":true,"href":"https:\/\/www.greenpeace.org\/mexico\/wp-json\/wp\/v2\/categories?post=8970"},{"taxonomy":"post_tag","embeddable":true,"href":"https:\/\/www.greenpeace.org\/mexico\/wp-json\/wp\/v2\/tags?post=8970"},{"taxonomy":"p4-page-type","embeddable":true,"href":"https:\/\/www.greenpeace.org\/mexico\/wp-json\/wp\/v2\/p4-page-type?post=8970"}],"curies":[{"name":"wp","href":"https:\/\/api.w.org\/{rel}","templated":true}]}}