{"id":9099,"date":"2020-10-15T17:46:44","date_gmt":"2020-10-15T22:46:44","guid":{"rendered":"https:\/\/www.greenpeace.org\/mexico\/?p=9099"},"modified":"2025-06-30T02:52:34","modified_gmt":"2025-06-30T07:52:34","slug":"necesitamos-un-decreto-presidencial-que-prohiba-los-transgenicos-y-el-glifosato","status":"publish","type":"post","link":"https:\/\/www.greenpeace.org\/mexico\/blog\/9099\/necesitamos-un-decreto-presidencial-que-prohiba-los-transgenicos-y-el-glifosato\/","title":{"rendered":"Necesitamos un decreto presidencial que proh\u00edba los transg\u00e9nicos y el glifosato"},"content":{"rendered":"\n<p>El glifosato es un producto qu\u00edmico que elimina plantas no deseadas, es decir, es un herbicida; de hecho, es el herbicida m\u00e1s utilizado en todo el mundo. Sin embargo, se ha encontrado evidencia cient\u00edfica que demuestra que el glifosato no es un producto benigno, al contrario, pone en peligro el medio ambiente y la salud humana.&nbsp;<\/p>\n\n<p>El glifosato ha sido considerado por la Organizaci\u00f3n Mundial de la Salud (OMS) como probable carcin\u00f3geno en humanos y est\u00e1 asociado a una amplia variedad de efectos da\u00f1inos a la salud y a la diversidad biol\u00f3gica, reportados en una amplia literatura cient\u00edfica.<\/p>\n\n<p>En M\u00e9xico, colectivos, campesinas, campesinos, cient\u00edficas, cient\u00edficos, artistas&nbsp; y organizaciones civiles a favor del medio ambiente y los Derechos Humanos han exigido al gobierno que investigue y proh\u00edba el uso de transg\u00e9nicos, as\u00ed como de distintos herbicidas, entre ellos el glifosato.<\/p>\n\n<figure class=\"wp-block-image size-large is-resized  caption-style-medium caption-alignment-center\"><img loading=\"lazy\" decoding=\"async\" width=\"1024\" height=\"683\" src=\"https:\/\/www.greenpeace.org\/static\/planet4-mexico-stateless\/2025\/06\/ae8729f1-glifosato-agricultura-1024x683.jpg\" title=\"Activistas de Greenpeace, vestidos con trajes de protecci\u00f3n contra materiales peligrosos, protestan contra el uso de glifosato.\" alt=\"Activistas de Greenpeace, vestidos con trajes de protecci\u00f3n contra materiales peligrosos, protestan contra el uso de glifosato.\" class=\"wp-image-58692\" style=\"width:928px;height:618px\" srcset=\"https:\/\/www.greenpeace.org\/static\/planet4-mexico-stateless\/2025\/06\/ae8729f1-glifosato-agricultura-1024x683.jpg 1024w, https:\/\/www.greenpeace.org\/static\/planet4-mexico-stateless\/2025\/06\/ae8729f1-glifosato-agricultura-300x200.jpg 300w, https:\/\/www.greenpeace.org\/static\/planet4-mexico-stateless\/2025\/06\/ae8729f1-glifosato-agricultura-768x512.jpg 768w, https:\/\/www.greenpeace.org\/static\/planet4-mexico-stateless\/2025\/06\/ae8729f1-glifosato-agricultura-510x340.jpg 510w, https:\/\/www.greenpeace.org\/static\/planet4-mexico-stateless\/2025\/06\/ae8729f1-glifosato-agricultura.jpg 1200w\" sizes=\"auto, (max-width: 1024px) 100vw, 1024px\" \/><\/figure>\n\n<p>En el caso de los transg\u00e9nicos, las y los campesinos, los pueblos ind\u00edgenas y organizaciones como Greenpeace han luchado hasta por m\u00e1s de 20 a\u00f1os para evitar que las empresas transnacionales introduzcan transg\u00e9nicos a la tierra y a nuestros alimentos. Los transg\u00e9nicos son utilizados principalmente por la agricultura industrial, \u00e9sta \u00faltima utiliza m\u00e1s del 75% de la tierra agr\u00edcola del mundo y es una de las principales fuentes de emisiones de gases de efecto invernadero (GEI), de acuerdo con el informe <a href=\"https:\/\/www.etcgroup.org\/sites\/www.etcgroup.org\/files\/files\/etc-quiennosalimentara-2017-es.pdf\" target=\"_blank\" rel=\"noreferrer noopener\">\u00bfQui\u00e9n nos alimentar\u00e1?<\/a>.\u00a0<\/p>\n\n<p>En agosto pasado, la Secretar\u00eda de Agricultura y Desarrollo Rural (Sader) present\u00f3 un anteproyecto de decreto Presidencial para programar y coordinar estudios t\u00e9cnicos necesarios para determinar la seguridad del glifosato.<\/p>\n\n<p>No obstante, este anteproyecto de decreto fue criticado por las organizaciones civiles, quienes aseguraron que impon\u00eda \u201cintereses industriales a costa de potenciales da\u00f1os a la poblaci\u00f3n y al medio ambiente\u201d.<\/p>\n\n<p>Incluso el 4 de agosto, despu\u00e9s de la publicaci\u00f3n del anteproyecto de decreto en la Comisi\u00f3n Nacional de Mejora Regulatoria (CONAMER), la Secretar\u00eda de Medio Ambiente y Recursos Naturales (Semarnat) exigi\u00f3 una disculpa p\u00fablica a la Sader por haber utilizado, sin su consentimiento, el nombre de su titular, V\u00edctor Manuel Toledo, en ese anteproyecto de decreto presidencial. V\u00edctorToledo dijo que ese decreto \u201cno s\u00f3lo no refleja, sino que contradice las instrucciones dadas por el Presidente de la Rep\u00fablica\u201d.&nbsp;<\/p>\n\n<p>Esta situaci\u00f3n evidenci\u00f3 que el anteproyecto no ha sido dialogado entre las dependencias federales involucradas; tambi\u00e9n demuestra la posici\u00f3n del titular de la Sader, V\u00edctor Manuel Villalobos, a favor del uso del paquete tecnol\u00f3gico empleado en la agricultura industrial y en detrimento del medio ambiente.<\/p>\n\n<figure class=\"wp-block-image size-large  caption-style-medium caption-alignment-center\"><img loading=\"lazy\" decoding=\"async\" width=\"1024\" height=\"683\" src=\"https:\/\/www.greenpeace.org\/static\/planet4-mexico-stateless\/2025\/04\/2f695f73-alto-maiz-transgenico-mexico-1024x683.jpg\" title=\"Activistas de Greenpeace en un puente ferroviario sostienen un cartel que dice &quot;Alto al ma\u00edz transg\u00e9nico&quot;\" alt=\"Activistas de Greenpeace en un puente ferroviario sostienen un cartel que dice &quot;Alto al ma\u00edz transg\u00e9nico&quot;\" class=\"wp-image-55488\" srcset=\"https:\/\/www.greenpeace.org\/static\/planet4-mexico-stateless\/2025\/04\/2f695f73-alto-maiz-transgenico-mexico-1024x683.jpg 1024w, https:\/\/www.greenpeace.org\/static\/planet4-mexico-stateless\/2025\/04\/2f695f73-alto-maiz-transgenico-mexico-300x200.jpg 300w, https:\/\/www.greenpeace.org\/static\/planet4-mexico-stateless\/2025\/04\/2f695f73-alto-maiz-transgenico-mexico-768x512.jpg 768w, https:\/\/www.greenpeace.org\/static\/planet4-mexico-stateless\/2025\/04\/2f695f73-alto-maiz-transgenico-mexico-510x340.jpg 510w, https:\/\/www.greenpeace.org\/static\/planet4-mexico-stateless\/2025\/04\/2f695f73-alto-maiz-transgenico-mexico.jpg 1200w\" sizes=\"auto, (max-width: 1024px) 100vw, 1024px\" \/><figcaption class=\"wp-element-caption\">Greenpeace intercepta un tren cargado de ma\u00edz estadounidense cuando intentaba entrar en M\u00e9xico.<\/figcaption><\/figure>\n\n<p>Por tal motivo, Greenpeace ha se\u00f1alado que el titular de la Sader, V\u00edctor Manuel Villalobos Ar\u00e1mbula, ha actuado como un arduo promotor de los agrot\u00f3xicos, los monocultivos y los transg\u00e9nicos por pasar por alto los da\u00f1os potenciales del glifosato en el medio ambiente y la salud de las personas. Su postura favorece a la agroindustria, representada por las compa\u00f1\u00edas Bayer-Monsanto, Dow-Dupont, Syngenta-ChemChina que dominan el 65 por ciento de las ventas mundiales de agroqu\u00edmicos y el 61 por ciento del mercado de semillas.<\/p>\n\n<p><strong>Lo que es m\u00e1s grave: la posici\u00f3n personal de un funcionario, con intereses particulares, que est\u00e1 obstaculizando la publicaci\u00f3n de un decreto presidencial que podr\u00eda marcar la diferencia en la protecci\u00f3n de la vida, la biodiversidad y la agrobiodiversidad mexicana.&nbsp;<\/strong><\/p>\n\n<p>Desde Greenpeace consideramos urgente que se proh\u00edba el uso de transg\u00e9nicos as\u00ed como el uso del glifosato para el 2024,&nbsp; y se transite hacia una agricultura ecol\u00f3gica, para asegurar la salud humana y medio ambiental. La prohibici\u00f3n de glifosato para 2024 ayudar\u00eda a dar cumplimiento a la Recomendaci\u00f3n 82\/2018 emitida por la Comisi\u00f3n Nacional de los Derechos Humanos (CNDH) en enero de 2094 y promovida por Greenpeace junto con m\u00e1s de 40 personas.&nbsp;<\/p>\n\n<p>La Presidencia de M\u00e9xico tiene la obligaci\u00f3n y la oportunidad de garantizar la m\u00e1xima protecci\u00f3n a los derechos humanos a la salud y a un medio ambiente sano, a trav\u00e9s de la transici\u00f3n agroecol\u00f3gica y una pol\u00edtica de fortalecimiento de la soberan\u00eda y autonom\u00eda alimentaria. \u00bfCu\u00e1nto m\u00e1s tiene que esperar nuestro pa\u00eds para que esto sea una realidad?<\/p>\n\n<p class=\"has-green-800-color has-text-color has-link-color wp-elements-b9ab225ed130c5f61bd03a32a3370f82\"><strong>\u00bfQuieres hacer m\u00e1s por el planeta y luchar por la soberan\u00eda alimentaria? \u00danete aqu\u00ed. <\/strong><\/p>\n\n<!--[if lte IE 8]>\n<script charset=\"utf-8\" type=\"text\/javascript\" src=\"\/\/js.hsforms.net\/forms\/v2-legacy.js\"><\/script>\n<![endif]-->\n<script charset=\"utf-8\" type=\"text\/javascript\" src=\"\/\/js.hsforms.net\/forms\/v2.js\"><\/script>\n<script>\n\thbspt.forms.create({\n\t\tportalId: \"2617486\",\n\t\tformId: \"2a640cfd-58f7-422d-936f-f6c0825f3e8b\",\n\t\tsfdcCampaignId: \"7011P00000170oTQAQ\",\n\t\tsubmitButtonClass: 'hs-button',\n\t\tonFormReady: function($form, ctx){\n\t\tvar paramsp4 = new window.URLSearchParams(window.location.search);\n\t\tvar utm_content = paramsp4.get('utm_content');\n\t\tif(utm_content == null) {\n\t\t\tvar urlp4 = window.location.href;\n\t\t\tvar fromGPMXBlog = urlp4.includes(\"\/blog\/\");\n\t\t\tif (fromGPMXBlog == true) {\n\t\t\t\tvar arrayp4 = urlp4.split(\"\/\");\n\t\t\t\tvar hs_origin = arrayp4[6];\n\t\t\t\t$('input[name=\"hs_origen__c\"]').val(hs_origin).change();\n\t\t\t}\n\t\t}\n\t}\n});\n<\/script>\n<div class=\"EmptyMessage\">Block content is empty. Check the block&#8217;s settings or remove it.<\/div>","protected":false},"excerpt":{"rendered":"<p>Urge un decreto presidencial que proh\u00edba transg\u00e9nicos y glifosato en M\u00e9xico para proteger la salud, el ambiente y la soberan\u00eda alimentaria.<\/p>\n","protected":false},"author":21,"featured_media":56863,"comment_status":"open","ping_status":"open","sticky":false,"template":"","format":"standard","meta":{"ep_exclude_from_search":false,"p4_og_title":"Necesitamos un decreto presidencial que proh\u00edba los transg\u00e9nicos y el glifosato","p4_og_description":"Urge un decreto presidencial que proh\u00edba transg\u00e9nicos y glifosato en M\u00e9xico para proteger la salud, el ambiente y la soberan\u00eda alimentaria.","p4_og_image":"https:\/\/www.greenpeace.org\/static\/planet4-mexico-stateless\/2025\/06\/139d62d6-soberania-alimentaria-transgenicos.png","p4_og_image_id":"56863","p4_seo_canonical_url":"","p4_campaign_name":"not set","p4_local_project":"not set","p4_basket_name":"not set","p4_department":"","footnotes":""},"categories":[46],"tags":[48,55],"p4-page-type":[14],"class_list":["post-9099","post","type-post","status-publish","format-standard","has-post-thumbnail","hentry","category-por-definir","tag-salud","tag-agricultura","p4-page-type-blog"],"_links":{"self":[{"href":"https:\/\/www.greenpeace.org\/mexico\/wp-json\/wp\/v2\/posts\/9099","targetHints":{"allow":["GET"]}}],"collection":[{"href":"https:\/\/www.greenpeace.org\/mexico\/wp-json\/wp\/v2\/posts"}],"about":[{"href":"https:\/\/www.greenpeace.org\/mexico\/wp-json\/wp\/v2\/types\/post"}],"author":[{"embeddable":true,"href":"https:\/\/www.greenpeace.org\/mexico\/wp-json\/wp\/v2\/users\/21"}],"replies":[{"embeddable":true,"href":"https:\/\/www.greenpeace.org\/mexico\/wp-json\/wp\/v2\/comments?post=9099"}],"version-history":[{"count":3,"href":"https:\/\/www.greenpeace.org\/mexico\/wp-json\/wp\/v2\/posts\/9099\/revisions"}],"predecessor-version":[{"id":58868,"href":"https:\/\/www.greenpeace.org\/mexico\/wp-json\/wp\/v2\/posts\/9099\/revisions\/58868"}],"wp:featuredmedia":[{"embeddable":true,"href":"https:\/\/www.greenpeace.org\/mexico\/wp-json\/wp\/v2\/media\/56863"}],"wp:attachment":[{"href":"https:\/\/www.greenpeace.org\/mexico\/wp-json\/wp\/v2\/media?parent=9099"}],"wp:term":[{"taxonomy":"category","embeddable":true,"href":"https:\/\/www.greenpeace.org\/mexico\/wp-json\/wp\/v2\/categories?post=9099"},{"taxonomy":"post_tag","embeddable":true,"href":"https:\/\/www.greenpeace.org\/mexico\/wp-json\/wp\/v2\/tags?post=9099"},{"taxonomy":"p4-page-type","embeddable":true,"href":"https:\/\/www.greenpeace.org\/mexico\/wp-json\/wp\/v2\/p4-page-type?post=9099"}],"curies":[{"name":"wp","href":"https:\/\/api.w.org\/{rel}","templated":true}]}}