{"id":917,"date":"2018-07-23T00:00:00","date_gmt":"2018-07-23T05:00:00","guid":{"rendered":"https:\/\/www.greenpeace.org\/mexico\/blog\/917\/contaminacion-del-aire-factor-de-riesgo-para-la-salud-de-ninas-ninos-y-adolescentes-en-mexico\/"},"modified":"2025-08-27T01:02:22","modified_gmt":"2025-08-27T06:02:22","slug":"contaminacion-del-aire-factor-de-riesgo-para-la-salud-de-ninas-ninos-y-adolescentes-en-mexico","status":"publish","type":"post","link":"https:\/\/www.greenpeace.org\/mexico\/informacion-prensa\/917\/contaminacion-del-aire-factor-de-riesgo-para-la-salud-de-ninas-ninos-y-adolescentes-en-mexico\/","title":{"rendered":"Contaminaci\u00f3n del aire, factor de riesgo para la salud de ni\u00f1as, ni\u00f1os y adolescentes en M\u00e9xico"},"content":{"rendered":"<h3 class=\"leader\"><span style=\"color: #339966;\">Nuevo informe de Greenpeace M\u00e9xico y REDIM evidencia que cada a\u00f1o mueren mil 680 ni\u00f1as, ni\u00f1os y adolescentes menores de cinco a\u00f1os por contaminaci\u00f3n del aire<\/span><\/h3>\n<div><\/div>\n<div>\n<ul>\n<li>Gobiernos ignoran recomendaciones para mejorar informaci\u00f3n y regulaciones que garanticen derechos a la salud y al ambiente sano para la infancia<\/li>\n<li>Juzgado administrativo niega acceso a la justicia a ni\u00f1as y ni\u00f1os que exigen homologar normas oficiales mexicanas a est\u00e1ndares internacionales<\/li>\n<\/ul>\n<p>Ciudad de M\u00e9xico, 23 de julio 2018.- \u00a0En M\u00e9xico mueren cada a\u00f1o al menos mil 680 ni\u00f1as y ni\u00f1os menores de 5 a\u00f1os de edad por enfermedades relacionadas con la mala calidad del aire, revel\u00f3 el informe\u00a0<em>No apto para pulmones peque\u00f1os. Diagn\u00f3stico de calidad del aire y el derecho de ni\u00f1as, ni\u00f1os y adolescentes al aire limpio,\u00a0<\/em>presentado hoy por Greenpeace y la Red por los Derechos de la Infancia en M\u00e9xico (REDIM).<\/p>\n<p>En este documento, ambas organizaciones de la sociedad civil, con el apoyo de personas investigadoras del Instituto Nacional de Salud P\u00fablica, dieron a conocer que el n\u00famero de muertes atribuibles a la contaminaci\u00f3n del aire en M\u00e9xico se ha incrementado casi 60 por ciento entre 1990 y 2015, debido a las altas concentraciones de contaminantes, la gran mayor\u00eda vinculadas con el uso de transportes contaminantes como el autom\u00f3vil.<\/p>\n<p>El riesgo a la salud es peor para ni\u00f1as y ni\u00f1os. S\u00f3lo en 2016 -\u00faltimo del que se tiene registro- las muertes de personas menores de 0 a 4 a\u00f1os representaron 53.4 por ciento del total de muertes por asma en menores de 18 a\u00f1os. En ese a\u00f1o tambi\u00e9n se registraron mil 902 muertes por infecci\u00f3n respiratoria aguda de ni\u00f1as, ni\u00f1os y adolescentes.<\/p>\n<p>En 2013, la REDIM public\u00f3 un primer informe sobre este tema en el que alert\u00f3 sobre la urgencia de generar, y homologar en todo el pa\u00eds, pol\u00edticas p\u00fablicas dirigidas a mejorar los sistemas de informaci\u00f3n de los efectos de la calidad del aire en los derechos de las ni\u00f1as, ni\u00f1os y adolescentes, as\u00ed como en las regulaciones para hacer frente a la contaminaci\u00f3n atmosf\u00e9rica en M\u00e9xico.<\/p>\n<p>Sin embargo, seg\u00fan revela este nuevo reporte, lejos de atender la problem\u00e1tica, el gobierno federal y los gobiernos locales avanzaron a cuenta gotas o, en la mayor\u00eda de los casos, ignoraron las recomendaciones. Por ejemplo, no actualizaron las Normas Oficiales mexicanas que regulan los l\u00edmites m\u00e1ximos permisibles de emisiones contaminantes y la calidad de los combustibles, ni las de salud ambiental para homologarlas con los est\u00e1ndares que propone la Organizaci\u00f3n Mundial de la Salud (OMS).<\/p>\n<p>Tampoco hicieron lo suficiente para formar a ni\u00f1as y ni\u00f1os sobre las implicaciones y\u00a0 riesgos de la mala calidad del aire; o crear un andamiaje institucional en las entidades que atienda este problema. Otras deudas son el fortalecimiento del monitoreo de la calidad del aire en varias ciudades del pa\u00eds; el cruce entre esta informaci\u00f3n y la de salud p\u00fablica para hacer an\u00e1lisis; as\u00ed como la implementaci\u00f3n de sistemas integrales de transporte p\u00fablico, y la promoci\u00f3n de sistemas alternativos de transporte no motorizado.<\/p>\n<p>Desde la publicaci\u00f3n del primer reporte, casi 85 mil personas han muerto de forma prematura en M\u00e9xico debido a la contaminaci\u00f3n del aire. Todas estas muertes ser\u00edan evitables si se cumplieran las recomendaciones de la OMS y otros mandatos internacionales.<\/p>\n<p>Al presentar hoy los nuevos resultados, Greenpeace y REDIM advirtieron que la contaminaci\u00f3n del aire es uno de los riesgos m\u00e1s fatales para la salud, por lo que hicieron un llamado urgente para que la Comisi\u00f3n Federal para la Protecci\u00f3n contra Riesgos Sanitarios (Cofepris) cumpla su obligaci\u00f3n de ajustar las normas oficiales mexicanas para garantizar los derechos de la infancia.<\/p>\n<p>A pesar de haberse promovido dos juicios de Amparo, uno de ellos por un grupo de ni\u00f1as y ni\u00f1os, acompa\u00f1ados por Greenpeace, para que Cofepris actualice las normas de salud, la inacci\u00f3n de esta autoridad ha sido secundada por los Juzgados Cuarto y Sexto de Distrito en Materia Administrativa en la Ciudad de M\u00e9xico, acorde a las sentencias que dictaron el pasado 12 de julio. Ante ello, se presentar\u00e1n recursos de revisi\u00f3n para que los Tribunales Colegiados de Circuito resuelvan en definitiva, con la posibilidad de que soliciten a la Suprema Corte de Justicia de la Naci\u00f3n que intervenga para atraer uno de estos casos, dada su relevancia a nivel nacional.<\/p>\n<p>Las organizaciones observan con preocupaci\u00f3n que mientras el Juzgado dilata el acceso a la justicia para las y los ni\u00f1os a trav\u00e9s de esta sentencia, cada d\u00eda que pasa 50 personas de todas las edades mueren por padecimientos vinculados a la mala calidad del aire.<\/p>\n<p><a title=\"reporte ejecutivo\" href=\"http:\/\/www-dev.greenpeace.org\/mexico\/es\/Footer\/Descargas\/reports\/2018\/No-apto-para-pulmones-pequenos\/\" target=\"_top\" rel=\"noopener noreferrer\">Descarga el reporte ejecutivo.<\/a><\/p>\n<\/div>\n","protected":false},"excerpt":{"rendered":"<p>Cada a\u00f1o, mueren mil 680 ni\u00f1as y ni\u00f1os en M\u00e9xico por contaminaci\u00f3n del aire. Greenpeace y REDIM exigen cambios urgentes para proteger su salud.<\/p>\n","protected":false},"author":29,"featured_media":529,"comment_status":"open","ping_status":"open","sticky":false,"template":"","format":"standard","meta":{"ep_exclude_from_search":false,"p4_og_title":"Contaminaci\u00f3n del aire, factor de riesgo para la salud de ni\u00f1as, ni\u00f1os y adolescentes en M\u00e9xico","p4_og_description":"Cada a\u00f1o, mueren mil 680 ni\u00f1as y ni\u00f1os en M\u00e9xico por contaminaci\u00f3n del aire. Greenpeace y REDIM exigen cambios urgentes para proteger su salud.","p4_og_image":"https:\/\/www.greenpeace.org\/static\/planet4-mexico-stateless\/2018\/10\/34997a94-gp0strhwn.jpg","p4_og_image_id":"529","p4_seo_canonical_url":"","p4_campaign_name":"","p4_local_project":"","p4_basket_name":"","p4_department":"","footnotes":""},"categories":[39],"tags":[7,48],"p4-page-type":[16],"class_list":["post-917","post","type-post","status-publish","format-standard","has-post-thumbnail","hentry","category-clima-y-energia","tag-transporte","tag-salud","p4-page-type-informacion-prensa"],"_links":{"self":[{"href":"https:\/\/www.greenpeace.org\/mexico\/wp-json\/wp\/v2\/posts\/917","targetHints":{"allow":["GET"]}}],"collection":[{"href":"https:\/\/www.greenpeace.org\/mexico\/wp-json\/wp\/v2\/posts"}],"about":[{"href":"https:\/\/www.greenpeace.org\/mexico\/wp-json\/wp\/v2\/types\/post"}],"author":[{"embeddable":true,"href":"https:\/\/www.greenpeace.org\/mexico\/wp-json\/wp\/v2\/users\/29"}],"replies":[{"embeddable":true,"href":"https:\/\/www.greenpeace.org\/mexico\/wp-json\/wp\/v2\/comments?post=917"}],"version-history":[{"count":6,"href":"https:\/\/www.greenpeace.org\/mexico\/wp-json\/wp\/v2\/posts\/917\/revisions"}],"predecessor-version":[{"id":58571,"href":"https:\/\/www.greenpeace.org\/mexico\/wp-json\/wp\/v2\/posts\/917\/revisions\/58571"}],"wp:featuredmedia":[{"embeddable":true,"href":"https:\/\/www.greenpeace.org\/mexico\/wp-json\/wp\/v2\/media\/529"}],"wp:attachment":[{"href":"https:\/\/www.greenpeace.org\/mexico\/wp-json\/wp\/v2\/media?parent=917"}],"wp:term":[{"taxonomy":"category","embeddable":true,"href":"https:\/\/www.greenpeace.org\/mexico\/wp-json\/wp\/v2\/categories?post=917"},{"taxonomy":"post_tag","embeddable":true,"href":"https:\/\/www.greenpeace.org\/mexico\/wp-json\/wp\/v2\/tags?post=917"},{"taxonomy":"p4-page-type","embeddable":true,"href":"https:\/\/www.greenpeace.org\/mexico\/wp-json\/wp\/v2\/p4-page-type?post=917"}],"curies":[{"name":"wp","href":"https:\/\/api.w.org\/{rel}","templated":true}]}}