{"id":9179,"date":"2020-11-13T20:53:59","date_gmt":"2020-11-14T01:53:59","guid":{"rendered":"https:\/\/www.greenpeace.org\/mexico\/?p=9179"},"modified":"2025-06-30T00:09:04","modified_gmt":"2025-06-30T05:09:04","slug":"que-es-un-decreto-presidencial-y-por-que-es-importante-para-el-tema-de-glifosato-y-transgenicos","status":"publish","type":"post","link":"https:\/\/www.greenpeace.org\/mexico\/blog\/9179\/que-es-un-decreto-presidencial-y-por-que-es-importante-para-el-tema-de-glifosato-y-transgenicos\/","title":{"rendered":"\u00bfQu\u00e9 es un decreto presidencial y por qu\u00e9 es importante para el tema de glifosato y transg\u00e9nicos?"},"content":{"rendered":"\n<p>La informaci\u00f3n clara es clave para la toma de decisiones y la acci\u00f3n ciudadana a favor de nuestros derechos, por eso queremos explicarte con claridad y detalles en qu\u00e9 consiste el actual debate sobre el decreto presidencial de glifosato y ma\u00edz transg\u00e9nico y por qu\u00e9 deber\u00eda importarnos.<\/p>\n\n<h2 class=\"wp-block-heading\"><strong>Primero. \u00bfQu\u00e9 es un decreto y cu\u00e1l es su relevancia?<\/strong><\/h2>\n\n<p>Un decreto es un documento oficial que emiten las autoridades de gobierno para ordenar, indicar, describir, resolver o establecer acciones y medidas con respecto a un tema de importancia p\u00fablica.&nbsp; Por definici\u00f3n son disposiciones legislativas que se aplican a casos muy concretos y que pueden tener vigencia s\u00f3lo durante cierto tiempo y dentro de un espacio espec\u00edfico.&nbsp;&nbsp;<\/p>\n\n<p>Aunque, el Poder Legislativo es el que da origen a las leyes, existen casos de excepci\u00f3n contemplados en la Constituci\u00f3n que le dan al Poder Ejecutivo facultades extraordinarias para legislar en casos extraordinarios que exigir\u00e1n soluciones urgentes. En un caso concreto, la Constituci\u00f3n autoriza al presidente a poner normas que todos deben acatar. Este tipo de normas que impone el presidente -sin que el Congreso de la Uni\u00f3n legisle previamente- llevan por nombre decretos.<\/p>\n\n<figure class=\"wp-block-image size-full  caption-style-medium caption-alignment-center\"><img loading=\"lazy\" decoding=\"async\" width=\"1024\" height=\"683\" src=\"https:\/\/www.greenpeace.org\/static\/planet4-mexico-stateless\/2025\/06\/eecf4047-transgenicos-mexico-activismo.jpg\" title=\"Toma a\u00e9rea de una manta gigante sobre un campo, en ella se lee &quot;Por la soberan\u00eda alimentaria #MexicoSinTransgenicos&quot;\" alt=\"Toma a\u00e9rea de una manta gigante sobre un campo, en ella se lee &quot;Por la soberan\u00eda alimentaria #MexicoSinTransgenicos&quot;\" class=\"wp-image-58823\" srcset=\"https:\/\/www.greenpeace.org\/static\/planet4-mexico-stateless\/2025\/06\/eecf4047-transgenicos-mexico-activismo.jpg 1024w, https:\/\/www.greenpeace.org\/static\/planet4-mexico-stateless\/2025\/06\/eecf4047-transgenicos-mexico-activismo-300x200.jpg 300w, https:\/\/www.greenpeace.org\/static\/planet4-mexico-stateless\/2025\/06\/eecf4047-transgenicos-mexico-activismo-768x512.jpg 768w, https:\/\/www.greenpeace.org\/static\/planet4-mexico-stateless\/2025\/06\/eecf4047-transgenicos-mexico-activismo-510x340.jpg 510w\" sizes=\"auto, (max-width: 1024px) 100vw, 1024px\" \/><figcaption class=\"wp-element-caption\">M\u00e9xico sin transg\u00e9nicos<\/figcaption><\/figure>\n\n<h2 class=\"wp-block-heading\"><strong>\u00bfQu\u00e9 decreto est\u00e1 en debate?<\/strong><\/h2>\n\n<p>El 23 de octubre del presente a\u00f1o fue publicada una propuesta de decreto presidencial sobre glifosato y ma\u00edz transg\u00e9nico en la plataforma CONAMER. Este decreto est\u00e1 relacionada con la regulaci\u00f3n del glifosato, que es el herbicidas m\u00e1s utilizados en el mundo, que ha sido catalogado por la Organizaci\u00f3n Mundial de la Salud como \u201cprobablemente cancer\u00edgeno\u201d y est\u00e1 asociado a una amplia variedad de efectos da\u00f1inos a la salud y a la diversidad biol\u00f3gica.<\/p>\n\n<p>Este Decreto en particular fue elaborado por el titular de la Secretar\u00eda de Agricultura y Desarrollo Rural (SADER), V\u00edctor Villalobos, y el Consejero Jur\u00eddico de Presidencia, Julio Scherer en nombre del Presidente Constitucional. Posteriormente la SADER public\u00f3 en la Comisi\u00f3n de Mejora Regulatoria (CONAMER) y dispuesto a consulta p\u00fablica en su plataforma.<\/p>\n\n<p>Dicha propuesta es id\u00e9ntica a la que ha sido publicada en dos ocasiones previas, ante la misma dependencia y esta propuesta s\u00f3lo menciona que las instituciones involucradas deber\u00e1n realizar m\u00e1s investigaciones en torno a la \u201cseguridad\u201d del glifosato, en lugar de mencionar su prohibici\u00f3n hacia 2024 y la prohibici\u00f3n del ma\u00edz transg\u00e9nico en el territorio nacional. A\u00fan cuando ya se han comprobado en diversas investigaciones cient\u00edficas los resultados alarmantes sobre las afectaciones a la salud de las personas y al medio ambiente del glifosato y los transg\u00e9nicos.<\/p>\n\n<p>La primera vez que se public\u00f3 una propuesta&nbsp; de decreto igual a la actual en la CONAMER, fue en el mes de junio y la segunda en el mes de agosto, en ambas ocasiones la propuesta se di\u00f3 de baja de la plataforma a pesar de los esfuerzos del secretario de Agricultura y Desarrollo Rural, V\u00edctor Villalobos, y el Consejero de Presidencia, Julio Scherer, por presionar e intentar contradecir las declaraciones del presidente.<\/p>\n\n<h2 class=\"wp-block-heading\"><strong>\u00bfCu\u00e1les son las declaraciones del presidente?<\/strong><\/h2>\n\n<p>El Presidente Andr\u00e9s Manuel L\u00f3pez Obrador en agosto de 2020, antes de que se presentara la actual propuesta de decreto, declar\u00f3 que en su gobierno se prohibir\u00e1 el glifosato de manera inmediata en todas las dependencias de gobierno y de manera total hacia 2024, adem\u00e1s reiter\u00f3 que se llevar\u00e1 a cabo la prohibici\u00f3n del ma\u00edz transg\u00e9nico en territorio nacional.<\/p>\n\n<p>Adicionalmente hay que recordar que de los cien compromisos realizados por el primer mandatario al inicio de su gobierno, en el compromiso n\u00famero 74 menciona que en su gobierno se proteger\u00e1 la diversidad biol\u00f3gica y cultural de M\u00e9xico. Se impulsar\u00e1n pr\u00e1cticas agroecol\u00f3gicas que aumenten la productividad sin da\u00f1ar a la naturaleza y no se permitir\u00e1 la introducci\u00f3n y el uso de semillas transg\u00e9nicas.&nbsp;<\/p>\n\n<figure class=\"wp-block-image size-large  caption-style-medium caption-alignment-center\"><img loading=\"lazy\" decoding=\"async\" width=\"1024\" height=\"683\" src=\"https:\/\/www.greenpeace.org\/static\/planet4-mexico-stateless\/2025\/04\/2f695f73-alto-maiz-transgenico-mexico-1024x683.jpg\" title=\"Activistas de Greenpeace en un puente ferroviario sostienen un cartel que dice &quot;Alto al ma\u00edz transg\u00e9nico&quot;\" alt=\"Activistas de Greenpeace en un puente ferroviario sostienen un cartel que dice &quot;Alto al ma\u00edz transg\u00e9nico&quot;\" class=\"wp-image-55488\" srcset=\"https:\/\/www.greenpeace.org\/static\/planet4-mexico-stateless\/2025\/04\/2f695f73-alto-maiz-transgenico-mexico-1024x683.jpg 1024w, https:\/\/www.greenpeace.org\/static\/planet4-mexico-stateless\/2025\/04\/2f695f73-alto-maiz-transgenico-mexico-300x200.jpg 300w, https:\/\/www.greenpeace.org\/static\/planet4-mexico-stateless\/2025\/04\/2f695f73-alto-maiz-transgenico-mexico-768x512.jpg 768w, https:\/\/www.greenpeace.org\/static\/planet4-mexico-stateless\/2025\/04\/2f695f73-alto-maiz-transgenico-mexico-510x340.jpg 510w, https:\/\/www.greenpeace.org\/static\/planet4-mexico-stateless\/2025\/04\/2f695f73-alto-maiz-transgenico-mexico.jpg 1200w\" sizes=\"auto, (max-width: 1024px) 100vw, 1024px\" \/><figcaption class=\"wp-element-caption\">Greenpeace intercepta un tren cargado de ma\u00edz estadounidense cuando intentaba entrar en M\u00e9xico.<\/figcaption><\/figure>\n\n<p>La publicaci\u00f3n de un decreto que proh\u00edba por completo el uso de glifosato en M\u00e9xico es una oportunidad para el mandatario federal de proteger al campo mexicano, a la riqueza de semillas nativas y el bienestar de la poblaci\u00f3n a trav\u00e9s de una alimentaci\u00f3n sana y respetuosa con el medio ambiente. \u00c9sta es una visi\u00f3n que no comparte el titular de la Secretar\u00eda de Agricultura y Desarrollo Rural (SADER) quien busca fortalecer el modelo corporativo de agricultura industrial.<\/p>\n\n<h2 class=\"wp-block-heading\"><strong>\u00bfQui\u00e9nes son los actores clave involucrados?<\/strong><\/h2>\n\n<p>Esta propuesta de decreto establece las acciones que deber\u00e1n realizar las Secretar\u00edas de Medio Ambiente y Recursos Naturales (SEMARNAT), de Agricultura y Desarrollo Rural (SADER), de Econom\u00eda (SE)&nbsp; y de Salud (SSA), as\u00ed como el Consejo Nacional de Ciencia y Tecnolog\u00eda (CONACYT) para programar y coordinar los estudios t\u00e9cnicos necesarios que permitan determinar la \u201cseguridad\u201d del glifosato, por lo que son las principales dependencias implicadas. Por lo tanto estas instancias debieron llegar a un consenso para publicar el decreto en la CONAMER.<\/p>\n\n<p>Sin embargo, la nueva titular de la SEMARNAT Mar\u00eda Luisa Albores al igual que Elena \u00c1lvarez Buylla titular del Consejo Nacional de Ciencia y Tecnolog\u00eda (CONACYT) y el doctor Jorge Alcocer secretario de Salud se posicionaron en contra de esta propuesta de decreto que ahora est\u00e1 sujeta a consulta p\u00fablica en la plataforma de la CONAMER.&nbsp;<\/p>\n\n<p>Las tres dependencias presentaron comentarios apoyando las declaraciones del presidente de prohibir el glifosato hacia el 2024 e incluso CONACYT y la Secretar\u00eda de Salud (SSA) mencionaron en sus comentarios que el uso de ma\u00edz transg\u00e9nico tambi\u00e9n se debe eliminar hacia 2024, comenzando con su reducci\u00f3n, con base en criterios de suficiencia en el abasto de ma\u00edz sin glifosato.<\/p>\n\n<p>Adem\u00e1s en los comentarios presentados, SEMARNAT mencion\u00f3 que las instancias correspondientes se deben abstener de otorgar nuevos permisos para el uso y la realizaci\u00f3n de actividades con semillas de ma\u00edz gen\u00e9ticamente modificado, as\u00ed como dejar de destinar recursos p\u00fablicos para la adquisici\u00f3n, utilizaci\u00f3n, distribuci\u00f3n, promoci\u00f3n o importaci\u00f3n de glifosato o de plaguicidas que tengan como ingrediente activo glifosato. Por consiguiente, su uso en cualquiera de sus actividades y programas ser\u00e1 prohibido.<\/p>\n\n<p>La realizaci\u00f3n de los comentarios en la plataforma de CONAMER por la SSA, SEMARNAT y CONACYT, dependencias que est\u00e1n directamente involucradas en la propuesta de decreto publicada revelan que no hubo un previo acuerdo para la publicaci\u00f3n de este decreto, por lo que su publicaci\u00f3n tiene un fallo de origen y destapa nuevamente los intereses del Secretario de Agricultura, V\u00edctor Villalobos de mantener un sistema agroalimentario y nutricional industrializado a pesar de los da\u00f1os comprobados cient\u00edficamente que el uso de agroqu\u00edmicos t\u00f3xicos y transg\u00e9nicos causan a la salud de las personas y el medio ambiente.<\/p>\n\n<h2 class=\"wp-block-heading\"><strong>\u00bfQu\u00e9 opina Greenpeace sobre este decreto?<\/strong><\/h2>\n\n<p>Esta propuesta para regular el glifosato es limitada para la defensa de los derechos humanos y medioambientales, en consecuencia, favorece a la industria de agrot\u00f3xicos y transg\u00e9nicos. Esta propuesta no responde a los m\u00e1s de 20 a\u00f1os de lucha campesina, de comunidades, ciudadanas (os), cient\u00edficas (os) y organizaciones que han exigido en repetidas ocasiones se tome acci\u00f3n determinante para la prohibici\u00f3n de transg\u00e9nicos y glifosato en el pa\u00eds, y de esta manera poder alcanzar la soberan\u00eda alimentaria de M\u00e9xico.<\/p>\n\n<figure class=\"wp-block-image size-full  caption-style-medium caption-alignment-center\"><img loading=\"lazy\" decoding=\"async\" width=\"800\" height=\"530\" src=\"https:\/\/www.greenpeace.org\/static\/planet4-mexico-stateless\/2025\/04\/502a8757-tipos-maiz-mexico.jpg\" title=\"Semillas de distintos tipos de ma\u00edz que se pueden encontrar en M\u00e9xico.\" alt=\"Semillas de distintos tipos de ma\u00edz que se pueden encontrar en M\u00e9xico.\" class=\"wp-image-55558\" srcset=\"https:\/\/www.greenpeace.org\/static\/planet4-mexico-stateless\/2025\/04\/502a8757-tipos-maiz-mexico.jpg 800w, https:\/\/www.greenpeace.org\/static\/planet4-mexico-stateless\/2025\/04\/502a8757-tipos-maiz-mexico-300x199.jpg 300w, https:\/\/www.greenpeace.org\/static\/planet4-mexico-stateless\/2025\/04\/502a8757-tipos-maiz-mexico-768x509.jpg 768w, https:\/\/www.greenpeace.org\/static\/planet4-mexico-stateless\/2025\/04\/502a8757-tipos-maiz-mexico-510x338.jpg 510w\" sizes=\"auto, (max-width: 800px) 100vw, 800px\" \/><figcaption class=\"wp-element-caption\">Distintos tipos de ma\u00edz en M\u00e9xico.<\/figcaption><\/figure>\n\n<p>Greenpeace rechaza esta propuesta de decreto presidencial sobre glifosato y transg\u00e9nicos ya que pretende postergar una decisi\u00f3n fundamental para salvaguardar la soberan\u00eda alimentaria del pa\u00eds: la decisi\u00f3n de prohibir los transg\u00e9nicos y el glifosato progresivamente hacia 2024, a\u00fan cuando ya hay suficiente evidencia cient\u00edfica que lo respalda y por lo cual se debe apelar al principio precautorio.<\/p>\n\n<p>Greenpeace exige que se baje esta propuesta de decreto de la plataforma de CONAMER tal como ocurri\u00f3 en las dos ocasiones anteriores y en su lugar se debe publicar un decreto presidencial que vaya en l\u00ednea con las declaraciones y visi\u00f3n del presidente constitucional, de prohibir durante su gobierno el glifosato y los transg\u00e9nicos, as\u00ed como el impulso de las pr\u00e1cticas agroecol\u00f3gicas que no da\u00f1en el medio ambiente y nos permitan gozar de autosuficiencia y soberan\u00eda alimentaria tal como lo han apoyado las titulares de la SEMARNAT, CONACYT y el titular de la SSA.<\/p>\n\n<p><strong>\u00bfQuieres hacer m\u00e1s por el medio ambiente? \u00danete aqu\u00ed. <\/strong><\/p>\n\n<!--[if lte IE 8]>\n<script charset=\"utf-8\" type=\"text\/javascript\" src=\"\/\/js.hsforms.net\/forms\/v2-legacy.js\"><\/script>\n<![endif]-->\n<script charset=\"utf-8\" type=\"text\/javascript\" src=\"\/\/js.hsforms.net\/forms\/v2.js\"><\/script>\n<script>\n\thbspt.forms.create({\n\t\tportalId: \"2617486\",\n\t\tformId: \"2a640cfd-58f7-422d-936f-f6c0825f3e8b\",\n\t\tsfdcCampaignId: \"7011P00000170oTQAQ\",\n\t\tsubmitButtonClass: 'hs-button',\n\t\tonFormReady: function($form, ctx){\n\t\tvar paramsp4 = new window.URLSearchParams(window.location.search);\n\t\tvar utm_content = paramsp4.get('utm_content');\n\t\tif(utm_content == null) {\n\t\t\tvar urlp4 = window.location.href;\n\t\t\tvar fromGPMXBlog = urlp4.includes(\"\/blog\/\");\n\t\t\tif (fromGPMXBlog == true) {\n\t\t\t\tvar arrayp4 = urlp4.split(\"\/\");\n\t\t\t\tvar hs_origin = arrayp4[6];\n\t\t\t\t$('input[name=\"hs_origen__c\"]').val(hs_origin).change();\n\t\t\t}\n\t\t}\n\t}\n});\n<\/script>\n","protected":false},"excerpt":{"rendered":"<p>Qu\u00e9 es un decreto presidencial y por qu\u00e9 es clave para prohibir glifosato y transg\u00e9nicos y avanzar hacia la soberan\u00eda alimentaria en M\u00e9xico.<\/p>\n","protected":false},"author":21,"featured_media":58823,"comment_status":"open","ping_status":"open","sticky":false,"template":"","format":"standard","meta":{"ep_exclude_from_search":false,"p4_og_title":"\u00bfQu\u00e9 es un decreto presidencial y por qu\u00e9 es importante para el tema de glifosato y transg\u00e9nicos?","p4_og_description":"Qu\u00e9 es un decreto presidencial y por qu\u00e9 es clave para prohibir glifosato y transg\u00e9nicos y avanzar hacia la soberan\u00eda alimentaria en M\u00e9xico.","p4_og_image":"https:\/\/www.greenpeace.org\/static\/planet4-mexico-stateless\/2025\/06\/eecf4047-transgenicos-mexico-activismo.jpg","p4_og_image_id":"58823","p4_seo_canonical_url":"","p4_campaign_name":"not set","p4_local_project":"not set","p4_basket_name":"not set","p4_department":"","footnotes":""},"categories":[46],"tags":[30,55],"p4-page-type":[14],"class_list":["post-9179","post","type-post","status-publish","format-standard","has-post-thumbnail","hentry","category-por-definir","tag-alimentacion","tag-agricultura","p4-page-type-blog"],"_links":{"self":[{"href":"https:\/\/www.greenpeace.org\/mexico\/wp-json\/wp\/v2\/posts\/9179","targetHints":{"allow":["GET"]}}],"collection":[{"href":"https:\/\/www.greenpeace.org\/mexico\/wp-json\/wp\/v2\/posts"}],"about":[{"href":"https:\/\/www.greenpeace.org\/mexico\/wp-json\/wp\/v2\/types\/post"}],"author":[{"embeddable":true,"href":"https:\/\/www.greenpeace.org\/mexico\/wp-json\/wp\/v2\/users\/21"}],"replies":[{"embeddable":true,"href":"https:\/\/www.greenpeace.org\/mexico\/wp-json\/wp\/v2\/comments?post=9179"}],"version-history":[{"count":5,"href":"https:\/\/www.greenpeace.org\/mexico\/wp-json\/wp\/v2\/posts\/9179\/revisions"}],"predecessor-version":[{"id":58825,"href":"https:\/\/www.greenpeace.org\/mexico\/wp-json\/wp\/v2\/posts\/9179\/revisions\/58825"}],"wp:featuredmedia":[{"embeddable":true,"href":"https:\/\/www.greenpeace.org\/mexico\/wp-json\/wp\/v2\/media\/58823"}],"wp:attachment":[{"href":"https:\/\/www.greenpeace.org\/mexico\/wp-json\/wp\/v2\/media?parent=9179"}],"wp:term":[{"taxonomy":"category","embeddable":true,"href":"https:\/\/www.greenpeace.org\/mexico\/wp-json\/wp\/v2\/categories?post=9179"},{"taxonomy":"post_tag","embeddable":true,"href":"https:\/\/www.greenpeace.org\/mexico\/wp-json\/wp\/v2\/tags?post=9179"},{"taxonomy":"p4-page-type","embeddable":true,"href":"https:\/\/www.greenpeace.org\/mexico\/wp-json\/wp\/v2\/p4-page-type?post=9179"}],"curies":[{"name":"wp","href":"https:\/\/api.w.org\/{rel}","templated":true}]}}