{"id":9316,"date":"2020-12-06T09:22:18","date_gmt":"2020-12-06T14:22:18","guid":{"rendered":"https:\/\/www.greenpeace.org\/mexico\/?p=9316"},"modified":"2025-06-29T21:41:40","modified_gmt":"2025-06-30T02:41:40","slug":"consumismo-el-fenomeno-que-pone-en-jaque-al-planeta","status":"publish","type":"post","link":"https:\/\/www.greenpeace.org\/mexico\/blog\/9316\/consumismo-el-fenomeno-que-pone-en-jaque-al-planeta\/","title":{"rendered":"Consumismo: el fen\u00f3meno que pone en jaque al planeta"},"content":{"rendered":"\n<span><strong><h4>Tabla de contenido:<\/strong><\/h4><\/span>\n<ul class=\"gpmx-table-content\">\n<li><h5><a href=\"#como-nos-afecta-el-consumismo\">\u00bfC\u00f3mo nos afecta el consumismo?<\/a><\/h5><\/li> \n<li><h5><a href=\"#lo-que-comemos-y-lo-que-vestimos\">Lo que comemos y lo que vestimos: el consumismo en nuestras necesidades b\u00e1sicas.<\/a><\/h5><\/li>\n<li><h5><a href=\"#el-consumismo-que-todo-lo-invade\">El consumismo que todo lo invade: la tecnolog\u00eda y el aumento de los pl\u00e1sticos<\/a><\/h5><\/li>\n<li><h5><a href=\"#el-consumismo-en-mexico\">El consumismo en M\u00e9xico: en ascenso<\/a><\/h5><\/li>\n<li><h5><a href=\"#combatir-el-consumismo\">Combatir el consumismo<\/a><\/h5><\/li>\n<li><h5><a href=\"#hacia-un-futuro-mas-verde\">Hacia un futuro m\u00e1s verde<\/a><\/h5><\/li>\n<\/ul>\n\n<p>Si miras a tu alrededor es f\u00e1cil darse cuenta de que los seres humanos estamos siempre consumiendo. Ya sea para comer, vestirnos, desplazarnos, trabajar, entretenernos; al final, <strong>los productos y servicios nos permiten cumplir con nuestras actividades,<\/strong> pero dejamos, a la par, una huella ambiental. Especialmente cuando consumimos m\u00e1s de lo que realmente necesitamos y de lo que el planeta puede proveer.<\/p>\n\n<p>Hablar de consumismo es tocar el tema del <strong>desequilibrio que existe entre lo que producimos, consumimos y desechamos en relaci\u00f3n con su impacto en el ambiente<\/strong>. En los a\u00f1os recientes, se ha identificado que extraemos recursos naturales a nivel global en un 50% m\u00e1s que tan solo hace 30 a\u00f1os (1).<\/p>\n\n<p>Puede pensarse que el consumo de recursos es inevitable para nuestra supervivencia, sin embargo, hay una diferencia entre el consumo necesario y vital y <strong>el consumismo, es decir, la tendencia por acumular y reemplazar vorazmente bienes y servicios<\/strong>, que incluyen muchos productos no esenciales o que son resultado de necesidades inventadas con fines de aceptaci\u00f3n social.<\/p>\n\n<blockquote class=\"wp-block-quote is-layout-flow wp-block-quote-is-layout-flow\">\n<blockquote class=\"wp-block-quote is-layout-flow wp-block-quote-is-layout-flow\">\n<p><strong>Para 2050, la poblaci\u00f3n humana crecer\u00e1 a 9 mil 600 millones, es decir, poco m\u00e1s de 3 mil millones de personas m\u00e1s, lo cual es insostenible con nuestro ritmo actual de consumo (1).<\/strong><\/p>\n<\/blockquote>\n<\/blockquote>\n\n<p>Nos hemos convertido en una <strong>sociedad de consumo<\/strong>, como lo planteaba el fil\u00f3sofo Zygmunt Bauman, en la que <strong>los productos se fabrican para ser f\u00e1cilmente desechados <\/strong>y los individuos est\u00e1n preocupados solo por el presente y la satisfacci\u00f3n de sus deseos inmediatos. A partir de esta afirmaci\u00f3n tambi\u00e9n podemos considerar que existen posibilidades para<strong> revertir esa mec\u00e1nica implacable de consumo.&nbsp;<\/strong><\/p>\n\n<p>Veamos entonces <strong>qu\u00e9 consecuencias tiene el consumismo<\/strong>, por qu\u00e9 nos debe importar a todas y a todos, y <strong>la urgencia de alternativas<\/strong> para combatirlo, con el fin de asegurar un futuro adecuado para todos los seres vivos de este planeta. <a href=\"https:\/\/actua.greenpeace.org.mx\/alternativas-de-consumo-que-no-danen-el-planeta\" target=\"_blank\" rel=\"noreferrer noopener\">Da clic aqu\u00ed para unirte a la exigencia de medidas gubernamentales que cuiden el ambiente<\/a>.\u00a0<\/p>\n\n<h2 class=\"wp-block-heading\" id=\"como-nos-afecta-el-consumismo\"><strong>\u00bfC\u00f3mo nos afecta el consumismo?<\/strong><\/h2>\n\n<p><strong>El consumismo impacta a todas las personas en el planeta, <\/strong>ya que estamos inmersas en un sistema de producci\u00f3n y consumo generalizado, donde la publicidad de las empresas incide en nuestras decisiones de compra, aunque no sean lo mejor para el planeta y para todas y todos.&nbsp;<\/p>\n\n<p>Tan solo pensemos en algunas de nuestras necesidades b\u00e1sicas. Varias de ellas se satisfacen con los llamados <strong>bienes de consumo de alta rotaci\u00f3n (FMCG o Fast Moving Consumer Goods) <\/strong>es decir, comestibles y productos de higiene personal y cuidado del hogar, principalmente.<\/p>\n\n<figure class=\"wp-block-image size-large is-resized  caption-style-medium caption-alignment-center\"><img loading=\"lazy\" decoding=\"async\" width=\"1024\" height=\"575\" src=\"https:\/\/www.greenpeace.org\/static\/planet4-mexico-stateless\/2025\/06\/062e113c-auditoria-marca-1024x575.jpg\" title=\"Activista de Greenpeace sostiene residuos pl\u00e1sticos durante auditor\u00eda de marcas.\" alt=\"Activista de Greenpeace sostiene residuos pl\u00e1sticos durante auditor\u00eda de marcas.\" class=\"wp-image-57086\" style=\"width:920px;height:1379px\" srcset=\"https:\/\/www.greenpeace.org\/static\/planet4-mexico-stateless\/2025\/06\/062e113c-auditoria-marca-1024x575.jpg 1024w, https:\/\/www.greenpeace.org\/static\/planet4-mexico-stateless\/2025\/06\/062e113c-auditoria-marca-300x169.jpg 300w, https:\/\/www.greenpeace.org\/static\/planet4-mexico-stateless\/2025\/06\/062e113c-auditoria-marca-768x432.jpg 768w, https:\/\/www.greenpeace.org\/static\/planet4-mexico-stateless\/2025\/06\/062e113c-auditoria-marca-510x287.jpg 510w, https:\/\/www.greenpeace.org\/static\/planet4-mexico-stateless\/2025\/06\/062e113c-auditoria-marca.jpg 1536w\" sizes=\"auto, (max-width: 1024px) 100vw, 1024px\" \/><figcaption class=\"wp-element-caption\">El consumismo tambi\u00e9n ha hecho de los bienes que satisfacen necesidades b\u00e1sicas (como los FMCG) productos muy contaminantes. \u00a9 Chihiro Hashimoto \/ Greenpeace.<\/figcaption><\/figure>\n\n<p>Seg\u00fan el estudio <a href=\"https:\/\/kantar.turtl.co\/story\/brand-footprint-2020\/page\/1\" target=\"_blank\" rel=\"noreferrer noopener\">Brand Footprint 2020 de Kantar<\/a>, <strong>el consumo mundial de marcas de FMCG se distribuy\u00f3 en 2019 de la siguiente forma:<\/strong> 34.1% de las opciones pertenecen a marcas globales, mientras que el 65.9% de los productos consumidos fueron de empresas regionales o locales.<\/p>\n\n<blockquote class=\"wp-block-quote is-layout-flow wp-block-quote-is-layout-flow\">\n<blockquote class=\"wp-block-quote is-layout-flow wp-block-quote-is-layout-flow\">\n<p><strong>En todo el mundo, 40 marcas de FMCG fueron elegidas m\u00e1s de mil millones de veces por los consumidores en 2019.<\/strong><\/p>\n<\/blockquote>\n<\/blockquote>\n\n<p>Estas cifras adquieren relevancia si pensamos en que, aunque comer sea una necesidad b\u00e1sica, <strong>no todos los comestibles son alimentos nutritivos ni satisfacen de forma adecuada nuestra necesidad.<\/strong><\/p>\n\n<p>Adem\u00e1s de que este tipo de bienes est\u00e1n empaquetados o envasados en pl\u00e1sticos y otros materiales de un solo uso, con lo que contribuimos a la generaci\u00f3n de residuos.<\/p>\n\n<p>Seg\u00fan el Brand Footprint 2020, la marca m\u00e1s elegida en el mundo en 2019 fue Coca-Cola, comprada m\u00e1s de 6 mil millones de veces. Es importante recordar que la industria refresquera est\u00e1 detr\u00e1s de problemas en la salud, como la diabetes, la obesidad y el sobrepeso, debido a que <a href=\"https:\/\/www.paho.org\/mex\/index.php?option=com_content&amp;view=article&amp;id=627:los-impuestos-refrescos-bebidas-azucaradas-medida-salud-publica&amp;Itemid=499\" target=\"_blank\" rel=\"noreferrer noopener\">sus productos contienen alto nivel de az\u00facares.<\/a><\/p>\n\n<p>Queda claro que <strong>mucho de lo que adquirimos no es precisamente esencial para la vida<\/strong> y el consumismo es justamente esa tendencia a comprar productos de manera desmedida cuando ni siquiera los necesitamos o ya los tenemos, pero buscamos sustituirlos por estatus u otros motivos.&nbsp;<\/p>\n\n<p>Incluso porque pensamos que son m\u00e1s accesibles, como los FMCG que podemos encontrar sin problema en la tienda m\u00e1s cercana, aunque tengan efectos negativos en muchos niveles.<\/p>\n\n<p class=\"has-text-align-center\"><em>Haz clic y aprende m\u00e1s sobre lo que puedes hacer para tomar mejores decisiones respecto a lo que compras y comes en <a href=\"http:\/\/consumoresponsable.greenpeace.org.mx\/\">nuestra plataforma de consumo responsable<\/a>. \u00a1Pasa la voz!<\/em><\/p>\n\n<p>Desde luego, el impacto que tiene el consumo humano var\u00eda seg\u00fan el tipo de productos adquiridos, por lo que es imposible alcanzar un efecto cero en el ambiente.&nbsp;<\/p>\n\n<p>Por eso, <strong>lo que buscamos es que haya mejores alternativas y menos costosas para la naturaleza<\/strong> y nuestro bienestar, ya que el consumismo ha alcanzado pr\u00e1cticamente a cualquier rubro econ\u00f3mico.<\/p>\n\n<h3 class=\"wp-block-heading\" id=\"lo-que-comemos-y-lo-que-vestimos\"><strong>Lo que comemos y lo que vestimos: el consumismo en nuestras necesidades b\u00e1sicas<\/strong>.<\/h3>\n\n<p>El consumo de carne es uno de los problemas m\u00e1s importantes de nuestra alimentaci\u00f3n. <strong>Una dieta alta en esta prote\u00edna ha convertido al planeta en pr\u00e1cticamente un espacio exclusivo para la ganader\u00eda<\/strong>.&nbsp;<\/p>\n\n<p>En la d\u00e9cada de los 60, se produjo un promedio de 70 millones de toneladas de carne al a\u00f1o, mientras que en el a\u00f1o 2017 fueron 330 millones (2).<\/p>\n\n<blockquote class=\"wp-block-quote is-layout-flow wp-block-quote-is-layout-flow\">\n<blockquote class=\"wp-block-quote is-layout-flow wp-block-quote-is-layout-flow\">\n<p><strong>La actividad ganadera es responsable de casi el 15% de la emisi\u00f3n de gases de efecto invernadero en el planeta (1).<\/strong><\/p>\n<\/blockquote>\n<\/blockquote>\n\n<p><strong>Estados Unidos, Australia, Nueva Zelanda y Argentina encabezan la lista de pa\u00edses con m\u00e1s consumo de carne,<\/strong> pues rebasan los 100 kilogramos por persona al a\u00f1o. El aumento en el consumo tambi\u00e9n se debe a que, en las \u00faltimas d\u00e9cadas, una parte importante de los consumidores ha adquirido mayor capacidad de compra (2).<\/p>\n\n<p>Para proveer el consumo de carne, la ganader\u00eda se ha vuelto industrial: <strong>talan bosques y destruyen ecosistemas para instalar pastizales<\/strong> que alimentan al ganado.&nbsp;<\/p>\n\n<p>Se estima que para <strong>2050<\/strong> haya un <strong>75% m\u00e1s de consumo de carne<\/strong> si la tendencia contin\u00faa, lo cual ser\u00eda desastroso para la biodiversidad y el clima del planeta (1).&nbsp;<\/p>\n\n<p class=\"has-text-align-center\"><em>\u00bfTe interesa saber c\u00f3mo puedes mejorar tu alimentaci\u00f3n y al mismo tiempo proteger el ambiente?&nbsp;<a href=\"https:\/\/www.greenpeace.org\/mexico\/blog\/8784\/tips-para-una-alimentacion-saludable-que-cuide-el-medio-ambiente\/\">Da clic aqu\u00ed y lee los tips que tenemos para ti<\/a>.<\/em><\/p>\n\n<p>Por otro lado, las prendas que usamos para vestirnos son art\u00edculos de primera necesidad. Si bien en d\u00e9cadas pasadas la ropa estaba hecha de materiales resistentes para garantizar su durabilidad, ahora <strong>el <\/strong><strong><em>fast fashion<\/em><\/strong><strong> produce miles de millones de prendas que pr\u00e1cticamente son desechables<\/strong>.<\/p>\n\n<p>Esta moda r\u00e1pida se refiere al <strong>modelo de producci\u00f3n que usa materiales de baja calidad y mano de obra precarizada<\/strong> o en condiciones de explotaci\u00f3n para producir ropa en masa y con precios bajos.&nbsp;<\/p>\n\n<p>El consumismo ha generado la r\u00e1pida circulaci\u00f3n de estas prendas que se desgastan en cuesti\u00f3n de meses, en funci\u00f3n del deseo imperante de reemplazo por parte del consumidor para seguir las nuevas tendencias o temporadas creadas por las empresas, como parte de sus estrategias de venta, lo que las vuelve desechables y contaminantes.<\/p>\n\n<p>Tan solo en los \u00faltimos 15 a\u00f1os, la producci\u00f3n de ropa se ha duplicado, pero, simult\u00e1neamente, el uso de la misma ha disminuido en un 40%, seg\u00fan <a href=\"https:\/\/www.ellenmacarthurfoundation.org\/explore\/fashion-and-the-circular-economy\" target=\"_blank\" rel=\"noreferrer noopener\">lo registrado por la Fundaci\u00f3n Ellen MacArthur.<\/a><\/p>\n\n<p>No est\u00e1 de m\u00e1s decir que la manufactura de la ropa tiene un costo ambiental alt\u00edsimo, en el que adem\u00e1s se usan materiales t\u00f3xicos. En <strong>Greenpeace hemos lanzado campa\u00f1as como<\/strong> <a href=\"https:\/\/www.greenpeace.org\/international\/act\/detox\/\" target=\"_blank\" rel=\"noreferrer noopener\"><em>Detox My Fashion<\/em><\/a> para contrarrestar este problema.\u00a0<\/p>\n\n<h3 class=\"wp-block-heading\" id=\"el-consumismo-que-todo-lo-invade\"><strong>El consumismo que todo lo invade: la tecnolog\u00eda y el aumento de los pl\u00e1sticos<\/strong><\/h3>\n\n<p>Piensa en la manera en que nos comunicamos, desplazamos y entretenemos. <strong>Pr\u00e1cticamente en todas nuestras acciones cotidianas est\u00e1 involucrada la tecnolog\u00eda<\/strong>.&nbsp;<\/p>\n\n<p>Quiz\u00e1 sea dif\u00edcil aceptar que al usar nuestro celular o ver una pel\u00edcula en streaming contribuimos al deterioro ambiental, \u00a1pero la realidad es que s\u00ed hay un impacto!<\/p>\n\n<p><strong>Los servicios de nubes, streaming y similares <\/strong>(\u00a1incluso conservar tus correos electr\u00f3nicos!)<strong> tienen un costo energ\u00e9tico elevado<\/strong> por su consumo de electricidad y la manera en que esta se genera, por ejemplo, con combustibles f\u00f3siles.&nbsp;<\/p>\n\n<p>Por otra parte, la producci\u00f3n de dispositivos tambi\u00e9n implica un impacto enorme: por ejemplo, para fabricar una <strong>computadora personal <\/strong>se requieren aproximadamente <strong>22 kilos de qu\u00edmicos, 240 kilos de combustible y 1500 litros de agua <\/strong>(3).<\/p>\n\n<p>Adem\u00e1s, <strong>las empresas de tecnolog\u00eda han optado por un modelo de sustituci\u00f3n, en vez de uno de reparaci\u00f3n<\/strong>. La obsolescencia programada de los dispositivos electr\u00f3nicos es otra causa del consumismo, ya que al dise\u00f1ar aparatos destinados a tener una vida \u00fatil corta, se obliga a las y los consumidores a sustituirlos por nuevos productos.&nbsp;<\/p>\n\n<p>Imagina que con el tiempo de vida \u00fatil de un smartphone (18-24 meses), <strong>\u00a1cada dos a\u00f1os cerca de 2 mil 800 millones de personas cambian de celular! <\/strong>(3). Por otra parte, <strong>el pl\u00e1stico<\/strong>, que ha sido muy \u00fatil para la humanidad en general, tambi\u00e9n se ha convertido en <strong>un terrible enemigo del planeta<\/strong>.&nbsp;<\/p>\n\n<p>Seg\u00fan el <a href=\"https:\/\/rethinkplasticalliance.eu\/wp-content\/uploads\/2019\/11\/plastic_atlas_2019.pdf\" target=\"_blank\" rel=\"noreferrer noopener\"><em>Plastic Atlas 2019<\/em><\/a>, del a\u00f1o 1950 al 2017, se han producido 9 mil 200 millones de toneladas de pl\u00e1sticos. De esto, se estima que <strong>menos del 10% de esa producci\u00f3n se ha reciclado.\u00a0<\/strong><\/p>\n\n<p>De acuerdo con el Programa de las Naciones Unidas para el Medio Ambiente (PNUMA), <strong>cerca del 80% de estos residuos ha ido a parar a rellenos sanitarios o directamente a la naturaleza.<\/strong>&nbsp;<\/p>\n\n<p>Desde productos para el hogar y juguetes hasta envases, botellas, bolsas desechables o incluso ropa, <strong>el pl\u00e1stico ha inundado nuestras vidas, lo que ha aumentado el uso de combustibles f\u00f3siles para su producci\u00f3n <\/strong>y, con ello, la alta contaminaci\u00f3n que generan.&nbsp;<\/p>\n\n<p>Si la tendencia contin\u00faa, el <em>Plastic Atlas 2019 <\/em>se\u00f1ala que para 2050 la producci\u00f3n de pl\u00e1sticos liberar\u00e1 56 mil millones de toneladas de emisiones de CO2.<\/p>\n\n<figure class=\"wp-block-image size-large is-resized  caption-style-medium caption-alignment-center\"><img loading=\"lazy\" decoding=\"async\" width=\"1024\" height=\"683\" src=\"https:\/\/www.greenpeace.org\/static\/planet4-mexico-stateless\/2025\/04\/2405b0bf-basura-plasticos-playa-1024x683.jpg\" title=\"Residuos de pl\u00e1stico en la playa de Canggu, Bali.\" alt=\"Residuos de pl\u00e1stico en la playa de Canggu, Bali.\" class=\"wp-image-55481\" style=\"width:916px;height:610px\" srcset=\"https:\/\/www.greenpeace.org\/static\/planet4-mexico-stateless\/2025\/04\/2405b0bf-basura-plasticos-playa-1024x683.jpg 1024w, https:\/\/www.greenpeace.org\/static\/planet4-mexico-stateless\/2025\/04\/2405b0bf-basura-plasticos-playa-300x200.jpg 300w, https:\/\/www.greenpeace.org\/static\/planet4-mexico-stateless\/2025\/04\/2405b0bf-basura-plasticos-playa-768x512.jpg 768w, https:\/\/www.greenpeace.org\/static\/planet4-mexico-stateless\/2025\/04\/2405b0bf-basura-plasticos-playa-510x340.jpg 510w, https:\/\/www.greenpeace.org\/static\/planet4-mexico-stateless\/2025\/04\/2405b0bf-basura-plasticos-playa.jpg 1200w\" sizes=\"auto, (max-width: 1024px) 100vw, 1024px\" \/><figcaption class=\"wp-element-caption\">A tourist walks along a beach covered in piles of debris and plastic waste in Canggu, Bali, Indonesia.<\/figcaption><\/figure>\n\n<p>Seg\u00fan el Instituto Mexicano del Pl\u00e1stico Industrial (IMPI-CEP),<strong> cerca del 50% de la producci\u00f3n de pl\u00e1stico es para art\u00edculos de un solo uso, <\/strong>como empaques y envases,<strong> <\/strong>cuya utilizaci\u00f3n ha aumentado durante la pandemia de COVID-19.&nbsp;<\/p>\n\n<p>De acuerdo con <a href=\"https:\/\/oceanic.global\/wp-content\/uploads\/2020\/08\/OG-COVID-FACT-SHEET-UPDATED-3.pdf\" target=\"_blank\" rel=\"noreferrer noopener\">Oceanic Global<\/a>, entre el equipo de protecci\u00f3n personal (mascarillas, caretas, trajes, etc.) y los empaques y pl\u00e1sticos de un solo uso, se prev\u00e9 que en 2020 haya un 30% m\u00e1s de desechos pl\u00e1sticos respecto del 2019.\u00a0<\/p>\n\n<p>Como ves, el consumo de forma desproporcionada conlleva alt\u00edsimos costos, tanto en t\u00e9rminos de producci\u00f3n como de desechos. Justamente <strong>el desperdicio es otra de las manifestaciones del consumismo:<\/strong> desde comida hasta residuos t\u00f3xicos, <strong>todo se desecha, aunque muchas veces todav\u00eda sea \u00fatil<\/strong>.&nbsp;<\/p>\n\n<p>La huella ambiental no es \u00fanicamente un problema individual, <strong>sino tambi\u00e9n un asunto socioecon\u00f3mico<\/strong>. De acuerdo con <a href=\"https:\/\/oxfamilibrary.openrepository.com\/bitstream\/handle\/10546\/621052\/mb-confronting-carbon-inequality-210920-es.pdf?sequence=2&amp;isAllowed=y\" target=\"_blank\" rel=\"noreferrer noopener\">una investigaci\u00f3n realizada por Oxfam y el Instituto del Medio Ambiente de Estocolmo (SEI)<\/a>, entre los a\u00f1os 1990 y 2015, <strong>el 10% m\u00e1s rico del planeta<\/strong> (cerca de 630 millones de personas) <strong>fue responsable del 52% de las emisiones de carbono<\/strong>. En contraste, el 50% m\u00e1s pobre (cerca de 3 mil 100 millones) gener\u00f3 tan solo el 7% de emisiones.<\/p>\n\n<p class=\"has-text-align-center\"><em>Si quieres saber m\u00e1s sobre el desperdicio de alimentos en el mundo y las consecuencias&nbsp;que acarrea, <a href=\"https:\/\/www.greenpeace.org\/mexico\/blog\/9103\/cuanta-comida-se-desperdicia-en-el-mundo-y-como-afecta-al-planeta\/\">haz clic y lee nuestra publicaci\u00f3n al respecto<\/a>.&nbsp;<\/em><\/p>\n\n<p>A veces, <strong>no ser conscientes de nuestra huella ambiental provoca que no conozcamos de cerca las problem\u00e1ticas del consumismo<\/strong>. Por ello, es importante informarnos mejor y exigir medidas que aseguren un consumo responsable. <a href=\"https:\/\/actua.greenpeace.org.mx\/alternativas-de-consumo-que-no-danen-el-planeta\" target=\"_blank\" rel=\"noreferrer noopener\">Conoce m\u00e1s sobre la petici\u00f3n para exigir alternativas de consumo que no da\u00f1en el planeta.<\/a> \u00danete a esta demanda por pol\u00edticas p\u00fablicas m\u00e1s ecol\u00f3gicas y de bajo impacto.\u00a0<\/p>\n\n<h2 class=\"wp-block-heading\" id=\"el-consumismo-en-mexico\"><strong>El consumismo en M\u00e9xico: en ascenso<\/strong><\/h2>\n\n<p>Hemos hablado de manera general sobre c\u00f3mo el consumo humano impacta en nuestro ambiente y la manera en que su forma m\u00e1s voraz, <strong>el consumismo, potencia todos esos efectos<\/strong> <strong>negativos<\/strong> para el planeta. Ahora es momento de hablar un poco sobre lo que sucede en M\u00e9xico.<\/p>\n\n<p><br><strong>El consumismo en M\u00e9xico no es un problema menor.<\/strong> Al ser uno de los pa\u00edses m\u00e1s poblados del mundo, al ocupar el d\u00e9cimo lugar (en 2020) y <strong>el tercero con m\u00e1s habitantes de Am\u00e9rica<\/strong> (solo por debajo de Estados Unidos y Brasil), seg\u00fan el <a href=\"https:\/\/worldpopulationreview.com\/\" target=\"_blank\" rel=\"noreferrer noopener\">World Population Review<\/a>, es claro que eso puede desencadenar problemas relacionados con el consumo desmedido de productos.<\/p>\n\n<p><strong>De 173 pa\u00edses, M\u00e9xico ocupa el lugar 58 de consumo total de carne<\/strong> (con 64.8 kilos por persona al a\u00f1o, 4 veces m\u00e1s que lo recomendado para un consumo sostenible). Sin embargo, no toda la carne que producimos se consume aqu\u00ed, sino que <strong>M\u00e9xico tambi\u00e9n exporta, lo que provoca que esa carne se vaya, pero la huella ecol\u00f3gica permanezca<\/strong> (4).<\/p>\n\n<blockquote class=\"wp-block-quote is-layout-flow wp-block-quote-is-layout-flow\">\n<blockquote class=\"wp-block-quote is-layout-flow wp-block-quote-is-layout-flow\">\n<p><strong>La deforestaci\u00f3n y el consumo excesivo de agua son dos consecuencias negativas de esta actividad. Por un lado, se utiliza el 38.3% de la superficie nacional para alimentar al ganado mexicano y, por otro, la agricultura y la ganader\u00eda en el pa\u00eds desperdician el 57% del agua que utilizan (5).<\/strong><\/p>\n<\/blockquote>\n<\/blockquote>\n\n<p>En el caso del fast fashion, la mayor\u00eda de las prendas que se fabrican con este modelo son importadas.&nbsp;<\/p>\n\n<p>En 2019, la Procuradur\u00eda Federal del Consumidor (Profeco) alert\u00f3 en <a href=\"https:\/\/issuu.com\/profeco\/docs\/revista_del_consumidor_diciembre_2019\">su revista<\/a> sobre <strong>la mala calidad y la huella ecol\u00f3gica que supone la moda r\u00e1pida, <\/strong>equivalente a la contaminaci\u00f3n de popotes, botellas o platos desechables.&nbsp;<\/p>\n\n<p>Adem\u00e1s, mencion\u00f3 <strong>marcas muy populares<\/strong> como Bershka, C&amp;A, Forever 21, Guess, H&amp;M, Pull&amp;Bear, Shasa y Zara, entre otras.<\/p>\n\n<figure class=\"wp-block-image size-full  caption-style-medium caption-alignment-center\"><img loading=\"lazy\" decoding=\"async\" width=\"800\" height=\"533\" src=\"https:\/\/www.greenpeace.org\/static\/planet4-mexico-stateless\/2025\/04\/9ae42cef-plasticos-cdmx.jpg\" title=\"Voluntaria de Greenpeace M\u00e9xico en la CDMX cargando una bolsa llena de residuos pl\u00e1sticos como protesta contra la contaminaci\u00f3n por pl\u00e1sticos.\" alt=\"Voluntaria de Greenpeace M\u00e9xico en la CDMX cargando una bolsa llena de residuos pl\u00e1sticos como protesta contra la contaminaci\u00f3n por pl\u00e1sticos.\" class=\"wp-image-55484\" srcset=\"https:\/\/www.greenpeace.org\/static\/planet4-mexico-stateless\/2025\/04\/9ae42cef-plasticos-cdmx.jpg 800w, https:\/\/www.greenpeace.org\/static\/planet4-mexico-stateless\/2025\/04\/9ae42cef-plasticos-cdmx-300x200.jpg 300w, https:\/\/www.greenpeace.org\/static\/planet4-mexico-stateless\/2025\/04\/9ae42cef-plasticos-cdmx-768x512.jpg 768w, https:\/\/www.greenpeace.org\/static\/planet4-mexico-stateless\/2025\/04\/9ae42cef-plasticos-cdmx-510x340.jpg 510w\" sizes=\"auto, (max-width: 800px) 100vw, 800px\" \/><figcaption class=\"wp-element-caption\">El consumismo en M\u00e9xico ha propiciado un aumento de problemas ambientales. \nEn promedio al a\u00f1o, cada habitante ocupa 48 kilos de pl\u00e1stico. \u00a9 Argelia Zacatzi \/ Greenpeace.<\/figcaption><\/figure>\n\n<p>El <a href=\"https:\/\/kantar.turtl.co\/story\/brand-footprint-2020-latam\/page\/5\" target=\"_blank\" rel=\"noreferrer noopener\">Brand Footprint 2020 de Latinoam\u00e9rica<\/a> se\u00f1ala que<strong> en M\u00e9xico son<\/strong> <strong>ocho las marcas de FMCG que tienen penetraci\u00f3n en m\u00e1s del 90%<\/strong> de los hogares en el pa\u00eds: Bimbo, Coca-Cola, Lala, Colgate, La Coste\u00f1a, McCormick, Nescaf\u00e9 y Knorr; todas ellas involucran una gran cantidad de pl\u00e1sticos.\u00a0<\/p>\n\n<p>En t\u00e9rminos generales, el nivel de adquisici\u00f3n de mercanc\u00edas en M\u00e9xico puede estimarse considerando la proliferaci\u00f3n de plazas comerciales.<\/p>\n\n<blockquote class=\"wp-block-quote is-layout-flow wp-block-quote-is-layout-flow\">\n<blockquote class=\"wp-block-quote is-layout-flow wp-block-quote-is-layout-flow\">\n<p><strong>M\u00e9xico es el pa\u00eds de Am\u00e9rica Latina con m\u00e1s centros comerciales, incluso por encima de Brasil. Las <\/strong><a href=\"https:\/\/scielo.conicyt.cl\/pdf\/eure\/v43n130\/0250-7161-eure-43-130-0073.pdf\" target=\"_blank\" rel=\"noreferrer noopener\"><strong>proyecciones para 2025<\/strong><\/a><strong> indican que seguir\u00e1 ocupando ese primer puesto.<\/strong><\/p>\n<\/blockquote>\n<\/blockquote>\n\n<p>Tan solo en la Ciudad de M\u00e9xico y el \u00e1rea metropolitana hay una tercera parte de los centros comerciales del pa\u00eds. <strong>Entre el a\u00f1o 2006 y 2018 se construyeron 108 nuevas plazas de este tipo en la capital, <\/strong>las cuales generan problemas en el abasto de agua y el espacio p\u00fablico (6).&nbsp;<\/p>\n\n<p>Por ejemplo, pr\u00e1cticas como el Buen Fin incentivan el consumismo <strong>en un pa\u00eds donde a poco m\u00e1s de 9 millones de habitantes les falta el agua potable<\/strong> (5), recurso indispensable para realizar cualquier actividad.&nbsp;<\/p>\n\n<p>Es por ello que en Greenpeace buscamos que <strong>todas las personas,<\/strong> particularmente las que m\u00e1s consumen, <strong>transiten hacia estilos de vida sustentables <\/strong>basados en consumir menos y mejor.<\/p>\n\n<p class=\"has-text-align-center\"><em>Mientras las corporaciones utilizan recursos energ\u00e9ticos de forma vasta,&nbsp;mucha gente no tiene acceso a ellos. <a href=\"https:\/\/www.greenpeace.org\/mexico\/blog\/8406\/que-es-la-pobreza-energetica-y-por-que-la-sufrimos-en-mexico\/\">Ent\u00e9rate aqu\u00ed de c\u00f3mo la pobreza energ\u00e9tica afecta al pa\u00eds<\/a>.<\/em><\/p>\n\n<h2 class=\"wp-block-heading\" id=\"combatir-el-consumismo\"><strong>Combatir el consumismo<\/strong><\/h2>\n\n<p>De alguna forma, todos hemos participado, de manera intencionada o no, de esta din\u00e1mica, pero lo cierto es que podemos disminuir el impacto severo en el ambiente desde nuestras pr\u00e1cticas diarias de consumo. \u00a1Es posible y necesario!<\/p>\n\n<p>Un <strong>consumidor consciente<\/strong> selecciona sus productos en funci\u00f3n de sus necesidades vitales, mientras que considera el impacto que su huella ambiental tiene en el planeta. En este sentido, <strong>debemos transitar hacia un<\/strong>&nbsp;<strong>modelo basado en consumir menos y mejor,<\/strong> donde nuestras acciones y elecciones de compra reflejen estas preocupaciones por el planeta.<\/p>\n\n<p class=\"has-text-align-center\"><em>Un primer paso hacia un mejor futuro es adoptar medidas espec\u00edficas.&nbsp;<a href=\"https:\/\/consumoresponsable.greenpeace.org.mx\/descarga-guias-de-consumo\">Haz clic aqu\u00ed para descargar las gu\u00edas que te ayudar\u00e1n en ese camino<\/a>.<\/em><\/p>\n\n<p>Tal parece que la conciencia ecol\u00f3gica y el trabajo de activistas ha permitido que haya <strong>una preocupaci\u00f3n cada vez m\u00e1s generalizada sobre el impacto del consumismo<\/strong>.&nbsp;<\/p>\n\n<p>Por ejemplo, si bien el consumo mundial de carne no ha disminuido, se ha observado una tendencia en la que se consume menos carne de cerdo y res y m\u00e1s de aves de corral (2).<\/p>\n\n<p><strong>Los millennials<\/strong> (gente nacida entre 1981 y 1996, aproximadamente) <strong>y la generaci\u00f3n Z<\/strong> (nacidos de 1997 en adelante) <strong>est\u00e1n cambiando la manera de consumir:<\/strong> por ejemplo, hay una mejor aceptaci\u00f3n de dietas no centradas en la carne, una afinidad por la antipaqueter\u00eda (rechazo a las bolsas de un solo uso o a la envoltura de regalos) y un modo de vida con menos desechos (7).<\/p>\n\n<blockquote class=\"wp-block-quote is-layout-flow wp-block-quote-is-layout-flow\">\n<blockquote class=\"wp-block-quote is-layout-flow wp-block-quote-is-layout-flow\">\n<p><strong>Los millennials y la generaci\u00f3n Z representan el 64% del mercado mundial, lo que marca una diferencia cuando estos sectores imponen alguna tendencia en su consumo (7).<\/strong><\/p>\n<\/blockquote>\n<\/blockquote>\n\n<p>Sin embargo, <strong>las acciones individuales deben llevarse al siguiente nivel para volverlas colectivas <\/strong>y con un sentido de activismo pol\u00edtico, para forjar, desde nuestras decisiones de consumo, una sociedad en la que queremos vivir.<\/p>\n\n<p><strong>Esto nos permitir\u00e1 demandar pol\u00edticas p\u00fablicas<\/strong> que regulen efectivamente la producci\u00f3n de alimentos y&nbsp; mercanc\u00edas, con una perspectiva de compromiso ante el cuidado ambiental.<\/p>\n\n<figure class=\"wp-block-image aligncenter size-full  caption-style-medium caption-alignment-center\"><img loading=\"lazy\" decoding=\"async\" width=\"600\" height=\"356\" src=\"https:\/\/www.greenpeace.org\/static\/planet4-mexico-stateless\/2021\/04\/774997e8-frutas-y-verduras-pla\u0301sticos.png\" title=\"Fotograf\u00eda de un estante de s\u00faper mercado lleno de frutas y verduras envueltas en pl\u00e1stico.\" alt=\"Fotograf\u00eda de un estante de s\u00faper mercado lleno de frutas y verduras envueltas en pl\u00e1stico.\" class=\"wp-image-9912\" srcset=\"https:\/\/www.greenpeace.org\/static\/planet4-mexico-stateless\/2021\/04\/774997e8-frutas-y-verduras-pla\u0301sticos.png 600w, https:\/\/www.greenpeace.org\/static\/planet4-mexico-stateless\/2021\/04\/774997e8-frutas-y-verduras-pla\u0301sticos-300x178.png 300w, https:\/\/www.greenpeace.org\/static\/planet4-mexico-stateless\/2021\/04\/774997e8-frutas-y-verduras-pla\u0301sticos-510x303.png 510w\" sizes=\"auto, (max-width: 600px) 100vw, 600px\" \/><figcaption class=\"wp-element-caption\">Un cambio en los modelos de alimentaci\u00f3n es una gran manera de hacerle frente al consumismo: menos carne y m\u00e1s hortalizas org\u00e1nicas. \u00a9 Andri Tambunan \/ Greenpeace.<\/figcaption><\/figure>\n\n<h2 class=\"wp-block-heading\" id=\"hacia-un-futuro-mas-verde\"><strong>Hacia un futuro m\u00e1s verde<\/strong><\/h2>\n\n<p>En definitiva, acumular cosas y sustituir mercanc\u00edas con tanta frecuencia no es un camino viable hacia una vida plena y en armon\u00eda con nuestro planeta. <strong>Uno de los cambios en la mentalidad es el de preferir experiencias sobre lo material<\/strong>.&nbsp;<\/p>\n\n<p>Siempre hay algo que se puede hacer, de manera personal y colectiva, con amigos, familiares y colegas, para disminuir y mejorar la forma en la que consumimos. <strong>Desde nuestro manejo cotidiano de desperdicios hasta la manera en que nos desplazamos<\/strong>. <a href=\"https:\/\/www.greenpeace.org\/mexico\/blog\/8747\/consumismo-la-tendencia-a-erradicar-para-cuidar-el-medio-ambiente\/\" target=\"_blank\" rel=\"noreferrer noopener\">Conoce m\u00e1s formas para disminuir el consumismo haciendo clic aqu\u00ed<\/a>.<\/p>\n\n<p>Afortunadamente, <strong>las generaciones m\u00e1s j\u00f3venes tienen una preocupaci\u00f3n mayor por una vida ecol\u00f3gica<\/strong>. Uno de estos ejemplos est\u00e1 en las huelgas de #FridaysforFuture y la voz de Greta Thunberg.&nbsp;<\/p>\n\n<p><strong>Entre ciudadanos y activistas se ha empujado el tema de la crisis clim\u00e1tica a lugares prioritarios en agendas<\/strong> nacionales e internacionales y se ha se\u00f1alado al consumismo como una de las principales preocupaciones.&nbsp;<\/p>\n\n<p>Como parte de los resultados, se logr\u00f3 <a href=\"https:\/\/www.excelsior.com.mx\/global\/no-solo-en-cdmx-estos-paises-prohiben-el-uso-de-bolsas-de-plastico\/1355765\" target=\"_blank\" rel=\"noreferrer noopener\">la prohibici\u00f3n gradual de los pl\u00e1sticos de un solo uso en varias ciudades y pa\u00edses del mundo<\/a>. Todo esto con <strong>la suma de esfuerzos individuales y colectivos<\/strong>.\u00a0<\/p>\n\n<p>En Greenpeace nos preocupamos, pero nos ocupamos m\u00e1s por generar medidas seguras y efectivas que protejan al ambiente y con ello, a todos los seres vivos que habitamos en este planeta. Por eso, <strong>queremos impulsar el consumo responsable que garantice la sostenibilidad y la justicia social<\/strong>.<\/p>\n\n<figure class=\"wp-block-image size-large  caption-style-medium caption-alignment-center\"><img loading=\"lazy\" decoding=\"async\" width=\"1024\" height=\"683\" src=\"https:\/\/www.greenpeace.org\/static\/planet4-mexico-stateless\/2025\/06\/8fa1ba04-plasticos-protesta-camara-diputados-1024x683.jpg\" title=\"Un grupo de activistas de Greenpeace M\u00e9xico se manifiestan frente a la C\u00e1mara de Diputados para exigir que no haya retrocesos en las reformas a la Ley de Residuos y la Ley de Econom\u00eda Circular.\" alt=\"Un grupo de activistas de Greenpeace M\u00e9xico se manifiestan frente a la C\u00e1mara de Diputados para exigir que no haya retrocesos en las reformas a la Ley de Residuos y la Ley de Econom\u00eda Circular.\" class=\"wp-image-56744\" srcset=\"https:\/\/www.greenpeace.org\/static\/planet4-mexico-stateless\/2025\/06\/8fa1ba04-plasticos-protesta-camara-diputados-1024x683.jpg 1024w, https:\/\/www.greenpeace.org\/static\/planet4-mexico-stateless\/2025\/06\/8fa1ba04-plasticos-protesta-camara-diputados-300x200.jpg 300w, https:\/\/www.greenpeace.org\/static\/planet4-mexico-stateless\/2025\/06\/8fa1ba04-plasticos-protesta-camara-diputados-768x512.jpg 768w, https:\/\/www.greenpeace.org\/static\/planet4-mexico-stateless\/2025\/06\/8fa1ba04-plasticos-protesta-camara-diputados-510x340.jpg 510w, https:\/\/www.greenpeace.org\/static\/planet4-mexico-stateless\/2025\/06\/8fa1ba04-plasticos-protesta-camara-diputados.jpg 1200w\" sizes=\"auto, (max-width: 1024px) 100vw, 1024px\" \/><figcaption class=\"wp-element-caption\">Una sociedad m\u00e1s informada respecto a los impactos ambientales de su consumo\nes m\u00e1s activa por un futuro ecol\u00f3gico. \u00a9 V\u00edctor Ceballos \/ Greenpeace.<\/figcaption><\/figure>\n\n<p>\u00a1<a href=\"https:\/\/actua.greenpeace.org.mx\/alternativas-de-consumo-que-no-danen-el-planeta\" target=\"_blank\" rel=\"noreferrer noopener\">S\u00famate a este movimiento para exigir a los gobiernos mejores alternativas de consumo<\/a>! De esta forma, queremos fomentar una din\u00e1mica amigable con el planeta y nuestra salud,\u00a0 pero debemos impulsar a los gobiernos para que la incentiven y est\u00e9 al alcance de toda la ciudadan\u00eda. <strong>S\u00e9 parte del cambio en favor de un futuro m\u00e1s ecol\u00f3gico.<\/strong><\/p>\n\n<p><strong>Referencias<\/strong><\/p>\n\n<ol class=\"wp-block-list\">\n<li>Greenpeace. <a href=\"https:\/\/es.greenpeace.org\/es\/trabajamos-en\/consumismo\/\">Consumismo<\/a>. Greenpeace, s\/f. Consultado el 11 de noviembre de 2020.<\/li>\n\n\n\n<li>Hannah Ritchie. <a href=\"https:\/\/www.bbc.com\/mundo\/noticias-47119001\">Qu\u00e9 pa\u00edses del mundo consumen m\u00e1s carne (y hay uno de Latinoam\u00e9rica)<\/a>. BBC News, 2019. Consultado el 11 de noviembre de 2020.<\/li>\n\n\n\n<li>EFEverde. <a href=\"https:\/\/www.efeverde.com\/noticias\/huella-ecologica-tecnologia\/\">\u00bfCu\u00e1l es la huella ecol\u00f3gica del fren\u00e9tico auge de la tecnolog\u00eda?<\/a> EFEverde, 2020. Consultado el 11 de noviembre de 2020.<\/li>\n\n\n\n<li>Teresa S\u00e1nchez Vilches. <a href=\"https:\/\/www.milenio.com\/politica\/comunidad\/cambio-climatico-comer-carne-dejar-consumismo-frenarlo\">Consumir menos carne, una medida contra el cambio clim\u00e1tico al alcance de todos.<\/a> Milenio, 2020. Consultado el 11 de noviembre de 2020.\u00a0<\/li>\n\n\n\n<li>Hugo Maguey. <a href=\"https:\/\/www.gaceta.unam.mx\/crisis-agua-industria\/\">M\u00e1s de 80% del agua se va en uso agr\u00edcola y de la industria<\/a>. Gaceta UNAM, 2018. Consultado el 11 de noviembre de 2020.<\/li>\n\n\n\n<li>Aristegui Noticias. <a href=\"https:\/\/aristeguinoticias.com\/1407\/mexico\/el-boom-de-los-centros-comerciales-en-cdmx-108-plazas-nuevas-en-12\/\">El &#8216;boom&#8217; de los centros comerciales en CDMX: 108 plazas nuevas en 12 a\u00f1os<\/a>. Aristegui Noticias, 2018. Consultado el 11 de noviembre de 2020.<\/li>\n\n\n\n<li>Sally Ho. <a href=\"https:\/\/www.greenqueen.com.hk\/10-ways-millennials-gen-zs-are-changing-what-and-how-we-buy-conscious-consumers\/\">Conscious Consumers: 10 Ways Millennials &amp; Gen Zs Are Changing How &amp; What We Buy<\/a> (en ingl\u00e9s). Green Queen, 2020. Consultado el 11 de noviembre de 2020.<\/li>\n<\/ol>\n","protected":false},"excerpt":{"rendered":"<p>\u00bfC\u00f3mo afecta el consumismo al planeta? Conoce su impacto y \u00fanete a la exigencia por pol\u00edticas de consumo responsables y sostenibles.<\/p>\n","protected":false},"author":21,"featured_media":56744,"comment_status":"open","ping_status":"open","sticky":false,"template":"","format":"standard","meta":{"ep_exclude_from_search":false,"p4_og_title":"Consumismo: el fen\u00f3meno que pone en jaque al planeta","p4_og_description":"\u00bfC\u00f3mo afecta el consumismo al planeta? Conoce su impacto y \u00fanete a la exigencia por pol\u00edticas de consumo responsables y sostenibles.","p4_og_image":"https:\/\/www.greenpeace.org\/static\/planet4-mexico-stateless\/2025\/06\/8fa1ba04-plasticos-protesta-camara-diputados.jpg","p4_og_image_id":"56744","p4_seo_canonical_url":"","p4_campaign_name":"not set","p4_local_project":"not set","p4_basket_name":"not set","p4_department":"","footnotes":""},"categories":[45],"tags":[20,67],"p4-page-type":[14],"class_list":["post-9316","post","type-post","status-publish","format-standard","has-post-thumbnail","hentry","category-plasticos","tag-consumo","tag-tratado-global-de-plasticos","p4-page-type-blog"],"_links":{"self":[{"href":"https:\/\/www.greenpeace.org\/mexico\/wp-json\/wp\/v2\/posts\/9316","targetHints":{"allow":["GET"]}}],"collection":[{"href":"https:\/\/www.greenpeace.org\/mexico\/wp-json\/wp\/v2\/posts"}],"about":[{"href":"https:\/\/www.greenpeace.org\/mexico\/wp-json\/wp\/v2\/types\/post"}],"author":[{"embeddable":true,"href":"https:\/\/www.greenpeace.org\/mexico\/wp-json\/wp\/v2\/users\/21"}],"replies":[{"embeddable":true,"href":"https:\/\/www.greenpeace.org\/mexico\/wp-json\/wp\/v2\/comments?post=9316"}],"version-history":[{"count":8,"href":"https:\/\/www.greenpeace.org\/mexico\/wp-json\/wp\/v2\/posts\/9316\/revisions"}],"predecessor-version":[{"id":58775,"href":"https:\/\/www.greenpeace.org\/mexico\/wp-json\/wp\/v2\/posts\/9316\/revisions\/58775"}],"wp:featuredmedia":[{"embeddable":true,"href":"https:\/\/www.greenpeace.org\/mexico\/wp-json\/wp\/v2\/media\/56744"}],"wp:attachment":[{"href":"https:\/\/www.greenpeace.org\/mexico\/wp-json\/wp\/v2\/media?parent=9316"}],"wp:term":[{"taxonomy":"category","embeddable":true,"href":"https:\/\/www.greenpeace.org\/mexico\/wp-json\/wp\/v2\/categories?post=9316"},{"taxonomy":"post_tag","embeddable":true,"href":"https:\/\/www.greenpeace.org\/mexico\/wp-json\/wp\/v2\/tags?post=9316"},{"taxonomy":"p4-page-type","embeddable":true,"href":"https:\/\/www.greenpeace.org\/mexico\/wp-json\/wp\/v2\/p4-page-type?post=9316"}],"curies":[{"name":"wp","href":"https:\/\/api.w.org\/{rel}","templated":true}]}}