{"id":970,"date":"2018-06-26T00:00:00","date_gmt":"2018-06-26T05:00:00","guid":{"rendered":"https:\/\/www.greenpeace.org\/mexico\/blog\/970\/suprema-corte-decidira-si-comunidades-pueden-participar-en-asuntos-que-afectan-el-medio-ambiente\/"},"modified":"2025-08-27T01:01:21","modified_gmt":"2025-08-27T06:01:21","slug":"el-agua-si-esta-en-peligro-los-decretos-dejan-sin-proteccion-casi-70-del-agua-disponible-en-esas-cuencas","status":"publish","type":"post","link":"https:\/\/www.greenpeace.org\/mexico\/informacion-prensa\/970\/el-agua-si-esta-en-peligro-los-decretos-dejan-sin-proteccion-casi-70-del-agua-disponible-en-esas-cuencas\/","title":{"rendered":"El agua s\u00ed est\u00e1 en peligro: los decretos dejan sin protecci\u00f3n casi 70% del agua disponible en esas cuencas"},"content":{"rendered":"\n<p>Los 10 decretos que levantan vedas en diversas cuencas del pa\u00eds liberan vol\u00famenes de agua que previamente no pod\u00edan ser concesionados por la autoridad.<br>A diferencia de lo que sostiene la autoridad, quedan reservadas para conservaci\u00f3n ecol\u00f3gica apenas arriba del 30% del volumen de las cuencas hidrol\u00f3gicas derivadas de los decretos en materia de agua.<\/p>\n\n<figure class=\"wp-block-image size-large\"><img loading=\"lazy\" decoding=\"async\" width=\"1024\" height=\"613\" src=\"https:\/\/www.greenpeace.org\/static\/planet4-mexico-stateless\/2025\/04\/2ff6d432-agua-en-peligro-1024x613.jpg\" title=\"Fotograf\u00eda de la cuenca en el Valle de M\u00e9xico.\" alt=\"Fotograf\u00eda de la cuenca en el Valle de M\u00e9xico.\" class=\"wp-image-55112\" srcset=\"https:\/\/www.greenpeace.org\/static\/planet4-mexico-stateless\/2025\/04\/2ff6d432-agua-en-peligro-1024x613.jpg 1024w, https:\/\/www.greenpeace.org\/static\/planet4-mexico-stateless\/2025\/04\/2ff6d432-agua-en-peligro-300x180.jpg 300w, https:\/\/www.greenpeace.org\/static\/planet4-mexico-stateless\/2025\/04\/2ff6d432-agua-en-peligro-768x460.jpg 768w, https:\/\/www.greenpeace.org\/static\/planet4-mexico-stateless\/2025\/04\/2ff6d432-agua-en-peligro-510x305.jpg 510w, https:\/\/www.greenpeace.org\/static\/planet4-mexico-stateless\/2025\/04\/2ff6d432-agua-en-peligro.jpg 1200w\" sizes=\"auto, (max-width: 1024px) 100vw, 1024px\" \/><\/figure>\n\n<h2 class=\"wp-block-heading\">Un retroceso ambiental disfrazado de protecci\u00f3n ecol\u00f3gica<\/h2>\n\n<p>Los decretos constituyen un retroceso en la protecci\u00f3n al ambiente y de las generaciones futuras y podr\u00edan poner incluso en entre dicho el derecho humano al agua.<br>Producto de los diez decretos[1] emitidos por el Ejecutivo Federal el pasado 6 de junio, se establecieron zonas de reserva parcial de aguas nacionales superficiales para destinarse al uso ambiental o para conservaci\u00f3n ecol\u00f3gica en diversas cuencas hidrol\u00f3gicas.<\/p>\n\n<p>A diferencia de lo que sostienen los impulsores de esta medida, al analizar cada uno de los decretos emitidos y comparando el volumen de las reservas asignadas para conservaci\u00f3n frente a la disponibilidad de la cuenca, se estima que en promedio los decretos solo emitidos una protecci\u00f3n de poco m\u00e1s del 30% para conservaci\u00f3n ecol\u00f3gica y menos del 1% para uso dom\u00e9stico y p\u00fablico urbano.<\/p>\n\n<h3 class=\"wp-block-heading\">Agua liberada para la explotaci\u00f3n industrial<\/h3>\n\n<p>Lo anterior dej\u00f3 sin protecci\u00f3n casi el 70% del volumen de las cuencas \u2013 en algunos casos, el levantamiento de vedas y la siguiente imposici\u00f3n de reservas permitieron la liberaci\u00f3n de vol\u00famenes incluso m\u00e1s significativos (hasta 91.5% del agua disponible en el caso de la cuenca del r\u00edo P\u00e1nuco 2) \u2013, que ahora est\u00e1n disponibles para la explotaci\u00f3n, el uso y su aprovechamiento para cualquier uso incluyendo el sector industrial y extractivo.<\/p>\n\n<p>Aun cuando compartimos los principios que supuestamente motivaron estos decretos (en efecto una adecuada gesti\u00f3n del agua tiene que reconocer que los ecosistemas necesitan del l\u00edquido para sobrevivir, pensar en las poblaciones futuras y en esta \u00f3ptica, limitar las actividades econ\u00f3micas) en el caso espec\u00edfico, la preocupaci\u00f3n ambiental fue la excusa para liberar la posibilidad de concesionar al sector productivo aguas que bajo el r\u00e9gimen de la veda no pod\u00eda serlo. Antes de cualquier modificaci\u00f3n adem\u00e1s, la autoridad hubiera actualizado debido los datos sobre disponibilidad de agua pues algunos datan de 2011 [2].<\/p>\n\n<h2 class=\"wp-block-heading\">Conagua y la discrecionalidad en la gesti\u00f3n del agua<\/h2>\n\n<p>Como organizaciones de la sociedad civil promotoras y defensoras de los derechos humanos al agua potable y al saneamiento estamos muy preocupadas porque leemos estos decretos como instrumentos intencionalmente ambiguos para mantener la discrecionalidad del manejo del agua que ha caracterizado a la Conagua. Las declaraciones de esta instituci\u00f3n lejos de tranquilizarnos nos reafirman su profundo desprecio por los aspectos sociales, culturales y ambientales del agua al declarar que la gesti\u00f3n del agua es un problema meramente t\u00e9cnico.<\/p>\n\n<p>El Director de Conagua se atreve a afirmar que la Comisi\u00f3n protege a \u201clas generaciones futuras\u201d cuando en esta administraci\u00f3n, emiti\u00f3 el 30 de agosto de 2017, los Lineamientos para la protecci\u00f3n y conservaci\u00f3n de las aguas nacionales en actividades de exploraci\u00f3n y extracci\u00f3n de hidrocarburos en yacimientos no convencionales [3], que al amparo de las disposiciones de la reforma energ\u00e9tica habilitan a las empresas la realizaci\u00f3n de los proyectos de fracking que precisamente atentan contra las generaciones presentes y futuras.<\/p>\n\n<h3 class=\"wp-block-heading\">Llamado urgente a una gesti\u00f3n justa y sustentable<\/h3>\n\n<p>Queremos reiterar, con base en las consideraciones anteriores, nuestra preocupaci\u00f3n por el futuro de los recursos h\u00eddricos en manos de una instituci\u00f3n que ha tomado en forma unilateral \u2013sin participaci\u00f3n ciudadana\u2013 varias decisiones equivocadas en relaci\u00f3n a la gesti\u00f3n del agua, que ha permitido la sobreexplotaci\u00f3n de los acu\u00edferos, que ha otorgado millas de concesiones de agua para actividades extractivas y que no ha controlado adecuadamente las descargas de aguas residuales.<\/p>\n\n<p>Urgimos a las autoridades a que establezcan las medidas necesarias para proteger los vol\u00famenes de agua a los que levant\u00f3 la veda y la protecci\u00f3n necesaria para garantizar que se realice un manejo justo, democr\u00e1tico, equitativo y sustentable del agua en M\u00e9xico.<\/p>\n<div>\n<p>\u00a0<\/p>\n<p><strong>Notas:<\/strong><\/p>\n<p><a href=\"https:\/\/www.greenpeace.org\/static\/planet4-mexico-stateless\/2018\/11\/13c9b318-13c9b318-decretos-de-supresi\u00f3n-de-vedas.pdf\" target=\"_blank\" rel=\"noopener noreferrer\" data-saferedirecturl=\"https:\/\/www.google.com\/url?hl=en&amp;q=http:\/\/www.nofrackingmexico.org\/wp-content\/uploads\/2018\/06\/Decretos-de-supresi%25C3%25B3n-de-vedas.pdf&amp;source=gmail&amp;ust=1530122260665000&amp;usg=AFQjCNFj4eI42zUQaJCvxZumEI7_P3CvEw\">Tabla con informaci\u00f3n de los decretos<\/a>, que detalla datos de disponibilidad, vol\u00famenes reservados para uso ambiental, dom\u00e9stico y p\u00fablico urbano y vol\u00famenes disponibles por cuenca para concesionar o asignar.<\/p>\n<p><a href=\"http:\/\/www.nofrackingmexico.org\/?p=2218&amp;preview=true#_ftnref1\" target=\"_blank\" rel=\"noopener noreferrer\" name=\"m_8136644637414160294_m_-1444102175933475074_m_-2585479361336395418__ftn1\" data-saferedirecturl=\"https:\/\/www.google.com\/url?hl=en&amp;q=http:\/\/www.nofrackingmexico.org\/?p%3D2218%26preview%3Dtrue%23_ftnref1&amp;source=gmail&amp;ust=1530122260665000&amp;usg=AFQjCNF6Palj3usVU9FQDWlJN8jv32RGaw\">[1]<\/a>\u00a0Diario Oficial de la Federaci\u00f3n 6 de junio 2018\u00a0<a href=\"http:\/\/www.dof.gob.mx\/index.php?year=2018&amp;month=06&amp;day=06\" target=\"_blank\" rel=\"noopener noreferrer\" data-saferedirecturl=\"https:\/\/www.google.com\/url?hl=en&amp;q=http:\/\/www.dof.gob.mx\/index.php?year%3D2018%26month%3D06%26day%3D06&amp;source=gmail&amp;ust=1530122260666000&amp;usg=AFQjCNE_aVYgufx5F1Co2ZKEWDSblKIQzA\">http:\/\/www.dof.gob.mx\/index.php?year=2018&amp;month=06&amp;day=06<\/a><\/p>\n<p><a href=\"http:\/\/www.nofrackingmexico.org\/?p=2218&amp;preview=true#_ftnref2\" target=\"_blank\" rel=\"noopener noreferrer\" name=\"m_8136644637414160294_m_-1444102175933475074_m_-2585479361336395418__ftn2\" data-saferedirecturl=\"https:\/\/www.google.com\/url?hl=en&amp;q=http:\/\/www.nofrackingmexico.org\/?p%3D2218%26preview%3Dtrue%23_ftnref2&amp;source=gmail&amp;ust=1530122260666000&amp;usg=AFQjCNFcQSvL9jt-br0pBRsPiYjyd4c-xA\">[2]<\/a>\u00a0Consideraciones del CEMDA frente a los Decretos de Zonas de Reserva de Agua\u00a0<a href=\"http:\/\/www.cemda.org.mx\/consideraciones-del-cemda-frente-a-los-decretos-de-zonas-de-reserva-de-agua\/\" target=\"_blank\" rel=\"noopener noreferrer\" data-saferedirecturl=\"https:\/\/www.google.com\/url?hl=en&amp;q=http:\/\/www.cemda.org.mx\/consideraciones-del-cemda-frente-a-los-decretos-de-zonas-de-reserva-de-agua\/&amp;source=gmail&amp;ust=1530122260666000&amp;usg=AFQjCNFsSqe0Gpt342EPfiXpHgux_eCkjg\">http:\/\/www.cemda.org.mx\/consideraciones-del-cemda-frente-a-los-decretos-de-zonas-de-reserva-de-agua\/<\/a><\/p>\n<p><a href=\"http:\/\/www.nofrackingmexico.org\/?p=2218&amp;preview=true#_ftnref3\" target=\"_blank\" rel=\"noopener noreferrer\" name=\"m_8136644637414160294_m_-1444102175933475074_m_-2585479361336395418__ftn3\" data-saferedirecturl=\"https:\/\/www.google.com\/url?hl=en&amp;q=http:\/\/www.nofrackingmexico.org\/?p%3D2218%26preview%3Dtrue%23_ftnref3&amp;source=gmail&amp;ust=1530122260666000&amp;usg=AFQjCNHbyDd6MPNPhDvhEpzaCk5DfXtWUA\">[3]<\/a>\u00a0<a href=\"http:\/\/www.dof.gob.mx\/nota_detalle.php?codigo=5495543&amp;fecha=30\/08\/2017\" target=\"_blank\" rel=\"noopener noreferrer\" data-saferedirecturl=\"https:\/\/www.google.com\/url?hl=en&amp;q=http:\/\/www.dof.gob.mx\/nota_detalle.php?codigo%3D5495543%26fecha%3D30\/08\/2017&amp;source=gmail&amp;ust=1530122260666000&amp;usg=AFQjCNH1IgfeWbsB-MQDxCWPbNuzh-nMFA\">http:\/\/www.dof.gob.mx\/nota_detalle.php?codigo=5495543&amp;fecha=30\/08\/2017<\/a><\/p>\n<\/div>\n","protected":false},"excerpt":{"rendered":"<p>Decretos del gobierno liberan casi 70% del agua en cuencas, dejando sin protecci\u00f3n recursos vitales y poniendo en riesgo el derecho humano al agua.<\/p>\n","protected":false},"author":29,"featured_media":55112,"comment_status":"open","ping_status":"open","sticky":false,"template":"","format":"standard","meta":{"ep_exclude_from_search":false,"p4_og_title":"El agua s\u00ed est\u00e1 en peligro: los decretos dejan sin protecci\u00f3n casi 70% del agua disponible en esas cuencas","p4_og_description":"Decretos del gobierno liberan casi 70% del agua en cuencas, dejando sin protecci\u00f3n recursos vitales y poniendo en riesgo el derecho humano al agua.","p4_og_image":"https:\/\/www.greenpeace.org\/static\/planet4-mexico-stateless\/2025\/04\/2ff6d432-agua-en-peligro.jpg","p4_og_image_id":"55112","p4_seo_canonical_url":"","p4_campaign_name":"","p4_local_project":"","p4_basket_name":"","p4_department":"","footnotes":""},"categories":[39],"tags":[47,53],"p4-page-type":[16],"class_list":["post-970","post","type-post","status-publish","format-standard","has-post-thumbnail","hentry","category-clima-y-energia","tag-cambio-climatico","tag-perdida-de-ecosistemas","p4-page-type-informacion-prensa"],"_links":{"self":[{"href":"https:\/\/www.greenpeace.org\/mexico\/wp-json\/wp\/v2\/posts\/970","targetHints":{"allow":["GET"]}}],"collection":[{"href":"https:\/\/www.greenpeace.org\/mexico\/wp-json\/wp\/v2\/posts"}],"about":[{"href":"https:\/\/www.greenpeace.org\/mexico\/wp-json\/wp\/v2\/types\/post"}],"author":[{"embeddable":true,"href":"https:\/\/www.greenpeace.org\/mexico\/wp-json\/wp\/v2\/users\/29"}],"replies":[{"embeddable":true,"href":"https:\/\/www.greenpeace.org\/mexico\/wp-json\/wp\/v2\/comments?post=970"}],"version-history":[{"count":8,"href":"https:\/\/www.greenpeace.org\/mexico\/wp-json\/wp\/v2\/posts\/970\/revisions"}],"predecessor-version":[{"id":58573,"href":"https:\/\/www.greenpeace.org\/mexico\/wp-json\/wp\/v2\/posts\/970\/revisions\/58573"}],"wp:featuredmedia":[{"embeddable":true,"href":"https:\/\/www.greenpeace.org\/mexico\/wp-json\/wp\/v2\/media\/55112"}],"wp:attachment":[{"href":"https:\/\/www.greenpeace.org\/mexico\/wp-json\/wp\/v2\/media?parent=970"}],"wp:term":[{"taxonomy":"category","embeddable":true,"href":"https:\/\/www.greenpeace.org\/mexico\/wp-json\/wp\/v2\/categories?post=970"},{"taxonomy":"post_tag","embeddable":true,"href":"https:\/\/www.greenpeace.org\/mexico\/wp-json\/wp\/v2\/tags?post=970"},{"taxonomy":"p4-page-type","embeddable":true,"href":"https:\/\/www.greenpeace.org\/mexico\/wp-json\/wp\/v2\/p4-page-type?post=970"}],"curies":[{"name":"wp","href":"https:\/\/api.w.org\/{rel}","templated":true}]}}