{"id":9978,"date":"2021-04-22T14:50:58","date_gmt":"2021-04-22T19:50:58","guid":{"rendered":"https:\/\/www.greenpeace.org\/mexico\/?p=9978"},"modified":"2021-04-22T15:25:04","modified_gmt":"2021-04-22T20:25:04","slug":"senala-greenpeace-mexico-a-la-termoelectrica-de-tula-por-su-exceso-de-contaminacion","status":"publish","type":"post","link":"https:\/\/www.greenpeace.org\/mexico\/informacion-prensa\/9978\/senala-greenpeace-mexico-a-la-termoelectrica-de-tula-por-su-exceso-de-contaminacion\/","title":{"rendered":"Se\u00f1ala Greenpeace M\u00e9xico a la Termoel\u00e9ctrica de Tula por su exceso de contaminaci\u00f3n"},"content":{"rendered":"\n<p>&nbsp;La instalaci\u00f3n de la CFE viola normas ambientales y de operaci\u00f3n y ya sobrepas\u00f3 su tiempo de vida \u00fatil. Es urgente un cambio en el modelo de generaci\u00f3n de energ\u00eda.&nbsp;<\/p>\n\n<p>Es una de las principales fuentes de emisi\u00f3n de di\u00f3xido de azufre en el mundo y provoca alrededor de 16 mil muertes prematuras al a\u00f1o en su zona de influencia.&nbsp;<\/p>\n\n<p>&nbsp;Tula de Allende, Hgo, 22 de abril de 2021.- Greenpeace M\u00e9xico exhibi\u00f3 a la Termoel\u00e9ctrica \u201cFrancisco P\u00e9rez R\u00edos\u201d de la Comisi\u00f3n Federal de Electricidad (CFE), como una instalaci\u00f3n que genera exceso de contaminaci\u00f3n, que afecta gravemente la salud de la poblaci\u00f3n en su zona de influencia.&nbsp;<\/p>\n\n<p>Durante una acci\u00f3n pac\u00edfica realizada en el marco del D\u00eda de la Tierra frente a dichas instalaciones, el grupo ambientalista elev\u00f3 un globo aerost\u00e1tico con la etiqueta \u201cExceso de contaminaci\u00f3n\u201d como las usadas en los alimentos industrializados, para advertir que en ese lugar, se quema combust\u00f3leo con contenido de 3.9 por ciento de azufre en masa, rebasando el l\u00edmite m\u00e1ximo establecido por la Norma Oficial Mexicana NOM-016-CRE-2016, de 2 por ciento. El combust\u00f3leo es una de las fuentes f\u00f3siles que m\u00e1s gases de efecto invernadero emiten por kWh, 898gCO2 y tambi\u00e9n una de las m\u00e1s caras, 139 d\u00f3lares por mWh (1).&nbsp;<\/p>\n\n<p>Desde el globo aerost\u00e1tico que se lanz\u00f3 al aire al amanecer frente a la termoel\u00e9ctrica, Pablo Ram\u00edrez Granados, especialista en Cambio Clim\u00e1tico y Energ\u00eda de Greenpeace M\u00e9xico, se\u00f1al\u00f3 la urgencia del cambio de modelo de generaci\u00f3n el\u00e9ctrica en el pa\u00eds.&nbsp;<\/p>\n\n<p>\u201cEsta termoel\u00e9ctrica alimentada por combust\u00f3leo pesado (un producto residual de la refinaci\u00f3n de petr\u00f3leo) genera di\u00f3xido de azufre (SO2) en concentraciones 100 por ciento superiores a las permitidas por la Norma Oficial y sus emisiones contaminantes son responsables de hasta 16 mil muertes prematuras en su zona de influencia, que incluye varios municipios del Valle del Mezquital, en Hidalgo; otros en el Estado de M\u00e9xico y varias alcald\u00edas de la Ciudad de M\u00e9xico (2)\u201d, asegur\u00f3 Ram\u00edrez Granados.&nbsp;<\/p>\n\n<p>La termoel\u00e9ctrica de Tula es obsoleta y ha sido descuidada durante a\u00f1os por varios gobiernos; es una de las principales fuentes de emisi\u00f3n de di\u00f3xido de azufre en el mundo (3), lo que agrava la de por s\u00ed terrible situaci\u00f3n de deterioro ambiental y de salud p\u00fablica que existe en la zona, caracterizada como Regi\u00f3n de Emergencia Ambiental (REA).&nbsp;<\/p>\n\n<p>La organizaci\u00f3n demand\u00f3 la diversificaci\u00f3n en la generaci\u00f3n de electricidad y sustituir progresivamente el uso de combustibles f\u00f3siles, enfatizando el potencial&nbsp;<\/p>\n\n<p>de participaci\u00f3n de las energ\u00edas renovables en esa tarea y que el Estado debe tener un papel preponderante en su desarrollo.&nbsp;<\/p>\n\n<p>\u201cHemos venido una vez m\u00e1s a la Termoel\u00e9ctrica Francisco P\u00e9rez R\u00edos para advertir que usar combust\u00f3leo para generar electricidad produce graves da\u00f1os a la salud p\u00fablica, incluyendo la de los propios trabajadores. El gobierno federal tiene el poder de transformar al pa\u00eds en un referente global de generaci\u00f3n de electricidad renovable, segura y soberana.&nbsp;<\/p>\n\n<p>Cabe recordar que en un mensaje compartido el domingo 18 de abril por el presidente Andr\u00e9s Manuel L\u00f3pez Obrador en sus redes sociales, anunci\u00f3 entre otras medidas para mitigar el cambio clim\u00e1tico, que no se usar\u00e1 m\u00e1s combust\u00f3leo en M\u00e9xico para generar electricidad. Es imprescindible que este compromiso se traduzca en una prohibici\u00f3n expl\u00edcita.&nbsp;<\/p>\n\n<p>Greenpeace demanda un sector energ\u00e9tico social y ambientalmente sustentable, con total respeto a los derechos humanos, en el que las energ\u00edas renovables tengan una participaci\u00f3n mayoritaria, al tiempo que se reduzca la demanda y consumo de energ\u00eda. Una transformaci\u00f3n en este sentido reducir\u00eda significativamente el uso de combustibles f\u00f3siles y ayudar\u00eda a mitigar la crisis clim\u00e1tica y las externalidades en cuesti\u00f3n de salud del modelo actual.&nbsp;<\/p>\n\n<p>Material Gr\u00e1fico en el siguiente enlace:&nbsp;<\/p>\n\n<figure class=\"wp-block-embed\"><div class=\"wp-block-embed__wrapper\">\nhttps:\/\/drive.google.com\/drive\/folders\/1oOvR-iOULWDgIi5DuY8UUflwNeb3ojQL\n<\/div><\/figure>\n\n<p><strong>Fuentes:&nbsp;<\/strong><\/p>\n\n<p>1. Beatriz Olivera Villa. (2020). EL CAMINO DE M\u00c9XICO HACIA LA JUSTICIA ENERG\u00c9TICA. M\u00e9xico: Greenpeace.&nbsp;<\/p>\n\n<p>2. Iniciativa Clim\u00e1tica de M\u00e9xico. (2021). ESTUDIO SOBRE LA INFLUENCIA DE LA CENTRAL TERMOEL\u00c9CTRICA DE TULA, HIDALGO, EN LA CALIDAD DEL AIRE REGIONAL. M\u00e9xico: ICM.&nbsp;<\/p>\n\n<p>3. Dahiya, S., Anh\u00e4user, A., Farrow, A., Thieriot, H., Kumar, A., &amp; Myllyvirta, L. Global SO2 emission hotspot database. Delhi: Center for Research on Energy and Clean Air &amp; Greenpeace India. 48 pp. October 2020.&nbsp;<\/p>\n\n<p><strong>Mayor Informaci\u00f3n: <\/strong>Coordinaci\u00f3n de Medios de Greenpeace M\u00e9xico con Juan Carlos Villarruel al correo prensa.mx@greenpeace.org o al tel\u00e9fono 5570514118<\/p>\n\t\t\t<section\n\t\t\tclass=\"boxout  \"\n\t\t\t\n\t\t>\n\t\t\t<a\n\t\t\t\tdata-ga-category=\"Take Action Boxout\"\n\t\t\t\tdata-ga-action=\"Image\"\n\t\t\t\tdata-ga-label=\"n\/a\"\n\t\t\t\tclass=\"cover-card-overlay\"\n\t\t\t\thref=\"https:\/\/actua.greenpeace.org.mx\/justicia-energetica\" target=\"_blank\"\n\t\t\t><\/a>\n\t\t\t\t\t\t\t<img\n\t\t\t\t\t\tsrc=\"https:\/\/www.greenpeace.org\/static\/planet4-mexico-stateless\/2021\/04\/17a0cef9-accion-tula-1024x683.jpeg\"\n\t\t\t\t\t\tsrcset=\"https:\/\/www.greenpeace.org\/static\/planet4-mexico-stateless\/2021\/04\/17a0cef9-accion-tula-300x200.jpeg 300w, https:\/\/www.greenpeace.org\/static\/planet4-mexico-stateless\/2021\/04\/17a0cef9-accion-tula-1024x683.jpeg 1024w, https:\/\/www.greenpeace.org\/static\/planet4-mexico-stateless\/2021\/04\/17a0cef9-accion-tula-768x512.jpeg 768w, https:\/\/www.greenpeace.org\/static\/planet4-mexico-stateless\/2021\/04\/17a0cef9-accion-tula-1536x1024.jpeg 1536w, https:\/\/www.greenpeace.org\/static\/planet4-mexico-stateless\/2021\/04\/17a0cef9-accion-tula-2048x1366.jpeg 2048w, https:\/\/www.greenpeace.org\/static\/planet4-mexico-stateless\/2021\/04\/17a0cef9-accion-tula-510x340.jpeg 510w\"\n\t\t\t\t\t\tsizes=\"(min-width: 1000px) 358px, (min-width: 780px) 313px, 88px\"\n\t\t\t\t\t\talt=\"Acci\u00f3n Energ\u00eda Tula\" title=\"Acci\u00f3n Energ\u00eda Tula\"\n\t\t\t\t\/>\n            \t\t\t<div class=\"boxout-content\">\n\t\t\t\t\t\t\t\t\t<a\n\t\t\t\t\t\tclass=\"boxout-heading medium\"\n\t\t\t\t\t\tdata-ga-category=\"Take Action Boxout\"\n\t\t\t\t\t\tdata-ga-action=\"Title\"\n\t\t\t\t\t\tdata-ga-label=\"n\/a\"\n\t\t\t\t\t\thref=\"https:\/\/actua.greenpeace.org.mx\/justicia-energetica\"\n\t\t\t\t\t\ttarget=\"_blank\"\n\t\t\t\t\t>\n\t\t\t\t\t\t\u00a1No m\u00e1s combustibles f\u00f3siles!\n\t\t\t\t\t<\/a>\n\t\t\t\t\t\t\t\t\t\t\t\t\t<p class=\"boxout-excerpt\">Quemar combustibles f\u00f3siles para generar energ\u00eda el\u00e9ctrica nos est\u00e1 enfermando. Las emisiones contaminantes de las termoel\u00e9ctricas que utilizan combust\u00f3leo, gas o carb\u00f3n son una grave amenaza para la salud y para el clima del planeta.<\/p>\n\t\t\t\t                                    <a\n                        class=\"btn btn-primary\"\n                        data-ga-category=\"Take Action Boxout\"\n                        data-ga-action=\"Call to Action\"\n                        data-ga-label=\"n\/a\"\n                        href=\"https:\/\/actua.greenpeace.org.mx\/justicia-energetica\"\n                        target=\"_blank\"\n                    >\n                        Firma\n                    <\/a>\n                \t\t\t<\/div>\n\t\t\t\t\t<\/section>\n\t","protected":false},"excerpt":{"rendered":"<p>&nbsp;La instalaci\u00f3n de la CFE viola normas ambientales y de operaci\u00f3n y ya sobrepas\u00f3 su tiempo de vida \u00fatil. Es urgente un cambio en el modelo de generaci\u00f3n de energ\u00eda.&nbsp;<\/p>\n","protected":false},"author":26,"featured_media":9976,"comment_status":"open","ping_status":"open","sticky":false,"template":"","format":"standard","meta":{"ep_exclude_from_search":false,"p4_og_title":"","p4_og_description":"","p4_og_image":"","p4_og_image_id":"","p4_seo_canonical_url":"","p4_campaign_name":"not set","p4_local_project":"not set","p4_basket_name":"not set","p4_department":"","footnotes":""},"categories":[2],"tags":[],"p4-page-type":[16],"class_list":["post-9978","post","type-post","status-publish","format-standard","has-post-thumbnail","hentry","category-cambio-climatico","p4-page-type-informacion-prensa"],"_links":{"self":[{"href":"https:\/\/www.greenpeace.org\/mexico\/wp-json\/wp\/v2\/posts\/9978","targetHints":{"allow":["GET"]}}],"collection":[{"href":"https:\/\/www.greenpeace.org\/mexico\/wp-json\/wp\/v2\/posts"}],"about":[{"href":"https:\/\/www.greenpeace.org\/mexico\/wp-json\/wp\/v2\/types\/post"}],"author":[{"embeddable":true,"href":"https:\/\/www.greenpeace.org\/mexico\/wp-json\/wp\/v2\/users\/26"}],"replies":[{"embeddable":true,"href":"https:\/\/www.greenpeace.org\/mexico\/wp-json\/wp\/v2\/comments?post=9978"}],"version-history":[{"count":5,"href":"https:\/\/www.greenpeace.org\/mexico\/wp-json\/wp\/v2\/posts\/9978\/revisions"}],"predecessor-version":[{"id":9988,"href":"https:\/\/www.greenpeace.org\/mexico\/wp-json\/wp\/v2\/posts\/9978\/revisions\/9988"}],"wp:featuredmedia":[{"embeddable":true,"href":"https:\/\/www.greenpeace.org\/mexico\/wp-json\/wp\/v2\/media\/9976"}],"wp:attachment":[{"href":"https:\/\/www.greenpeace.org\/mexico\/wp-json\/wp\/v2\/media?parent=9978"}],"wp:term":[{"taxonomy":"category","embeddable":true,"href":"https:\/\/www.greenpeace.org\/mexico\/wp-json\/wp\/v2\/categories?post=9978"},{"taxonomy":"post_tag","embeddable":true,"href":"https:\/\/www.greenpeace.org\/mexico\/wp-json\/wp\/v2\/tags?post=9978"},{"taxonomy":"p4-page-type","embeddable":true,"href":"https:\/\/www.greenpeace.org\/mexico\/wp-json\/wp\/v2\/p4-page-type?post=9978"}],"curies":[{"name":"wp","href":"https:\/\/api.w.org\/{rel}","templated":true}]}}