{"id":20,"name":"Edith Martinez","url":"","description":"Edith Mart\u00ednez es periodista de formaci\u00f3n y coordinadora de medios en Greenpeace M\u00e9xico desde 2013.","link":"https:\/\/www.greenpeace.org\/mexico\/author\/emartine\/","slug":"emartine","avatar_urls":{"24":"https:\/\/secure.gravatar.com\/avatar\/db4dd3892590b3da29242e6f18ca2eaeb6dcca98f6d2d9b885b8454cf85bc185?s=24&d=retro&r=g","48":"https:\/\/secure.gravatar.com\/avatar\/db4dd3892590b3da29242e6f18ca2eaeb6dcca98f6d2d9b885b8454cf85bc185?s=48&d=retro&r=g","96":"https:\/\/secure.gravatar.com\/avatar\/db4dd3892590b3da29242e6f18ca2eaeb6dcca98f6d2d9b885b8454cf85bc185?s=96&d=retro&r=g"},"meta":[],"_links":{"self":[{"href":"https:\/\/www.greenpeace.org\/mexico\/wp-json\/wp\/v2\/users\/20","targetHints":{"allow":["GET"]}}],"collection":[{"href":"https:\/\/www.greenpeace.org\/mexico\/wp-json\/wp\/v2\/users"}]}}