{"id":17246,"date":"2019-04-02T12:00:36","date_gmt":"2019-04-02T10:00:36","guid":{"rendered":"https:\/\/www.greenpeace.org\/nl\/?p=17246"},"modified":"2025-07-02T10:28:52","modified_gmt":"2025-07-02T08:28:52","slug":"milieuorganisaties-koers-op-co2-taks-die-werkt","status":"publish","type":"post","link":"https:\/\/www.greenpeace.org\/nl\/algemeen\/17246\/milieuorganisaties-koers-op-co2-taks-die-werkt\/","title":{"rendered":"Milieuorganisaties: \u2018Koers op CO2-taks die werkt\u2019"},"content":{"rendered":"<p><span style=\"font-weight: 400;\">Amsterdam, 2 april 2019 &#8211; Een milde CO<\/span><span style=\"font-weight: 400;\">2<\/span><span style=\"font-weight: 400;\">-heffing brengt de klimaatdoelen dichterbij en biedt volop kansen voor de Nederlandse economie. Dat stellen milieuorganisaties vandaag bij de presentatie van hun uitwerking voor zo\u2019n belasting op de uitstoot van broeikasgassen. Kern van het plan van de milieuorganisaties is dat de heffing het bedrag oplevert, dat nodig is om de verduurzaming van de industrie te financieren. Daar bovenop komt een boete voor partijen die teveel CO<\/span><span style=\"font-weight: 400;\">2<\/span><span style=\"font-weight: 400;\"> blijven uitstoten. \u201cKlimaatverandering is de grootste uitdaging van de mensheid op dit moment, en een enorme kans voor die landen en bedrijven die met oplossingen komen. Een eerlijke en effici\u00ebnte CO2-heffing is er \u00e9\u00e9n die zorgt dat de uitstoot van de industrie omlaag gaat. Die daarnaast de lasten van klimaatbeleid rechtvaardig verdeelt. En waarvan de opbrengsten gebruikt worden voor investeringen in vergroening,\u201d stellen de organisaties. \u201cDe koolstofheffing en de omslag naar een groene economie zorgen voor veel bedrijvigheid in Nederland en kunnen worden gerealiseerd met behoud van werkgelegenheid.\u201d<\/span><\/p>\n<p><span style=\"font-weight: 400;\">De alliantie van Greenpeace, Natuur &amp; Milieu, Milieudefensie, de Natuur- en Milieufederaties en de Jonge Klimaatbeweging bepleit in hun voorstel verder dat:<\/span><\/p>\n<ul>\n<li style=\"font-weight: 400;\"><span style=\"font-weight: 400;\">De CO<\/span><span style=\"font-weight: 400;\">2<\/span><span style=\"font-weight: 400;\">-heffing wordt betaald door de industrie (300 grote bedrijven) en dat over elke ton CO<\/span><span style=\"font-weight: 400;\">2<\/span><span style=\"font-weight: 400;\"> die wordt uitgestoten, een heffing wordt geheven: een zogenoemde generieke heffing.<\/span><\/li>\n<li style=\"font-weight: 400;\"><span style=\"font-weight: 400;\">De heffing een zodanige hoogte heeft dat er nauwelijks negatieve effecten zijn voor de concurrentiepositie van bedrijven. <\/span><\/li>\n<li style=\"font-weight: 400;\"><span style=\"font-weight: 400;\">De heffing wordt \u2018teruggesluisd\u2019 naar de industrie om te verduurzamen. Dat gaat via subsidies, de zogenoemde SDE+. Indien er meer subsidie voor de industrie nodig is om de benodigde afname van de uitstoot te halen, kan de CO<\/span><span style=\"font-weight: 400;\">2<\/span><span style=\"font-weight: 400;\">-heffing worden verhoogd.<\/span><\/li>\n<li style=\"font-weight: 400;\"><span style=\"font-weight: 400;\">Er daarnaast een hoge extra heffing komt voor bedrijven die meer uitstoten dan de richtlijn voor effici\u00ebnt produceren, de zogenoemde benchmark, voor hun industrie toestaat. <\/span>De grens vanaf welke hoeveelheid CO2-uitstoot de hoge heffing moet worden betaald, wordt per industrietak berekend aan de hand van het reductiedoel: &#8211; 19,4 Mton CO2 voor de industrie.<\/li>\n<\/ul>\n<p><span style=\"font-weight: 400;\">Met een betaalbare CO<\/span><span style=\"font-weight: 400;\">2<\/span><span style=\"font-weight: 400;\">-heffing financiert de industrie haar eigen subsidiebehoefte voor verduurzaming en innovatie. Huishoudens en MKB draaien zo niet op voor de kosten van de industrie en hiermee wordt een eerlijke lastenverdeling geborgd. <\/span><\/p>\n<p><span style=\"font-weight: 400;\">Het kabinet komt binnenkort met nieuwe maatregelen waarmee de klimaatdoelen gehaald moeten worden. \u201cDat kan alleen met een eerlijke heffing voor iedere uitgestoten ton CO2. Daar kunnen minister Wiebes en premier Rutte niet omheen als ze klimaatbescherming serieus nemen,\u201d aldus de milieuorganisaties.<\/span><\/p>\n<p><span style=\"font-weight: 400;\">Onder het motto \u201cKoers op CO<\/span><span style=\"font-weight: 400;\">2<\/span><span style=\"font-weight: 400;\">-taks\u201d zijn wetenschappers, ondernemingsraden en vertegenwoordigers uit industrie en politiek aan boord van Greenpeace-schip de Esperanza om met elkaar in debat te gaan over de uitwerking van zo\u2019n heffing. <\/span><span style=\"font-weight: 400;\">Het schip zal nadat de gasten van boord zijn gegaan in Velsen, later haar weg naar Londen vervolgen.<\/span><\/p>\n<p><span style=\"font-weight: 400;\">Het CO2-heffingsvoorstel van de milieuorganisaties vindt u\u00a0<\/span><a href=\"https:\/\/www.greenpeace.org\/static\/planet4-netherlands-stateless\/2019\/04\/7d9a9a33-eerlijk-en-effectief-klimaatakkoord-koers-op-co2-taks.pdf\" target=\"_blank\" rel=\"noopener noreferrer\"><span style=\"font-weight: 400;\">hier [pdf]<\/span><\/a><\/p>\n<p>Foto&#8217;s worden zo snel mogelijk gepubliceerd en zijn dan <a href=\"https:\/\/media.greenpeace.org\/shoot\/27MZIFJWGA5QT\" target=\"_blank\" rel=\"noopener\"><span style=\"font-weight: 400;\">hier<\/span><\/a> te vinden.<\/p>\n","protected":false},"excerpt":{"rendered":"<p>Amsterdam, 2 april 2019 &#8211; Een milde CO2-heffing brengt de klimaatdoelen dichterbij en biedt volop kansen voor de Nederlandse economie. Dat stellen milieuorganisaties vandaag bij de presentatie van hun uitwerking&hellip;<\/p>\n","protected":false},"author":6,"featured_media":17486,"comment_status":"closed","ping_status":"closed","sticky":false,"template":"","format":"standard","meta":{"ep_exclude_from_search":false,"p4_og_title":"","p4_og_description":"","p4_og_image":"","p4_og_image_id":"","p4_seo_canonical_url":"","p4_campaign_name":"","p4_local_project":"","p4_basket_name":"","p4_department":"","footnotes":""},"categories":[17],"tags":[21,24,28,33,44,73],"p4-page-type":[14],"class_list":["post-17246","post","type-post","status-publish","format-standard","has-post-thumbnail","hentry","category-algemeen","tag-duurzaamheid","tag-politiek","tag-oplossingen","tag-kolen","tag-witness","tag-klimaatakkoord","p4-page-type-pers"],"_links":{"self":[{"href":"https:\/\/www.greenpeace.org\/nl\/wp-json\/wp\/v2\/posts\/17246","targetHints":{"allow":["GET"]}}],"collection":[{"href":"https:\/\/www.greenpeace.org\/nl\/wp-json\/wp\/v2\/posts"}],"about":[{"href":"https:\/\/www.greenpeace.org\/nl\/wp-json\/wp\/v2\/types\/post"}],"author":[{"embeddable":true,"href":"https:\/\/www.greenpeace.org\/nl\/wp-json\/wp\/v2\/users\/6"}],"replies":[{"embeddable":true,"href":"https:\/\/www.greenpeace.org\/nl\/wp-json\/wp\/v2\/comments?post=17246"}],"version-history":[{"count":11,"href":"https:\/\/www.greenpeace.org\/nl\/wp-json\/wp\/v2\/posts\/17246\/revisions"}],"predecessor-version":[{"id":71160,"href":"https:\/\/www.greenpeace.org\/nl\/wp-json\/wp\/v2\/posts\/17246\/revisions\/71160"}],"wp:featuredmedia":[{"embeddable":true,"href":"https:\/\/www.greenpeace.org\/nl\/wp-json\/wp\/v2\/media\/17486"}],"wp:attachment":[{"href":"https:\/\/www.greenpeace.org\/nl\/wp-json\/wp\/v2\/media?parent=17246"}],"wp:term":[{"taxonomy":"category","embeddable":true,"href":"https:\/\/www.greenpeace.org\/nl\/wp-json\/wp\/v2\/categories?post=17246"},{"taxonomy":"post_tag","embeddable":true,"href":"https:\/\/www.greenpeace.org\/nl\/wp-json\/wp\/v2\/tags?post=17246"},{"taxonomy":"p4-page-type","embeddable":true,"href":"https:\/\/www.greenpeace.org\/nl\/wp-json\/wp\/v2\/p4-page-type?post=17246"}],"curies":[{"name":"wp","href":"https:\/\/api.w.org\/{rel}","templated":true}]}}