{"id":58116,"date":"2023-05-11T06:01:00","date_gmt":"2023-05-11T04:01:00","guid":{"rendered":"https:\/\/www.greenpeace.org\/nl\/?p=58116"},"modified":"2025-07-02T10:18:47","modified_gmt":"2025-07-02T08:18:47","slug":"la-ciudadania-neerlandesa-toma-medidas-legales-contra-los-paises-bajos-por-el-impacto-climatico-sobre-la-isla-caribena-de-bonaire","status":"publish","type":"post","link":"https:\/\/www.greenpeace.org\/nl\/algemeen\/58116\/la-ciudadania-neerlandesa-toma-medidas-legales-contra-los-paises-bajos-por-el-impacto-climatico-sobre-la-isla-caribena-de-bonaire\/","title":{"rendered":"La ciudadan\u00eda neerlandesa toma medidas legales contra los Pa\u00edses Bajos por el impacto clim\u00e1tico sobre la isla caribe\u00f1a de Bonaire"},"content":{"rendered":"\n<p><strong>La Haya\/Kralendijk, mayo 11, 2023 \u2013 Los residentes y los ciudadanos holandeses de Bonaire, junto a Greenpeace Pa\u00edses Bajos, han tomado hoy medidas legales por la incapacidad del Gobierno para proteger la isla caribe\u00f1a contra los impactos del cambio clim\u00e1tico. Bonaire, antigua colonia holandesa, es desde 2010 un municipio especial holand\u00e9s. Seg\u00fan las 7 personas demandantes, el Estado ha sido negligente a la hora de protegerlos contra el cambio clim\u00e1tico, lo que viola sus derechos humanos. Adem\u00e1s exigen a los Pa\u00edses Bajos que reduzcan las emisiones de gases invernadero de forma <em>equitativa <\/em>y que protejan mejor la isla de Bonaire de los efectos del cambio clim\u00e1tico.<\/strong><\/p>\n\n<p>Seg\u00fan un informe cient\u00edfico de la universidad Vrije Universiteit Amsterdam del a\u00f1o pasado, la crisis clim\u00e1tica ya est\u00e1 afectando a la vida diaria de la ciudadan\u00eda del Caribe y, salvo que se tomen medidas, tendr\u00e1 un grave impacto sobre la isla de Bonaire.[1]<\/p>\n\n<p>En el precontencioso se envi\u00f3 un escrito de requerimiento al primer ministro, Rutte, en La Haya, como \u00faltima advertencia antes de emprender acciones legales contra el Estado holand\u00e9s.[2] Representantes de la di\u00e1spora caribe\u00f1a en los Pa\u00edses Bajos y de Greenpeace Pa\u00edses Bajos estar\u00e1n presentes en el despacho de Rutte esta ma\u00f1ana portando una pancarta que dice: <em>&#8220;Demandamos justicia &#8211; El caso clim\u00e1tico de Bonaire\u201d.<\/em><\/p>\n\n<p>Desde Bonaire las personas demandantes volvieron a pedir justicia clim\u00e1tica y un futuro seguro para su isla. La profesora Jackie Bernabela, de 65 a\u00f1os, declar\u00f3: <em>\u201cYa veo c\u00f3mo el cambio clim\u00e1tico est\u00e1 afectando a Bonaire a pesar de que somos una isla peque\u00f1a y apenas emitimos gases de efecto invernadero. Hasta ahora, el Gobierno holand\u00e9s en La Haya no nos ha escuchado. Si no se presiona al Gobierno en La Haya, nada cambiar\u00e1 en Bonaire\u201d.<\/em><\/p>\n\n<p>La trabajadora social, Danique Martis, de 25 a\u00f1os, se\u00f1al\u00f3: <em>\u201cEs importante que el Gobierno holand\u00e9s asuma su responsabilidad. Hay planes para proteger a los Pa\u00edses Bajos europeos contra la subida del nivel del mar, pero todav\u00eda no los hay para Bonaire. Demandamos justicia clim\u00e1tica\u201d.<\/em> El jardinero, Onnie Emerenciana, de 60 a\u00f1os, a\u00f1adi\u00f3: <em>\u201cNo se debe tratar a quienes residen en Bonaire como ciudadanos holandesas de segunda clase, tenemos derecho a recibir el mismo trato\u201d.<\/em><\/p>\n\n<p>Andy Palmen, director ejecutivo de Greenpeace Pa\u00edses Bajos, se\u00f1al\u00f3: <em>\u201cDeber\u00eda dar igual que vivas en Bonaire, La Haya o \u00c1msterdam. El Gobierno tiene el deber de proteger a todos los municipios contra las inundaciones y contra otros efectos fatales de la crisis clim\u00e1tica. Hasta ahora, el Gobierno holand\u00e9s ha decidido no proteger a quienes residen en Bonaire, aunque es muy necesario. Por eso hoy, junto con la poblaci\u00f3n de Bonaire, exigimos responsabilidades al Estado holand\u00e9s. Los Pa\u00edses Bajos tienen el deber de limitar el calentamiento global lo m\u00e1ximo posible para as\u00ed contribuir a la justicia clim\u00e1tica de la poblaci\u00f3n actual y de las generaciones futuras. Demandamos que se proteja mejor a Bonaire y que se reduzcan las emisiones holandeses de CO2 con mayor rapidez\u201d.<\/em><\/p>\n\n<p>Es vital que el planeta se mantenga por debajo de los 1,5 grados de calentamiento global, especialmente para peque\u00f1as islas como Bonaire. Por tanto, las personas demandantes exigen al Estado holand\u00e9s que contribuya equitativamente a limitar el calentamiento global por debajo de los 1,5 grados y que las emisiones de los Pa\u00edses Bajos se reduzcan a cero para 2040.<\/p>\n\n<p>Minke de Haan, abogada del bufete Kennedy van der Laan en \u00c1msterdam y representante de los demandantes individuales y de Greenpeace Pa\u00edses Bajos, explic\u00f3: <em>\u201cHasta ahora, el Gobierno no parece haber escuchado las demandas para que se tomen medidas concretas en las islas caribe\u00f1as holandesas y que se implementen pol\u00edticas que nos permitan mantenernos debajo de los 1,5 grados de calentamiento global. Aunque nos gustar\u00eda llevarnos una sorpresa, no esperamos que las cosas cambien de repente como consecuencia de este escrito precontencioso, as\u00ed que seguiremos preparando una citaci\u00f3n judicial para el juicio contra el Estado holand\u00e9s\u201d.<\/em><\/p>\n\n<p>El caso clim\u00e1tico de Bonaire forma parte del movimiento por la justicia clim\u00e1tica mundial que lideran residentes de las zonas costeras, de las naciones isle\u00f1as y de otras comunidades afectadas. Aunque son quienes menos contribuyen a la crisis clim\u00e1tica, ya sufren de forma desproporcionada los impactos clim\u00e1ticos. Un n\u00famero creciente de comunidades ya sufren p\u00e9rdida de salud, de vidas, de hogares y de medios de vida. Comunidades de todo el mundo est\u00e1n utilizando con \u00e9xito la legislaci\u00f3n para demandar actuaciones clim\u00e1ticas reales y pedir responsabilidades a Gobiernos y empresas contaminantes.<\/p>\n\n<p>Bonaire se encuentra a casi 8.000 kil\u00f3metros de la capital de los Pa\u00edses Bajos. Los Pa\u00edses Bajos llevan presentes en la isla caribe\u00f1a desde hace casi cuatrocientos a\u00f1os. Bonaire se convirti\u00f3 en un municipio especial de los Pa\u00edses Bajos cuando se disolvieron las Antillas Neerlandesas en 2010.[3]<\/p>\n\n<p>Fin del comunicado.&nbsp;<\/p>\n\n<p><strong>Notas:<\/strong><\/p>\n\n<p>[1] <a href=\"https:\/\/www.greenpeace.org\/nl\/klimaatverandering\/54574\/bonaire-climare-research-lawsuit\/\">https:\/\/www.greenpeace.org\/nl\/klimaatverandering\/54574\/bonaire-climare-research-lawsuit\/<\/a>&nbsp;<\/p>\n\n<p>[2] El escrito de requerimiento o escrito precontencioso (sommatie) es un requisito legal del sistema jur\u00eddico holand\u00e9s que enumera las demandas de los demandantes como un \u201c\u00faltimo aviso\u201d legal antes de que se despache una citaci\u00f3n (dagvaarding). El escrito se puede ver en el siguiente enlace en holand\u00e9s, papiamento e ingl\u00e9s. <a href=\"https:\/\/act.gp\/bonaire-pre-litigation-letter\" target=\"_blank\" rel=\"noopener\">https:\/\/act.gp\/bonaire-pre-litigation-letter<\/a><\/p>\n\n<p>[3] El t\u00e9rmino Caribe Neerland\u00e9s se utiliza para referirse a las llamadas islas BSS: Bonaire, San Eustaquio y Saba. Estas tienen el estatus de municipio especial de los Pa\u00edses Bajos desde el 10 de octubre de 2010. El t\u00e9rmino Pa\u00edses Bajos europeos se utiliza para referirse al territorio de los Pa\u00edses Bajos que se encuentra en el continente europeo.<\/p>\n\n<p><strong>Contactos<\/strong>:<\/p>\n\n<p>Oficina de Prensa de Greenpeace Pa\u00edses Bajos y Bonaire: +31 (0)6 2129 6895 <a href=\"mailto:persvoorlichting@greenpeace.nl\">persvoorlichting@greenpeace.nl<\/a><\/p>\n\n<p>Prensa en Greenpeace Internacional: +31 (0) 20 718 2470 (disponible 24\/7) <a href=\"mailto:pressdesk.int@greenpeace.org\">pressdesk.int@greenpeace.org<\/a><\/p>\n\n<p><em>Siguenos en<\/em> <em>Twitter @greenpeacepress<\/em>&nbsp;<em>para los comunicados de prensa internacionales.&nbsp;<\/em><\/p>\n","protected":false},"excerpt":{"rendered":"<p>Mayo 11, 2023 \u2013 Los residentes y los ciudadanos holandeses de Bonaire, junto a Greenpeace Pa\u00edses Bajos, han tomado hoy medidas legales por la incapacidad del Gobierno para  proteger la isla caribe\u00f1a contra los impactos del cambio clim\u00e1tico. <\/p>\n","protected":false},"author":20,"featured_media":57818,"comment_status":"closed","ping_status":"closed","sticky":false,"template":"","format":"standard","meta":{"ep_exclude_from_search":false,"p4_og_title":"","p4_og_description":"","p4_og_image":"","p4_og_image_id":"","p4_seo_canonical_url":"","p4_campaign_name":"","p4_local_project":"","p4_basket_name":"","p4_department":"","footnotes":""},"categories":[17],"tags":[90,100,122],"p4-page-type":[14],"class_list":["post-58116","post","type-post","status-publish","format-standard","has-post-thumbnail","hentry","category-algemeen","tag-klimaat-energie","tag-klimaatcrisis","tag-bonaire-climate-justice","p4-page-type-pers"],"_links":{"self":[{"href":"https:\/\/www.greenpeace.org\/nl\/wp-json\/wp\/v2\/posts\/58116","targetHints":{"allow":["GET"]}}],"collection":[{"href":"https:\/\/www.greenpeace.org\/nl\/wp-json\/wp\/v2\/posts"}],"about":[{"href":"https:\/\/www.greenpeace.org\/nl\/wp-json\/wp\/v2\/types\/post"}],"author":[{"embeddable":true,"href":"https:\/\/www.greenpeace.org\/nl\/wp-json\/wp\/v2\/users\/20"}],"replies":[{"embeddable":true,"href":"https:\/\/www.greenpeace.org\/nl\/wp-json\/wp\/v2\/comments?post=58116"}],"version-history":[{"count":4,"href":"https:\/\/www.greenpeace.org\/nl\/wp-json\/wp\/v2\/posts\/58116\/revisions"}],"predecessor-version":[{"id":70930,"href":"https:\/\/www.greenpeace.org\/nl\/wp-json\/wp\/v2\/posts\/58116\/revisions\/70930"}],"wp:featuredmedia":[{"embeddable":true,"href":"https:\/\/www.greenpeace.org\/nl\/wp-json\/wp\/v2\/media\/57818"}],"wp:attachment":[{"href":"https:\/\/www.greenpeace.org\/nl\/wp-json\/wp\/v2\/media?parent=58116"}],"wp:term":[{"taxonomy":"category","embeddable":true,"href":"https:\/\/www.greenpeace.org\/nl\/wp-json\/wp\/v2\/categories?post=58116"},{"taxonomy":"post_tag","embeddable":true,"href":"https:\/\/www.greenpeace.org\/nl\/wp-json\/wp\/v2\/tags?post=58116"},{"taxonomy":"p4-page-type","embeddable":true,"href":"https:\/\/www.greenpeace.org\/nl\/wp-json\/wp\/v2\/p4-page-type?post=58116"}],"curies":[{"name":"wp","href":"https:\/\/api.w.org\/{rel}","templated":true}]}}