{"id":69025,"date":"2025-04-25T14:13:38","date_gmt":"2025-04-25T12:13:38","guid":{"rendered":"https:\/\/www.greenpeace.org\/nl\/?p=69025"},"modified":"2025-04-29T09:07:23","modified_gmt":"2025-04-29T07:07:23","slug":"greenpeace-waarschuwt-kabinet-voor-consequenties-van-uitblijven-klimaatbeleid","status":"publish","type":"post","link":"https:\/\/www.greenpeace.org\/nl\/algemeen\/69025\/greenpeace-waarschuwt-kabinet-voor-consequenties-van-uitblijven-klimaatbeleid\/","title":{"rendered":"Greenpeace waarschuwt kabinet voor consequenties van uitblijven klimaatbeleid"},"content":{"rendered":"\n<p><strong><em>Actievoerders protesteren met \u2018See you in court\u2019 spandoek bij start ministerraad<\/em><\/strong><\/p>\n\n<p><strong>Den Haag, 25 april \u201825 &#8211;<\/strong> Actievoerders van Greenpeace hebben vanochtend gedemonstreerd bij de start van de Ministerraad. Voor het Catshuis hielden zij een spandoek omhoog met de tekst \u2018See you in court\u2019. De actievoerders uit heel Nederland, waaronder Bonaire, willen hiermee duidelijk maken dat het niet nakomen van klimaatafspraken consequenties gaat hebben bij de rechtbank van Den Haag als daar in oktober de Klimaatzaak Bonaire behandeld gaat worden. \u2018Dit kabinet bewandelt met het klimaat hetzelfde pad als met stikstof: uitstellen, ontwijken, vooruitschuiven. Maar voor Bonaire is er geen tijd meer voor getreuzel. Daarom zeggen we: \u2018See you in court&#8217;, aldus Marieke Vellekoop, directeur van Greenpeace Nederland.<\/p>\n\n<figure class=\"wp-block-image\"><img alt=\"\"\/><\/figure>\n\n<p>\u00a9 Greenpeace\/Tengbeh Kamara]<\/p>\n\n<p>Op 7 en 8 oktober dit jaar buigt de rechtbank Den Haag zich over de Klimaatzaak Bonaire, waarin Greenpeace Nederland samen met 8 inwoners van Bonaire tegenover de Nederlandse Staat staat. Inzet is de bescherming van Bonaire tegen de gevolgen van de klimaatcrisis, omdat Nederland daar nu nog niets concreet voor doet. \u2018De Klimaatzaak Bonaire gaat ook om wat Nederland moet doen om klimaatverandering te stoppen,\u2019 aldus Vellekoop. \u2018Nederland moet zo snel mogelijk de broeikasgasuitstoot naar beneden brengen. Maar terwijl we het klimaatbeleid moeten versnellen,trapt dit kabinet juist op de rem. De voorjaarsnota laat zien dat de coalitie geen prioriteit geeft aan het doel van 55% minder broeikasgasuitstoot in 2030, dat is vastgelegd in de Klimaatwet. De rechtbank zal in de Klimaatzaak moeten oordelen of Nederland zich in ieder geval aan deze doelen uit de Klimaatwet moet houden.\u2019<\/p>\n\n<p>De Klimaatzaak toont daarmee grote overeenkomsten met de Natuurzaak die Greenpeace begin dit jaar won. Toen raakte de overheid in rep en roer omdat de rechtbank oordeelde dat de Staat ten minste haar eigen wettelijke stikstofdoel moet halen. \u2018Een gewaarschuwd mens telt voor twee\u2019, aldus Vellekoop.<\/p>\n\n<p>Het is al maanden duidelijk dat het kabinet niet op koers ligt om tenminste het klimaatdoel van 55% minder broeikasgasuitstoot in 2030 te halen. Minister Hermans komt vandaag met nieuwe klimaat voorstellen, maar de uitgelekte plannen blijkt absoluut niet dat het klimaatdoel nu wel gehaald gaat worden. \u2018Wat we nu zien is een reeks cadeautjes voor de industrie, geen klimaatbeleid,\u201d stelt Vellekoop. \u201cWe weten niet wie deze VVD-minister probeert te overtuigen, maar voor de rechter zal de Staat met een beter verhaal moeten komen. Anders zijn we bang dat het scenario van de rechtszaak over stikstof zich herhaalt,\u2019 besluit Marieke Vellekoop.<\/p>\n\n<p><strong>Voor meer informatie:<\/strong><\/p>\n\n<p>Persvoorlichting Greenpeace<\/p>\n\n<p>06 &#8211; 2129 6895<\/p>\n\n<p><a href=\"mailto:bkarst@greenpeace.org\">bkarst@greenpeace.org<\/a><\/p>\n\n<p>Meer beeld van de demonstratie staat in de\u00a0<a href=\"https:\/\/media.greenpeace.org\/CS.aspx?VP3=SearchResult&amp;IID=27MZIFJVL6U1Z&amp;DocRID=27MZIFJVL6U1Z\" target=\"_blank\" rel=\"noreferrer noopener\">Greenpeace Media Library<\/a><\/p>\n\n<h2 class=\"wp-block-heading\" id=\"h-greenpeace-ta-atverti-gabinete-pa-konsekuensianan-di-falta-di-un-maneho-di-klima\"><strong>Greenpeace ta atvert\u00ed gabinete pa konsekuensianan<br>di falta di un maneho di klima<\/strong><\/h2>\n\n<p><br><strong><em>Aktivistanan ta protest\u00e1 ku banner di \u2018See you in court\u2019 na komienso di reunion di<br>Konseho di Minister<\/em><\/strong><\/p>\n\n<p>Den Haag, 25 di aprel 2025 &#8211; Aktivistanan di Greenpeace a manifest\u00e1 awe mainta na komienso di e reunion di Konseho di Minister. Dilanti di e Catshuis nan a hisa un banner ku e teksto \u2018See you in Court\u2019. Ku esaki e aktivistanan di tur parti di Hulanda, inkluyendo Boneiru, ke laga sa bon kla ku si no kumpli ku palabrashonnan tokante klima, esei lo tin konsekuensia den korte na Den Haag ora e Kaso di Klima di Boneiru keda trat\u00e1 na \u00f2ktober pr\u00f3ksimo. \u2018E gabinete ak\u00ed ta kana e mesun kaminda pa loke ta trata tantu klima komo<br>stikstof, esta: pospon\u00e9, evit\u00e1, i bolbe pospon\u00e9. Pero pa Boneiru no tin tempu mas di p\u00e8rd\u00e8. Ta p\u2019e motibu ei nos ta bisa: \u2018See you in Court\u2019, asina Marieke Vellekoop, direktor di Greenpeace Hulanda, ta bisa.<\/p>\n\n<figure class=\"wp-block-image\"><img\/><\/figure>\n\n<p>[PORTR\u00c8T: Greenpeace\/Tengbeh Kamara]<br>Dia 7 i 8 di \u00f2ktober e a\u00f1a ak\u00ed, Korte di Den Haag lo trata e Kaso di Klima di Boneiru, den kua Greenpeace Hulanda, huntu ku 8 habitante di Boneiru, ta enfrent\u00e1 Estado Hulandes. E meta ta pa proteh\u00e1 Boneiru kontra e konsekuensianan di e kr\u00edsis di klima, pasobra te ainda Hulanda no ta hasiendo nada konkreto pa ku esaki. \u2018E Kaso di Klima di Boneiru ta bai tambe<br>tokante kiko Hulanda mester hasi pa st\u00f2p kambio di klima,\u2019 asina Vellekoop a bisa. &#8216;Hulanda mester redus\u00ed e emishon di gasnan ku efekto di broeikas mas lih\u00e9 posibel. Pero mi\u00e9ntras nos mester aseler\u00e1 e maneho di klima, e gabinete ak\u00ed ta wanta brek. E voorjaarsnota ta mustra ku e koalishon no ta dunando prioridat na e meta di un redukshon di 55% den emishon di gasnan ku efekto di broeikas pa 2030, kual ta stipul\u00e1 den e Lei di Klima. Korte lo mester dikta den e Kaso di Klima, si Hulanda mester aten\u00e9 su mes en todo kaso na e ophetivonan ak\u00ed di e Lei di Klima.\u2019<\/p>\n\n<p>Ku esaki e Kaso di Klima ta mustra similaridatnan grandi ku e Kaso di Naturalesa ku Greenpeace a gana na komienso di e a\u00f1a ak\u00ed. Na e momentu ei gobi\u00e8rnu Hulandes a bira ariba\u2019bou pasobra korte a dikta ku Estado Hulandes mester alkans\u00e1 por lo m\u00e9nos su propio meta legal pa ku stikstof. \u2018Un hende avis\u00e1 ta konta pa dos,\u2019 asina Vellekoop a duna di konos\u00e9. [\u2018Een gewaarschuwd mens telt voor twee.\u2019]<\/p>\n\n<p>Ta opvio pa lunanan kaba ku gobi\u00e8rnu no ta riba e bon kaminda pa alkans\u00e1 por lo m\u00e9nos e meta di klima di un redukshon di 55% den emishon di gasnan ku efekto di broeikas pa 2030. Minister Hermans awe ta bini ku proposishonnan nobo pa loke ta trata klima, pero for di e plannan ku a l\u00e8k, apsolutamente no ta mustra ku awor s\u00ed e meta di klima lo ser alkans\u00e1. \u2018Loke nos ta mirando aworak\u00ed ta un s\u00e8t di regalo pa e industria, pero no un maneho di klima,\u2019 asina Vellekoop ta bisa. \u2018Nos no sa ken e minister di VVD ak\u00ed ta trata di konvens\u00e9, pero dilanti di hues, Estado Hulandes lo mester bin ku un mih\u00f3 historia. Sino nos ta teme ku e senario di e kaso di korte tokante stikstof lo ripit\u00ed su mes,\u2019 asina Marieke Vellekoop ta<br>konklu\u00ed.<\/p>\n\n<p>Pa mas informashon:<br>Persvoorlichting Greenpeace<br>Bram Karst<br>06 &#8211; 2129 6895<br>bkarst@greenpeace.org<\/p>\n","protected":false},"excerpt":{"rendered":"<p>Actievoerders protesteren met \u2018See you in court\u2019 spandoek bij start ministerraad<\/p>\n","protected":false},"author":6,"featured_media":69027,"comment_status":"closed","ping_status":"closed","sticky":false,"template":"","format":"standard","meta":{"ep_exclude_from_search":false,"p4_og_title":"","p4_og_description":"","p4_og_image":"","p4_og_image_id":"","p4_seo_canonical_url":"","p4_campaign_name":"","p4_local_project":"","p4_basket_name":"","p4_department":"","footnotes":""},"categories":[17],"tags":[],"p4-page-type":[14],"class_list":["post-69025","post","type-post","status-publish","format-standard","has-post-thumbnail","hentry","category-algemeen","p4-page-type-pers"],"_links":{"self":[{"href":"https:\/\/www.greenpeace.org\/nl\/wp-json\/wp\/v2\/posts\/69025","targetHints":{"allow":["GET"]}}],"collection":[{"href":"https:\/\/www.greenpeace.org\/nl\/wp-json\/wp\/v2\/posts"}],"about":[{"href":"https:\/\/www.greenpeace.org\/nl\/wp-json\/wp\/v2\/types\/post"}],"author":[{"embeddable":true,"href":"https:\/\/www.greenpeace.org\/nl\/wp-json\/wp\/v2\/users\/6"}],"replies":[{"embeddable":true,"href":"https:\/\/www.greenpeace.org\/nl\/wp-json\/wp\/v2\/comments?post=69025"}],"version-history":[{"count":2,"href":"https:\/\/www.greenpeace.org\/nl\/wp-json\/wp\/v2\/posts\/69025\/revisions"}],"predecessor-version":[{"id":69034,"href":"https:\/\/www.greenpeace.org\/nl\/wp-json\/wp\/v2\/posts\/69025\/revisions\/69034"}],"wp:featuredmedia":[{"embeddable":true,"href":"https:\/\/www.greenpeace.org\/nl\/wp-json\/wp\/v2\/media\/69027"}],"wp:attachment":[{"href":"https:\/\/www.greenpeace.org\/nl\/wp-json\/wp\/v2\/media?parent=69025"}],"wp:term":[{"taxonomy":"category","embeddable":true,"href":"https:\/\/www.greenpeace.org\/nl\/wp-json\/wp\/v2\/categories?post=69025"},{"taxonomy":"post_tag","embeddable":true,"href":"https:\/\/www.greenpeace.org\/nl\/wp-json\/wp\/v2\/tags?post=69025"},{"taxonomy":"p4-page-type","embeddable":true,"href":"https:\/\/www.greenpeace.org\/nl\/wp-json\/wp\/v2\/p4-page-type?post=69025"}],"curies":[{"name":"wp","href":"https:\/\/api.w.org\/{rel}","templated":true}]}}