{"id":69380,"date":"2025-06-03T11:05:33","date_gmt":"2025-06-03T09:05:33","guid":{"rendered":"https:\/\/www.greenpeace.org\/nl\/?p=69380"},"modified":"2025-06-03T11:05:39","modified_gmt":"2025-06-03T09:05:39","slug":"walk-of-shame-pa-minister-hermans-riba-kaminda-pa-debate-tokante-klima-den-tweede-kamer","status":"publish","type":"post","link":"https:\/\/www.greenpeace.org\/nl\/klimaat-categorie\/69380\/walk-of-shame-pa-minister-hermans-riba-kaminda-pa-debate-tokante-klima-den-tweede-kamer\/","title":{"rendered":"\u2018Walk of Shame\u2019 pa minister Hermans riba kaminda pa debate tokante klima den Tweede Kamer"},"content":{"rendered":"\n<p><strong><em>Greenpeace ta f\u00e8rf \u2018Minister pa Fosil\u2019 riba asera na ministerio&nbsp;<\/em><\/strong><\/p>\n\n<p><strong>Den Haag, 3 di y\u00fcni 2025 &#8211; Aktivistanan di Greenpeace Hulanda a f\u00e8rf un mensahe di 25 meter pa Minister Hermans na e krusada entre Tweede Kamer i Ministerio di Klima i Kresementu B\u00e8rd\u00e8 na Den Haag. Riba dia di e debate tokante klima, tin skirb\u00ed riba e asera: \u2018Hermans: Minister pa Fosil\u2019. Ku e akshon ak\u00ed, Greenpeace ke komunik\u00e1 klaramente na Hermans ku e no ta logrando su propio metanan legal di klima ku su aktual pakete di klima. \u201cNa \u00f2ktober, nos lo enfrent\u00e1 otro den korte, i ku e rumbo di klima aktual, ta parse ku e gabinete lo ha\u00f1a un sla den kara, meskos ku den e kaso di nitr\u00f3geno,\u201d segun Marieke Vellekoop, direktor di Greenpeace Hulanda.<\/strong><\/p>\n\n<figure class=\"wp-block-image size-full\"><img loading=\"lazy\" decoding=\"async\" width=\"800\" height=\"533\" src=\"https:\/\/www.greenpeace.org\/static\/planet4-netherlands-stateless\/2025\/06\/aa8094ce-gp0su5o0n_low-res-800px.jpg\" alt=\"\" class=\"wp-image-69393\" srcset=\"https:\/\/www.greenpeace.org\/static\/planet4-netherlands-stateless\/2025\/06\/aa8094ce-gp0su5o0n_low-res-800px.jpg 800w, https:\/\/www.greenpeace.org\/static\/planet4-netherlands-stateless\/2025\/06\/aa8094ce-gp0su5o0n_low-res-800px-300x200.jpg 300w, https:\/\/www.greenpeace.org\/static\/planet4-netherlands-stateless\/2025\/06\/aa8094ce-gp0su5o0n_low-res-800px-768x512.jpg 768w, https:\/\/www.greenpeace.org\/static\/planet4-netherlands-stateless\/2025\/06\/aa8094ce-gp0su5o0n_low-res-800px-510x340.jpg 510w\" sizes=\"auto, (max-width: 800px) 100vw, 800px\" \/><figcaption class=\"wp-element-caption\">Greenpeace Netherlands activists have painted a 25-metre message for minister Hermans at the intersection between the Parliament and the Ministry for Climate &amp; Green Growth in The Hague. On the day of the climate debate, the pavement reads: \u2018Hermans: Minister for Fossil\u2019. With the action, Greenpeace wants to make it clear to Hermans that her climate package does not even meet her own statutory climate targets.\r\nActievoerders van Greenpeace Nederland hebben een boodschap van 25 meter voor minister Hermans geschilderd bij het kruispunt tussen de Tweede Kamer en het Ministerie voor Klimaat &amp; Groene Groei in Den Haag. Op de dag van het klimaatdebat staat op de stoep: &#8216;Hermans: Minister voor fossiel\u2019. Met de actie wil Greenpeace Hermans duidelijk maken dat ze met haar klimaatpakket zelfs de eigen wettelijke klimaatdoelen niet haalt.<\/figcaption><\/figure>\n\n<p>Awe Tweede Kamer ta debat\u00ed ku Minister Hermans tokante su pakete di klima. <a href=\"https:\/\/www.greenpeace.org\/nl\/klimaat-categorie\/69358\/onderzoek-effect-klimaatpakket-minister-hermans\/\">Investigashon di Kalavasta<\/a> ta mustra ku su medidanan ta leu di ta sufisiente pa garantis\u00e1 hustisia di klima. Greenpeace a keda asombr\u00e1 di tende ku asta mei bion \u00e8kstra ta bai pa e industria di fosil. Marieke Vellekoop: \u201cMinister Hermans ta kana e ruta ak\u00ed awe pa bai Tweede Kamer pa e debate di klima. Nos ta spera ku e \u2018walk of shame\u2019 ak\u00ed lo rekord\u2019\u00e9 ku e pakete di klima aktual ta un kaminda sin salida. Mi\u00e9ntras ku hustisia di klima ta reker\u00ed mas redukshon di CO2 ku e metanan di klima aktual ta preskrib\u00ed, e minister ak\u00ed ta dunando mei bion \u00e8kstra komo regalo na kontaminad\u00f3nan grandi. Hermans ta aktua manera minister pa Kontaminad\u00f3nan di Fosil, enbes di minister di Klima.\u201d<\/p>\n\n<p><strong>Pakete di klima ta kai hopi k\u00f2rtiku<\/strong><\/p>\n\n<p>A\u00f1a pas\u00e1 tabata e a\u00f1a di mas kalor ku a yega di ser mid\u00ed. Mundu ta han\u2019\u00e9 konfront\u00e1 mas i mas ku wer ekstremo den forma di sekura, inundashon i kandela di mondi. Mientrastantu e metanan di klima ta dispars\u00e9 mas leu for di bista. E pakete di klima aktual di Minister Hermans ta brinda solamente un tersera parti di e ganashi di klima primint\u00ed. Vellekoop: <em>&#8220;Minister Hermans ta bisa ku e ke logra e metanan di klima, pero su plannan ta proba lo kontrario. E no ta tuma su tarea pa proteh\u00e1 e habitantenan di Hulanda na serio. Nos mester aseler\u00e1 enbes di baha velosidat, pa preven\u00ed e konsekuensianan serio di e kr\u00edsis di klima. Na Boneiru ya kaba e habitantenan ta konfront\u00e1 kalor ekstremo i sekura. Pero na Hulanda Europeo tambe hendenan ta eksperensiando sekura i wer ekstremo ku mas frekuensia.\u201d<\/em><\/p>\n\n<p><strong>Kaso di klima kontra Estado Hulandes<\/strong><\/p>\n\n<p>Dia 7 i 8 di \u00f2ktober e a\u00f1a ak\u00ed, korte na Den Haag lo konsider\u00e1 e Kaso di Klima di Boneiru, entam\u00e1 pa 8 habitante di Boneiru i Greenpeace Hulanda kontra di Estado Hulandes. Nan ta eksig\u00ed hustisia di klima, pasobra gobi\u00e8rnu no ta hasiendo nada konkreto pa proteh\u00e1 nan kontra e konsekuensianan di e kr\u00edsis di klima. Boneiru ta \u00e8kstra vulnerabel pa kambio di klima. Un kinto parti di Boneiru ta ser menas\u00e1 pa subida di nivel di laman den direkshon di fin di e siglo ak\u00ed. Den e kaso ta ser eksig\u00ed pa gobi\u00e8rnu Hulandes limit\u00e1 e peligernan dor di redus\u00ed emishon di CO2 mas lih\u00e9. Banda di esei, e gobi\u00e8rnu mester traha plannan huntu ku pueblo di Boneiru pa protekshon di Boneiru.<\/p>\n\n<p><strong>Pa mas informashon:<\/strong><\/p>\n\n<p>Laura Polderman &#8211; ofisial di prensa di Greenpeace<\/p>\n\n<p>06 29 00 11 40 &#8211; laura.polderman@greenpeace.org<\/p>\n\n<p>Adr\u00e8s di e krusada:&nbsp;<\/p>\n\n<p>Por ha\u00f1a i download im\u00e1gennan di e akshon den e <a href=\"https:\/\/media.greenpeace.org\/Detail\/27MZIFJVI70MD\" target=\"_blank\" rel=\"noopener\">Greenpeace Media Library<\/a><\/p>\n","protected":false},"excerpt":{"rendered":"<p>Greenpeace ta f\u00e8rf \u2018Minister pa Fosil\u2019 riba asera na ministerio&nbsp;<\/p>\n","protected":false},"author":181,"featured_media":69393,"comment_status":"closed","ping_status":"closed","sticky":false,"template":"","format":"standard","meta":{"ep_exclude_from_search":false,"p4_og_title":"","p4_og_description":"","p4_og_image":"","p4_og_image_id":"","p4_seo_canonical_url":"","p4_campaign_name":"","p4_local_project":"","p4_basket_name":"","p4_department":"","footnotes":""},"categories":[129],"tags":[122,137,127,73,100,24],"p4-page-type":[14],"class_list":["post-69380","post","type-post","status-publish","format-standard","has-post-thumbnail","hentry","category-klimaat-categorie","tag-bonaire-climate-justice","tag-den-haag","tag-klimaat","tag-klimaatakkoord","tag-klimaatcrisis","tag-politiek","p4-page-type-pers"],"_links":{"self":[{"href":"https:\/\/www.greenpeace.org\/nl\/wp-json\/wp\/v2\/posts\/69380","targetHints":{"allow":["GET"]}}],"collection":[{"href":"https:\/\/www.greenpeace.org\/nl\/wp-json\/wp\/v2\/posts"}],"about":[{"href":"https:\/\/www.greenpeace.org\/nl\/wp-json\/wp\/v2\/types\/post"}],"author":[{"embeddable":true,"href":"https:\/\/www.greenpeace.org\/nl\/wp-json\/wp\/v2\/users\/181"}],"replies":[{"embeddable":true,"href":"https:\/\/www.greenpeace.org\/nl\/wp-json\/wp\/v2\/comments?post=69380"}],"version-history":[{"count":2,"href":"https:\/\/www.greenpeace.org\/nl\/wp-json\/wp\/v2\/posts\/69380\/revisions"}],"predecessor-version":[{"id":69395,"href":"https:\/\/www.greenpeace.org\/nl\/wp-json\/wp\/v2\/posts\/69380\/revisions\/69395"}],"wp:featuredmedia":[{"embeddable":true,"href":"https:\/\/www.greenpeace.org\/nl\/wp-json\/wp\/v2\/media\/69393"}],"wp:attachment":[{"href":"https:\/\/www.greenpeace.org\/nl\/wp-json\/wp\/v2\/media?parent=69380"}],"wp:term":[{"taxonomy":"category","embeddable":true,"href":"https:\/\/www.greenpeace.org\/nl\/wp-json\/wp\/v2\/categories?post=69380"},{"taxonomy":"post_tag","embeddable":true,"href":"https:\/\/www.greenpeace.org\/nl\/wp-json\/wp\/v2\/tags?post=69380"},{"taxonomy":"p4-page-type","embeddable":true,"href":"https:\/\/www.greenpeace.org\/nl\/wp-json\/wp\/v2\/p4-page-type?post=69380"}],"curies":[{"name":"wp","href":"https:\/\/api.w.org\/{rel}","templated":true}]}}