{"id":72896,"date":"2025-11-12T12:55:28","date_gmt":"2025-11-12T11:55:28","guid":{"rendered":"https:\/\/www.greenpeace.org\/nl\/?p=72896"},"modified":"2025-11-13T10:03:22","modified_gmt":"2025-11-13T09:03:22","slug":"relato-di-kaso-di-klima-di-boneiru-kiko-a-pasa-den-korte","status":"publish","type":"post","link":"https:\/\/www.greenpeace.org\/nl\/algemeen\/72896\/relato-di-kaso-di-klima-di-boneiru-kiko-a-pasa-den-korte\/","title":{"rendered":"Relato di Kaso di Klima di Boneiru: kiko a pasa den korte?"},"content":{"rendered":"\n<p>Klik <a href=\"https:\/\/www.greenpeace.org\/nl\/algemeen\/72701\/recap-klimaatzaak-bonaire-wat-gebeurde-er-in-de-rechtbank\/\">hier <\/a>voor Nederlands.<\/p>\n\n<h1 class=\"wp-block-heading\" id=\"h-seshon-den-korte-dia-1-mitigasho-n\"><strong>SESHON DEN KORTE DIA 1: MITIGASHO<\/strong>N<\/h1>\n\n<p>E prom\u00e9 dia di seshonnan den e Kaso di Klima ta tras di lomba. E prom\u00e9 dia ak\u00ed den Korte di Den Haag a enfok\u00e1 riba \u2018mitigashon\u2019: e obligashon di Estado Hulandes pa redus\u00ed su emishonnan pa kombat\u00ed kambio di klima peligroso.<\/p>\n\n<figure class=\"wp-block-image size-large\"><img loading=\"lazy\" decoding=\"async\" width=\"1024\" height=\"682\" src=\"https:\/\/www.greenpeace.org\/static\/planet4-netherlands-stateless\/2025\/10\/4c1da585-gp0su70d1-1024x682.jpg\" alt=\"\" class=\"wp-image-72679\" srcset=\"https:\/\/www.greenpeace.org\/static\/planet4-netherlands-stateless\/2025\/10\/4c1da585-gp0su70d1-1024x682.jpg 1024w, https:\/\/www.greenpeace.org\/static\/planet4-netherlands-stateless\/2025\/10\/4c1da585-gp0su70d1-300x200.jpg 300w, https:\/\/www.greenpeace.org\/static\/planet4-netherlands-stateless\/2025\/10\/4c1da585-gp0su70d1-768x512.jpg 768w, https:\/\/www.greenpeace.org\/static\/planet4-netherlands-stateless\/2025\/10\/4c1da585-gp0su70d1-1536x1024.jpg 1536w, https:\/\/www.greenpeace.org\/static\/planet4-netherlands-stateless\/2025\/10\/4c1da585-gp0su70d1-2048x1366.jpg 2048w, https:\/\/www.greenpeace.org\/static\/planet4-netherlands-stateless\/2025\/10\/4c1da585-gp0su70d1-510x340.jpg 510w\" sizes=\"auto, (max-width: 1024px) 100vw, 1024px\" \/><figcaption class=\"wp-element-caption\">Riba e portr\u00e8t, di robes pa drechi, nos ta mira den e rei sint\u00e1 dilanti: demandantenan Onnie Emerenciana, Jackie Bernabela, i Angelo Vrolijk. Den e rei par\u00e1 patras tin Marieke Vellekoop, direktor di Greenpeace Hulanda, i abogado Emiel Jurjens di Prakken d\u2019Oliveira. Portr\u00e8t: Marten van Dijl\/Greenpeace Foto: Marten van Dijl\/Greenpeace<\/figcaption><\/figure>\n\n<h3 class=\"wp-block-heading\" id=\"h-e-demandantenan-ta-habri-e-seshon-ku-deklarashonnan-konmovedor\"><strong><strong>E demandantenan ta habri e seshon ku deklarashonnan konmovedor<\/strong><\/strong><\/h3>\n\n<p>Tres di e ocho demandantenan den e kaso di klima \u2013 <a href=\"https:\/\/www.greenpeace.org\/nl\/algemeen\/72685\/gezamenlijke-verklaring-van-eisers-in-klimaatzaak-bonaire\/\">Jackie Bernabela, Onnie Emerenciana<\/a> <a href=\"https:\/\/www.greenpeace.org\/nl\/algemeen\/72685\/gezamenlijke-verklaring-van-eisers-in-klimaatzaak-bonaire\/\">i Angelo Vrolijk <\/a>\u00a0\u2013 a kumins\u00e1 e dia ku un presentashon fuerte na n\u00f2mber di henter e grupo di demandante. Nan ta eksperensi\u00e1 personalmente e kalor ekstremo, kosecha i peska desepshonante, inundashon i e desaparishon di refnan di koral.\u00a0<\/p>\n\n<p>Onnie Emerenciana a pone su dede riba e parti ku ta hasi dol\u00f3, dor di enfatis\u00e1 ku pa nan, kambio di klima no ta un menasa apstrakto di futuro, pero un realidat doloroso: \u201cPa nos, kambio di klima no ta un menasa leu di futuro. E tei aki ya pa hopi tempu. E ta hala rosea den nos garganta, ta kima nos kueru, i ta invad\u00ed nos kasnan.\u201d<\/p>\n\n<p>E demandante Angelo Vrolijk a agreg\u00e1: \u201cNos ta Boneriano. Nos no ta pidi karidat. Nos ta eksig\u00ed hustisia\u201d.&nbsp;<\/p>\n\n<p>Jackie Bernabela a konklu\u00ed ku un apelashon kla: \u201cBoneiru no ta pidi kompashon. Nos ta pidi pa ta sosio. Nos ta pidi pa maneho \u2014 ankr\u00e1 no solamente den e idioma di igualdat, pero den e pr\u00e1ktika di esaki.\u201d<\/p>\n\n<p><a href=\"https:\/\/www.greenpeace.org\/nl\/algemeen\/72685\/gezamenlijke-verklaring-van-eisers-in-klimaatzaak-bonaire\/\">Lesa nan deklarashonnan kompleto aki. (NL)<\/a><\/p>\n\n<figure class=\"wp-block-embed is-type-video is-provider-youtube wp-block-embed-youtube wp-embed-aspect-16-9 wp-has-aspect-ratio\"><div class=\"wp-block-embed__wrapper\">\n<iframe loading=\"lazy\" title=\"Klimaatzaak verklaring Onnie, Angelo en Jackie\" width=\"500\" height=\"281\" src=\"https:\/\/www.youtube.com\/embed\/P3rkxnyq33A?feature=oembed\" frameborder=\"0\" allow=\"accelerometer; autoplay; clipboard-write; encrypted-media; gyroscope; picture-in-picture; web-share\" referrerpolicy=\"strict-origin-when-cross-origin\" allowfullscreen><\/iframe>\n<\/div><\/figure>\n\n<p><a href=\"https:\/\/www.greenpeace.org\/nl\/algemeen\/72685\/gezamenlijke-verklaring-van-eisers-in-klimaatzaak-bonaire\/\">Lees hun volledige verklaringen hier.<\/a><\/p>\n\n<h3 class=\"wp-block-heading\" id=\"h-suplika-di-greenpeace-hulanda-mester-yega-na-sero-mas-lihe\"><strong><strong>S\u00faplika di Greenpeace: Hulanda mester yega na sero mas lih\u00e9<\/strong><\/strong><\/h3>\n\n<p>Despues hues a duna e abogadonan palabra pa present\u00e1 nan <a href=\"https:\/\/www.greenpeace.org\/nl\/algemeen\/72702\/pleitnota-mitigatie\/\">argumentonan inisial<\/a>. Nos abogado a splika ku Hulanda mester aport\u00e1 su parti hustu pa limit\u00e1 kalentamentu mundial na 1.5 grado. Esaki ta eksig\u00ed ku e sobr\u00e1 di e presupuesto mundial di CO2 mester ser repart\u00ed por lo m\u00e9nos igual entre tur e habitantenan di mundu. Al final lo ta inhustu pa Hulanda kome un pida mas grandi di e bolo ku otro paisnan.<\/p>\n\n<p>P\u2019e motibu ei, emishon di gasnan ku efekto di <em>broeikas<\/em> mester yega na n\u00e8to sero mas lih\u00e9 posibel. Nos ta ser fortales\u00e9 den esaki dor di e veredikto resien di Korte Europeo di Derechonan Humano (KEDH) den <em>KlimaSeniorinnen<\/em> i e konseho di Korte Internashonal di Hustisia (KIH), ku ta bisa klaramente ku paisnan mester hasi nan m\u00e1ksimo esfuerso pa limit\u00e1 kalentamentu mundial na 1.5 grado, i sigur paisnan riku manera Hulanda ku tin un historia di emishonnan haltu.<\/p>\n\n<p>Segun investigashon di Kalavasta, Berenschot i CE Delft, esaki por ser alkans\u00e1 riba suela Hulandes 10 a\u00f1a mas lih\u00e9 ku gobi\u00e8rnu tin plani\u00e1 aktualmente. Pues Estado Hulandes por aseler\u00e1 e proseso, pero aparentemente no tin e boluntat pa hasi\u00e9. Anto ku esei Estado Hulandes ta violando derechonan humano di e habitantenan di Boneiru.<\/p>\n\n<p><a href=\"https:\/\/www.greenpeace.org\/nl\/algemeen\/72702\/pleitnota-mitigatie\/\">Lesa e <em>pleitnota<\/em> di Greenpeace Hulanda (NL)<\/a><\/p>\n\n<h3 class=\"wp-block-heading\" id=\"h-estado-hulandes-ta-skonde-tras-di-argumentunan-konosi\"><strong><strong>Estado Hulandes ta skonde tras di argumentunan konos\u00ed<\/strong><\/strong><\/h3>\n\n<p>Despues di un pouze k\u00f2rtiku, a toka turno na Estado Hulandes. R\u00e1pidamente a sali na kla ku Estado Hulandes ta nenga di kontribu\u00ed ku su parti hustu den kombatimentu di kambio di klima peligroso. Pa esaki Estado Hulandes ta usa hopi argumento ku nos konos\u00e9 kaba, entre otro esnan ku Estado a usa kaba den e kaso di Urgenda 10 a\u00f1a pas\u00e1.<\/p>\n\n<p>Por eh\u00e8mpel, Estado Hulandes ta bisa ku e ta siguiendo e maneho di klima Europeo, i ku esaki lo ta sufisiente. Pero esei no ta e kaso, pasobra e maneho di Union Europeo (UE) no ta konstitu\u00ed un parti hustu den e reto di tene e mundu bou di 1.5 grado di kalentamentu mundial, i paisnan tin nan propio responsabilidat pa proteh\u00e1 e derechonan humano di nan siudadanonan. Un otro argumento ku nan a usa ta ku maneho di klima Hulandes ta djis un gota den os\u00e9ano, i ku Boneiru no ta sinti e impakto, sea ku Hulanda aseler\u00e1 su esfuersonan \u00f2f n\u00f2. Korte Supremo ya a rechas\u00e1 e argumento ak\u00ed den e kaso di Urgenda, i entretanto KEDH i KIH tambe a hasi meskos.<\/p>\n\n<p>Estado Hulandes ta invok\u00e1 tambe su \u2018libertat di maneho\u2019 pa e mes determin\u00e1 kon e ta duna forma na maneho di klima. Ku esaki, Estado Hulandes ta trata na minimalis\u00e1 e r\u00f2l di e hues, pero ta falta ku un punto importante: gobi\u00e8rnu ta responsabel pa proteh\u00e1 e derechonan humano di tur su siudadanonan, i ta keda na e hues pa kontrol\u00e1 gobi\u00e8rnu den esei.<\/p>\n\n<p>Finalmente, Estado Hulandes a deklar\u00e1 ku lo no tin \u2018peliger real i direkto\u2019 pa e derecho di bida di e habitantenan di Boneiru. E posishon ak\u00ed tabata a lo m\u00ednimo tono-surdu, despues ku e habitantenan di Boneiru a kaba di kompart\u00ed nan historianan personal, mustrando ku ya kaba nan ta konfront\u00e1 i lucha tur dia ku e konsekuensianan di kambio di klima.<\/p>\n\n<h3 class=\"wp-block-heading\" id=\"h-no-ta-asina-grave-si-e-tereno-no-desaroya-disparse\"><strong>\u2018<strong>No ta asina grave si e tereno no-desaroy\u00e1 dispars\u00e9\u2019<\/strong><\/strong><\/h3>\n\n<p>Djis prom\u00e9 ku e di dos pouze, korte a hasi un pregunta sk\u00e8rpi na Estado Hulandes. Estado a argument\u00e1 ku e tabata sigui e maneho di klima Europeo, i ku esaki ta sufisiente pa kumpli ku su obligashonnan pa proteh\u00e1 e habitantenan di Boneiru. Pero si esei tabata e kaso, korte a puntra, tin ainda un tarea pa e hues Hulandes kontrol\u00e1 Estado? \u00d2f ta solamente e institutonan Europeo tin mag di supervis\u00e1 Estado?<\/p>\n\n<p>Estado Hulandes no a duna un kontesta kla. Nos abogado despues a splika dikon e posishon di Estado ta inkorekto: e maneho di Union Europeo ta intenshon\u00e1 pa fortales\u00e9 akshon di klima, no pa debilit\u00e1 e ambishonnan di klima di e estadonan ku ta miembro. E echo ku a estables\u00e9 un maneho Europeo no ta nifik\u00e1 ku Hulanda no tin su propio obligashonnan ku ta bai mas aleu a base di tratadonan di derechonan humano. Anto ta keda na e hues Hulandes pa evalu\u00e1 si Estado Hulandes ta kumpliendo ku e obligashonnan ak\u00ed.<\/p>\n\n<p>Den e parti final di e seshon a duna e abogadonan e oportunidat pa reakshon\u00e1 riba argumentonan di otro. Nos abogado a hala atenshon riba un di e argumentonan stra\u00f1o di Estado Hulandes: \u201cEstado a bisa ku lo no ta asina grave si partinan inhabit\u00e1 di e isla result\u00e1 bou di awa?\u201d Esaki ta konsern\u00ed un gran parti di Boneiru, kaminda tin \u00e1reanan natural importante i tambe herensia kultural hist\u00f3riko, manera e kasnan di katibu. Kiko lo pasa si, por eh\u00e8mpel, partinan di Amsterdam \u00f2f Zeeland dispars\u00e9 den laman, hibando herensia kultural ku nan? Kon lih\u00e9 Estado Hulandes lo interven\u00ed den e kaso ei?<\/p>\n\n<h3 class=\"wp-block-heading\" id=\"h-kiko-ta-pasa-awor\"><strong><strong>Kiko ta pasa awor?<\/strong><\/strong><\/h3>\n\n<p>E seshonnan den korte ta repart\u00ed den dos dia. Riba e di dos dia partidonan ta present\u00e1 nan argumentunan tokante kiko Estado Hulandes mester hasi pa proteh\u00e1 e habitantenan di Boneiru kontra e konsekuensianan di kambio di klima (\u2018adaptashon\u2019).<\/p>\n\n<h1 class=\"wp-block-heading\" id=\"h-seshon-den-korte-dia-2-adaptashon\"><strong>SESHON DEN KORTE DIA 2: ADAPTASHON<\/strong><\/h1>\n\n<p>Despues di un di dos dia den Korte di Den Haag, e seshonnan den e kaso di klima a yega na un fin. E seshon di awe a enfok\u00e1 riba \u2018adaptashon\u2019: e derecho di habitantenan di Boneiru riba protekshon kontra e konsekuensianan di kambio di klima. Esaki ta e prom\u00e9 kaso di klima na Europa ku ta bai tokante adaptashon. Nos eksigensia ta kla: Estado Hulandes mester ofres\u00e9 Boneiru e mesun protekshon ku e parti Europeo di e pais.<\/p>\n\n<h3 class=\"wp-block-heading\" id=\"h-nos-eksigensia-bini-porfin-ku-un-plan-di-protekshon\"><strong><strong>Nos eksigensia: bini porfin ku un plan di protekshon<\/strong><\/strong><\/h3>\n\n<p>E abogado di Greenpeace a kumins\u00e1 ku <a href=\"https:\/\/www.greenpeace.org\/nl\/algemeen\/72702\/pleitnota-mitigatie\/\">su argumento<\/a>nan. El a splika ku adaptashon \u2014meskos ku mitigashon\u2014 ta un tarea klave pa paisnan. Esaki ta konta sigur pa paisnan riku manera Hulanda, ku tin e s\u00e8n i rekursonan pa proteh\u00e1 nan siudadanonan. Esaki a keda konfirm\u00e1 den konsehonan resien di e Korte Internashonal di Hustisia i e Korte Interamerikano di Derechonan Humano. Ademas tur dos korte ta deline\u00e1 klaramente kondishonnan m\u00ednimo ku e maneho di adaptashon di paisnan mester kumpli kun\u00e9: por eh\u00e8mpel, mester tin un plan di adaptashon ku un ophetivo kla, bas\u00e1 riba investigashon sient\u00edfiko, i ku garantia di sufisiente finansiamentu i kapasidat.<\/p>\n\n<p>Un plan asina ya tei pa a\u00f1os kaba pa Hulanda Europeo, pero no pa Boneiru. P\u2019e motibu ei e habitantenan di Boneiru ta m\u00e9nos proteh\u00e1 ku otro habitantenan di Hulanda. Esaki ta diskriminatorio i tambe inkomprendibel: islanan chik\u00ed manera Boneiru mester risib\u00ed mas protekshon, ya ku nan ta keda afekt\u00e1 mas tantu pa e konsekuensianan di kambio di klima.<\/p>\n\n<h3 class=\"wp-block-heading\" id=\"h-estado-hulandes-ta-sembra-duda-tokante-peligernan-na-boneiru\"><strong><strong>Estado Hulandes ta sembra duda tokante peligernan na Boneiru<\/strong><\/strong><\/h3>\n\n<p>E abogado di Estado Hulandes a reakshon\u00e1 ku argumentunan ya konos\u00ed. El a purba di sembra duda atrobe tokante e konsekuensianan eksakto di kambio di klima pa Boneiru. E abogado a argument\u00e1 ku e subida eksakto di nivel di laman no ta sigur ainda. P\u2019e motibu ei lo no ta sigur ainda si i ki dia \u2018ophetonan\u2019\u2014 asina Estado Hulandes a yama e kasnan di katibu, herensia kultural importante na Boneiru\u2014 realmente lo dispars\u00e9 den laman. Pero esaki no ta korekto, pasobra <a href=\"https:\/\/www.greenpeace.org\/nl\/algemeen\/54518\/impact-klimaatverandering-bonaire-onderzoek\/\">investigashon<\/a> anterior ta mustra ku sin medida, un kinto parti di e isla por ta bou di awa pa fin di e siglo ak\u00ed, kaminda e kasnan di katibu ta dispars\u00e9 permanentemente, huntu ku \u00e1reanan natural importante i lug\u00e1nan kaminda hende ta reun\u00ed. Di b\u00e8rdat Estado Hulandes ke warda te ora e prom\u00e9 partinan di Boneiru dispars\u00e9 bou di awa prom\u00e9 ku e interven\u00ed?<\/p>\n\n<p>Ounke e deklarashonnan ta mustra ku kalor ta afektando bida diario di hende na Boneiru, Estado Hulandes a kuestion\u00e1 si en realidat e kalor na Boneiru tabata pone sal\u00fa di e habitantenan na peliger. Estado a indik\u00e1 ku no a hasi investigashon spes\u00edfiko riba esaki ainda. Pero Greenpeace a kontrarest\u00e1 esaki, bisando ku <a href=\"https:\/\/www.thelancet.com\/journals\/langlo\/article\/PIIS2214-109X(24)00421-2\/fulltext\" target=\"_blank\" rel=\"noopener\">investigashon sient\u00edfiko<\/a> en realidat ta mustra ku riba islanan chik\u00ed manera Boneiru, e oumento di kalor aworak\u00ed ya ta kousando dos biaha mas tantu morto. Estado Hulandes mes mester hasi un investigashon mas profundo riba esaki. Dikon Estado no ta tumando akshon?<\/p>\n\n<h3 class=\"wp-block-heading\" id=\"h-estado-hulandes-ta-purba-evita-di-asumi-su-responsabilidat\"><strong><strong>Estado Hulandes ta purba evit\u00e1 di asum\u00ed su responsabilidat<\/strong><\/strong><\/h3>\n\n<p>Meskos ku ayera, ta parse ku Estado Hulandes ta prefer\u00e1 di pasa su responsabilidat pa otronan. Ayera, el a skonde tras di Union Europeo; awe tabata gobi\u00e8rnu lokal di Boneiru (OLB). Supuestamente Estado Hulandes lo ke desaroy\u00e1 un maneho di adaptashon, pero e mester \u2018tene kuenta\u2019 ku e divishon di tareanan ku OLB. Ta OLB supuestamente lo ta responsabel pa adaptashon na klima.<\/p>\n\n<p>Greenpeace a splika ku esaki ta disparate. Estado Hulandes ta responsabel pa proteh\u00e1 e derechonan humano di su habitantenan\u2014 lokual ku Estado a rekonos\u00e9 tambe, pero sin gana. Kon e tareanan ta ser divid\u00ed internamente ku OLB por sierto ta irrelevante: Estado Hulandes mester s\u00f2ru pa e akuerdonan kondus\u00ed na un plan di protekshon s\u00f3lido. Naturalmente ku OLB no por hasi esaki su so\u2014 ningun munisipio Hulandes no por, i na Boneiru tin opst\u00e1kulonan struktural adishonal, pasobra Boneiru no ta pertenes\u00e9 na un provinsia \u00f2f direktiva di awa, ni ta risib\u00ed e yudansa ku otro munisipionan si ta ha\u00f1a, i ta lucha strukturalmente ku skarsedat di fondo i kapasidat. P\u2019e motibu ei Estado Hulandes mester tuma e responsabilidat pa desaroyo di e plan ak\u00ed i duna e yudansa i finansiamentu nesesario.<\/p>\n\n<h3 class=\"wp-block-heading\" id=\"h-muchu-tiki-yudansa-i-rekurso\"><strong><strong>Muchu tiki yudansa i rekurso<\/strong><\/strong><\/h3>\n\n<p>Pero e yudansa i rekursonan ei ta falta ainda. Estado Hulandes ta pretend\u00e9 di ta hasiendo \u2018hopi\u2019, pero e echonan ta mustra otro. Por eh\u00e8mpel, Estado ta tumando mas bien medidanan isol\u00e1 ku no tin e meta (prinsipal) di proteh\u00e1 Boneiru kontra kambio di klima. Otro plannan ku Estado Hulandes ta pr\u00f2nk kun\u00e9, mayoria biaha ta den nan infansia ainda. En todo kaso no tin un plan kompleto ainda, pa no papia mes di sufisiente hende i finansiamentu pa implement\u2019\u00e9. Gabinete Schoof a kaba di retir\u00e1 e presupuesto ku tabata disponibel&#8230;<\/p>\n\n<p>Estado Hulandes ta pidi pasenshi i ta yama su esfuersonan \u2018trabou den progreso\u2019 i un \u2018proseso di si\u00f1amentu\u2019. Pero nos pasenshi a kaba, pasobra e derechonan humano di e habitantenan di Boneiru a ser viol\u00e1 pa muchu hopi tempu kaba. P\u2019e motibu ei nos ta eksig\u00ed pa mas tard\u00e1 na yan\u00fcari 2027 Estado Hulandes present\u00e1 un plan s\u00f3lido, unu ku por konta ku sufisiente personal, finansiamentu, i sosten di e habitantenan di Boneiru.<\/p>\n\n<h3 class=\"wp-block-heading\" id=\"h-e-kontinuashon\"><strong><strong>E kontinuashon<\/strong><\/strong><\/h3>\n\n<p>Awor ta keda na korte pa determin\u00e1 si Estado Hulandes mester redus\u00ed su emishonnan mas lih\u00e9 i tuma medidanan pa proteh\u00e1 e habitantenan di Boneiru kontra e kr\u00edsis di klima. E veredikto lo ser dun\u00e1 dia 28 di yan\u00fcari 2026.<\/p>\n\n<p><\/p>\n","protected":false},"excerpt":{"rendered":"<p>Seshon den korte dia 1<\/p>\n","protected":false},"author":91,"featured_media":72679,"comment_status":"closed","ping_status":"closed","sticky":false,"template":"","format":"standard","meta":{"ep_exclude_from_search":false,"p4_og_title":"","p4_og_description":"","p4_og_image":"","p4_og_image_id":"","p4_seo_canonical_url":"","p4_campaign_name":"","p4_local_project":"","p4_basket_name":"","p4_department":"","footnotes":""},"categories":[17],"tags":[],"p4-page-type":[16],"class_list":["post-72896","post","type-post","status-publish","format-standard","has-post-thumbnail","hentry","category-algemeen","p4-page-type-artikelen"],"_links":{"self":[{"href":"https:\/\/www.greenpeace.org\/nl\/wp-json\/wp\/v2\/posts\/72896","targetHints":{"allow":["GET"]}}],"collection":[{"href":"https:\/\/www.greenpeace.org\/nl\/wp-json\/wp\/v2\/posts"}],"about":[{"href":"https:\/\/www.greenpeace.org\/nl\/wp-json\/wp\/v2\/types\/post"}],"author":[{"embeddable":true,"href":"https:\/\/www.greenpeace.org\/nl\/wp-json\/wp\/v2\/users\/91"}],"replies":[{"embeddable":true,"href":"https:\/\/www.greenpeace.org\/nl\/wp-json\/wp\/v2\/comments?post=72896"}],"version-history":[{"count":3,"href":"https:\/\/www.greenpeace.org\/nl\/wp-json\/wp\/v2\/posts\/72896\/revisions"}],"predecessor-version":[{"id":72905,"href":"https:\/\/www.greenpeace.org\/nl\/wp-json\/wp\/v2\/posts\/72896\/revisions\/72905"}],"wp:featuredmedia":[{"embeddable":true,"href":"https:\/\/www.greenpeace.org\/nl\/wp-json\/wp\/v2\/media\/72679"}],"wp:attachment":[{"href":"https:\/\/www.greenpeace.org\/nl\/wp-json\/wp\/v2\/media?parent=72896"}],"wp:term":[{"taxonomy":"category","embeddable":true,"href":"https:\/\/www.greenpeace.org\/nl\/wp-json\/wp\/v2\/categories?post=72896"},{"taxonomy":"post_tag","embeddable":true,"href":"https:\/\/www.greenpeace.org\/nl\/wp-json\/wp\/v2\/tags?post=72896"},{"taxonomy":"p4-page-type","embeddable":true,"href":"https:\/\/www.greenpeace.org\/nl\/wp-json\/wp\/v2\/p4-page-type?post=72896"}],"curies":[{"name":"wp","href":"https:\/\/api.w.org\/{rel}","templated":true}]}}