{"id":73414,"date":"2026-01-26T10:00:00","date_gmt":"2026-01-26T09:00:00","guid":{"rendered":"https:\/\/www.greenpeace.org\/nl\/?p=73414"},"modified":"2026-01-27T13:45:50","modified_gmt":"2026-01-27T12:45:50","slug":"veredikto-den-e-kaso-di-klima-di-boneiru-e-dia-di-berdat-pa-maneho-di-klima-frakasa","status":"publish","type":"post","link":"https:\/\/www.greenpeace.org\/nl\/algemeen\/73414\/veredikto-den-e-kaso-di-klima-di-boneiru-e-dia-di-berdat-pa-maneho-di-klima-frakasa\/","title":{"rendered":"Veredikto den e Kaso di Klima di Boneiru: E dia di b\u00e8rdat pa maneho di klima frakas\u00e1"},"content":{"rendered":"\n<p><strong>Den Haag, 26 di yan\u00fcari 2026 \u2013 Korte di Den Haag lo duna su veredikto dj\u00e1rason 28 di yan\u00fcari pa 9 am<\/strong> <strong>den e Kaso di Klima di Boneiru, ku a ser entam\u00e1 pa ocho habitante di Boneiru i Greenpeace Hulanda kontra Estado Hulandes. Korte lo dikta si Hulanda ta proteh\u00e1 su propio siudadanonan sufisientemente kontra e konsekuensianan di e kr\u00edsis di klima. Boneiru ta konfrontando kalor ekstremo deb\u00ed na kambio di klima, pero gobi\u00e8rnu no ta bini ku medidanan di protekshon. E demandantenan i Greenpeace ta eksig\u00ed pa bini ku un plan konkreto i realisabel pa proteh\u00e1 Boneiru, i ku gobi\u00e8rnu lo aseler\u00e1 e redukshon di emishon di CO2 di Hulanda te na sero. \u201cLo ta un viktoria hist\u00f3riko si korte oblig\u00e1 Estado Hulandes pa tuma medidanan konkreto ku ta proteh\u00e1 hende kontra wer ekstremo i otro konsekuensianan di e kr\u00edsis di klima,\u201d asina Marieke Vellekoop, direktor di Greenpeace Hulanda a bisa.<\/strong><\/p>\n\n<p><strong>Prom\u00e9 kaso den korte tokante adaptashon i alabes un <\/strong><strong><em>testcase<\/em><\/strong><strong> despues di verediktonan internashonal<\/strong><\/p>\n\n<p>Esaki ta e prom\u00e9 kaso na Europa kaminda un hues por dikta ku un pais mester desaroy\u00e1 maneho di adaptashon ku ta proteh\u00e1 hende kontra kambio di klima. Ant\u00f3 e ta un di e prom\u00e9 kasonan di klima despues di e <a href=\"https:\/\/nos.nl\/artikel\/2516093-zwitserse-vrouwen-krijgen-gelijk-in-klimaatzaak-bij-mensenrechtenhof\" target=\"_blank\" rel=\"noopener\">veredikto di Korte Europeo pa Derechonan Humano<\/a> den e kaso di KlimaSeniorinnen i e resien <a href=\"https:\/\/nos.nl\/collectie\/13871\/artikel\/2576135-landen-moeten-klimaat-beschermen-oordeelt-internationaal-gerechtshof-in-baanbrekende-uitspraak\" target=\"_blank\" rel=\"noopener\">konseho di Korte Internashonal di Hustisia<\/a> na Den Haag. Den e \u00faltimo konseho ei, Korte a dikta ku estadonan mester tene kalentamentu di mundu bou di 1.5 grado Celsius, i ku nan plannan di klima mester demostr\u00e1 ambishon m\u00e1ksimo, teniendo kuenta ku emishonnan hist\u00f3riko i nivel di prosperidat. Esaki ta nifik\u00e1 ku paisnan manera Hulanda mester hasi mas. Pues e kaso ak\u00ed ta e prom\u00e9 <em>testcase<\/em> grandi despues di e verediktonan pionero di kortenan internashonal i e por pone un presedente ku tin relevansia mundial.<\/p>\n\n<p>Marieke Vellekoop, direktor di Greenpeace Hulanda: &#8220;E kaso di klima ak\u00ed ta krusial. Na prom\u00e9 lug\u00e1 pa e hendenan na Boneiru, pero tambe pa nos tur. Habitantenan di Boneiru ya kaba ta eksperensi\u00e1 diariamente e konsekuensianan di kambio di klima, mi\u00e9ntras ku nan ta risib\u00ed m\u00e9nos protekshon ku hendenan na Hulanda Europeo. Esaki ta inaseptabel i inhustu. No mester ta import\u00e1 unda bo a nase: tur hende tin derecho riba protekshon kontra inundashon, tormenta i kalor ekstremo.\u201d<\/p>\n\n<p>Jackie Bernabela, demandante den e Kaso di Klima di Boneiru: \u201cE kaso den korte ak\u00ed ta duna un rayo di speransa. Nos, ocho suidadano di Boneiru, ta hiba e kaso ak\u00ed huntu ku Greenpeace Hulanda pa lanta nos lidernan for di so\u00f1o. Nos ta resist\u00ed e eroshon di speransa ku ta tuma lug\u00e1 poko poko. Pasobra speransa ta e piedra di skina di akshon. I awor nos tin mester di akshon. Rikesa lo no salba bo ora e awa kumins\u00e1 subi. Poder lo no salba bo ora malesa kumins\u00e1 plama. Solamente kompashon, kurashi i union.\u201d<\/p>\n\n<p><strong>Estado Hulandes ta prioris\u00e1 kontaminad\u00f3nan grandi mas tantu ku klima i hende<\/strong><\/p>\n\n<p>Pol\u00edtika a debilit\u00e1 e maneho di klima den a\u00f1anan resien, i e gabinete (demishonario) <a href=\"https:\/\/nos.nl\/artikel\/2582721-klimaatdoel-met-huidig-beleid-niet-gehaald-van-vooruitkijken-nauwelijks-meer-sprake\" target=\"_blank\" rel=\"noopener\">no ta alkans\u00e1 e meta di klima stipul\u00e1 den e Lei di Klima.<\/a> Enbes di esei, e gabinete ta duna \u200b\u200bsupsidio pa kombustibel fosil i ta elimin\u00e1 e impuesto riba CO2 pa kompanianan. Durante formashon di e gobi\u00e8rnu nobo tampoko no a tuma desishonnan ainda ku ta nesesario pa redus\u00ed emishon. \u201cE gabinete tin man ten\u00e9 riba kabes di kontaminad\u00f3nan grandi, a kosto di klima, hende, i futuro di nos planeta. Nos no mester solamente tene e metanan di klima na bista, nos mester logra nan i aseler\u00e1 nan. E tempu di retraso i posponementu awor si mester ta tras di lomba di b\u00e8rdat. Solamente ku medidanan fuerte i hustu lo por redus\u00ed emishonnan mas lih\u00e9,\u201d asina Vellekoop a bisa. E habitantenan di Boneiru i Greenpeace ta eksig\u00ed pa Hulanda por lo m\u00e9nos aten\u00e9 su mes na e Lei di Klima di Hulanda i duna su kontribushon hustu pa tene e kalentamentu di mundu bou di 1.5 grado Celsius. Esaki kemen redus\u00ed emishon di CO2 te na sero mas lih\u00e9 posibel. Esei ta posibel na Hulanda pa a\u00f1a 2040.<\/p>\n\n<p><strong>Kaso di Klima di Boneiru<\/strong><\/p>\n\n<p><a href=\"https:\/\/www.greenpeace.org\/nl\/algemeen\/54518\/impact-klimaatverandering-bonaire-onderzoek\/\">Investigashonnan<\/a> anterior has\u00ed na enkargo di Greenpeace Hulanda ta mustra ku ya kaba e kr\u00edsis di klima ta afektando bida diario na Boneiru. Hendenan ta eksperensiando e efektonan di kalor ekstremo riba nan sal\u00fa. Subida di nivel di laman, wer ekstremo, i refnan di koral ku ta muriendo ta forma riesgonan grandi pa habitantenan. Si no tuma medida, te ku un kinto parti di e isla por bai bou di awa pa fin di e siglo ak\u00ed. P\u2019e motibu ei ocho habitante di Boneiru huntu ku Greenpeace a bai korte pa eksig\u00ed un maneho di klima hustu di Estado Hulandes. Nan ta ser asist\u00ed pa abogadonan di Kennedy van der Laan i Prakken d\u2019Oliveira. E seshonnan den korte a tuma lug\u00e1 dia 7 i 8 di \u00f2ktober 2025, kaminda e ocho demandantenan tabata presente.<\/p>\n\n<p><strong>Pa mas informashon:<\/strong><\/p>\n\n<p>Laura Polderman \u2013 ofisial di prensa di Greenpeace&nbsp;<\/p>\n\n<p>+31 (0)6 2900 1140 &#8211; <a href=\"mailto:laura.polderman@greenpeace.org\">laura.polderman@greenpeace.org<\/a><\/p>\n\n<p>Greenpeace su number general pa prensa: +31 (0)6 2129 6895<\/p>\n\n<p>Por sigui e veredikto via un <a href=\"https:\/\/streams.nfgd.nl\/uitspraak-greenpeace-tegen-de-staat\" target=\"_blank\" rel=\"noopener\">livestream<\/a> di korte. Na e veredikto Onnie Emerenciana i Jackie Bernabela, demandantenan den e Kaso di Klima di Boneiru, lo tei presente, huntu ku Marieke Vellekoop, direktor di Greenpeace Hulanda. E veredikto lo keda publik\u00e1 pa 3:00 pm (10 am GMT-4) riba <a href=\"http:\/\/rechtspraak.nl\/\" target=\"_blank\" rel=\"noopener\">Rechtspraak.nl<\/a>.&nbsp;<\/p>\n\n<p>Tin tambe un hues di prensa presente. Bo ke ta presente den korte? Registr\u00e1 <a href=\"mailto:Voorlichting.rbdh@rechtspraak.nl\">aki<\/a>.&nbsp;<\/p>\n\n<p><a href=\"https:\/\/media.greenpeace.org\/Detail\/27MZIFJRW6GXK\" target=\"_blank\" rel=\"noopener\">Download aki<\/a> e im\u00e1gennan di e Kaso di Klima di Boneiru.&nbsp;Bo ke keda na altura i risib\u00ed <em>updates<\/em> tokante e Kaso di Klima di Boneiru? Aw\u00e8l forma parti di e <a href=\"https:\/\/chat.whatsapp.com\/CfkgZevAwEkIcOnbNvre5I?mode=ems_copy_t\" target=\"_blank\" rel=\"noopener\">grupo di Whatsapp ak\u00ed<\/a> pa periodista.<\/p>\n","protected":false},"excerpt":{"rendered":"<p>Korte di Den Haag lo duna su veredikto dj\u00e1rason 28 di yan\u00fcari pa 9 am den e Kaso di Klima di Boneiru, ku a ser entam\u00e1 pa ocho habitante di Boneiru i Greenpeace Hulanda kontra Estado Hulandes.<\/p>\n","protected":false},"author":181,"featured_media":66661,"comment_status":"closed","ping_status":"closed","sticky":false,"template":"","format":"standard","meta":{"ep_exclude_from_search":false,"p4_og_title":"","p4_og_description":"","p4_og_image":"","p4_og_image_id":"","p4_seo_canonical_url":"","p4_campaign_name":"","p4_local_project":"","p4_basket_name":"","p4_department":"","footnotes":""},"categories":[17],"tags":[122,100],"p4-page-type":[14],"class_list":["post-73414","post","type-post","status-publish","format-standard","has-post-thumbnail","hentry","category-algemeen","tag-bonaire-climate-justice","tag-klimaatcrisis","p4-page-type-pers"],"_links":{"self":[{"href":"https:\/\/www.greenpeace.org\/nl\/wp-json\/wp\/v2\/posts\/73414","targetHints":{"allow":["GET"]}}],"collection":[{"href":"https:\/\/www.greenpeace.org\/nl\/wp-json\/wp\/v2\/posts"}],"about":[{"href":"https:\/\/www.greenpeace.org\/nl\/wp-json\/wp\/v2\/types\/post"}],"author":[{"embeddable":true,"href":"https:\/\/www.greenpeace.org\/nl\/wp-json\/wp\/v2\/users\/181"}],"replies":[{"embeddable":true,"href":"https:\/\/www.greenpeace.org\/nl\/wp-json\/wp\/v2\/comments?post=73414"}],"version-history":[{"count":2,"href":"https:\/\/www.greenpeace.org\/nl\/wp-json\/wp\/v2\/posts\/73414\/revisions"}],"predecessor-version":[{"id":73421,"href":"https:\/\/www.greenpeace.org\/nl\/wp-json\/wp\/v2\/posts\/73414\/revisions\/73421"}],"wp:featuredmedia":[{"embeddable":true,"href":"https:\/\/www.greenpeace.org\/nl\/wp-json\/wp\/v2\/media\/66661"}],"wp:attachment":[{"href":"https:\/\/www.greenpeace.org\/nl\/wp-json\/wp\/v2\/media?parent=73414"}],"wp:term":[{"taxonomy":"category","embeddable":true,"href":"https:\/\/www.greenpeace.org\/nl\/wp-json\/wp\/v2\/categories?post=73414"},{"taxonomy":"post_tag","embeddable":true,"href":"https:\/\/www.greenpeace.org\/nl\/wp-json\/wp\/v2\/tags?post=73414"},{"taxonomy":"p4-page-type","embeddable":true,"href":"https:\/\/www.greenpeace.org\/nl\/wp-json\/wp\/v2\/p4-page-type?post=73414"}],"curies":[{"name":"wp","href":"https:\/\/api.w.org\/{rel}","templated":true}]}}