{"id":74306,"date":"2026-04-28T10:31:18","date_gmt":"2026-04-28T08:31:18","guid":{"rendered":"https:\/\/www.greenpeace.org\/nl\/?p=74306"},"modified":"2026-04-28T11:06:45","modified_gmt":"2026-04-28T09:06:45","slug":"coordinator-communicatie-klimaatactieconferentie-2026","status":"publish","type":"post","link":"https:\/\/www.greenpeace.org\/nl\/algemeen\/74306\/coordinator-communicatie-klimaatactieconferentie-2026\/","title":{"rendered":"Co\u00f6rdinator Communicatie Klimaatactieconferentie 2026"},"content":{"rendered":"\n<p>Wij zoeken een enthousiaste co\u00f6rdinator Communicatie die samen met een team van vier andere co\u00f6rdinatoren de schouders zet onder een landelijke <a href=\"https:\/\/klimaatactieconferentie.nl\/\" target=\"_blank\" rel=\"noopener\">Klimaatactieconferentie<\/a>&nbsp;(AC), die plaatsvindt&nbsp;<strong>eind september \u2013 begin oktober<\/strong>&nbsp;2026. Deze conferenties zijn d\u00e9 plek waar 250 organizers, campaigners en activisten uit de Nederlandse klimaatbeweging samenkomen voor strategische verdieping, kennisdeling en netwerkversterking. De posities van algemeen co\u00f6rdinator, co\u00f6rdinator programma (x2) en co\u00f6rdinator logistiek zijn al gevuld. Nu zoeken we nog een ervaren, enthousiaste <strong>Co\u00f6rdinator Communicatie &amp; Outreach<\/strong>.&nbsp;<\/p>\n\n<ul class=\"wp-block-list\">\n<li><strong>Jouw focus<\/strong>:\u00a0Opzetten van de communicatiestrategie, beheer van de website\/nieuwsbrief\/socials en het enthousiasmeren\/informeren van deelnemers.<\/li>\n\n\n\n<li><strong>Jij bent<\/strong>:\u00a0Een sterke communicator die weet hoe je verschillende netwerken binnen de beweging bereikt en enthousiasmeert.<\/li>\n<\/ul>\n\n<p><strong>Wie Wij Zoeken<\/strong><\/p>\n\n<ul class=\"wp-block-list\">\n<li>Je bent actief in de Nederlandse klimaatbeweging, of een andere sociale beweging of maatschappelijke non-profit context, en voelt je thuis in een activistische omgeving.\u00a0<\/li>\n\n\n\n<li>Je hebt aantoonbare ervaring met social media-beheer en het ontwikkelen van content. Je kunt overweg met grafische software (zoals Canva, Photoshop of Illustrator) en hebt ervaring met nieuwsbrieven en de backend van WordPress.<\/li>\n\n\n\n<li>Je bent schriftelijk sterk in het Nederlands. Je schrijft wervende, activerende teksten en brengt eigen idee\u00ebn in om ons bereik te vergroten.<\/li>\n\n\n\n<li>Voldoe je nog niet aan alle bovenstaande punten, maar heb je wel het idee iets toe te kunnen voegen aan de organisatie van de Klimaatactieconferentie? Reageer dan vooral!<\/li>\n<\/ul>\n\n<p><strong>Samenwerking en Focus<\/strong><\/p>\n\n<p>Binnen het team werken we met een duidelijke verdeling van eindverantwoordelijkheden. Tegelijkertijd geloven we in een collectieve aanpak: afhankelijk van de behoefte in het team en jouw persoonlijke interesse is er ruimte voor crossover-samenwerking en ondersteuning op vlakken buiten je focusgebied. Zo zorgen we ervoor dat iedereen een vergelijkbare bijdrage levert en we elkaars krachten en motivatie optimaal benutten.<\/p>\n\n<p><strong>Wat Wij Bieden<\/strong><\/p>\n\n<ul class=\"wp-block-list\">\n<li>Een sleutelrol in een betekenisvolle bijeenkomst voor de Nederlandse klimaatbeweging.<\/li>\n\n\n\n<li>Samenwerking met een gemotiveerd team en diverse milieuorganisaties.<\/li>\n\n\n\n<li>Een enorme uitbreiding van je netwerk binnen de klimaatbeweging.<\/li>\n\n\n\n<li>Flexibele invulling van uren (in overleg), gemiddeld 7 uur per week.<\/li>\n\n\n\n<li>Vrijwilligersvergoeding van \u20ac 1.000,- voor de actieconferentie. Looptijd mei-oktober.<\/li>\n<\/ul>\n\n<p><strong>Verantwoording en Evaluatie<\/strong><\/p>\n\n<p>Als co\u00f6rdinator werk je in een zelfsturende projectgroep die invulling geeft aan het plan van aanpak voor de conferentie. De contracten en de uitbetaling van de vrijwilligersvergoedingen lopen via <a href=\"https:\/\/wisenederland.nl\/\" target=\"_blank\" rel=\"noopener\">WISE<\/a>.&nbsp;<\/p>\n\n<p><strong>Interesse?<\/strong><\/p>\n\n<p>Wil jij bijdragen aan een krachtige, goed georganiseerde Klimaatactieconferentie? Dan nodigen we je van harte uit om te reageren voor <strong>8 mei<\/strong> door een CV en motivatiebrief te mailen naar <a href=\"mailto:daan.van.meurs@greenpeace.org\">daan.van.meurs@greenpeace.org<\/a>.<\/p>\n\n<p> Geselecteerde kandidaten worden uitgenodigd voor een gesprek op 11 mei (overdag).<\/p>\n\n<p><strong>Diversiteit &amp; Toegankelijkheid<\/strong><\/p>\n\n<p>Wij streven naar een diverse en inclusieve organisatie. Iedereen is welkom \u2013 ongeacht afkomst, gender, leeftijd, seksuele ori\u00ebntatie of beperking.<\/p>\n","protected":false},"excerpt":{"rendered":"<p>Wij zoeken een enthousiaste co\u00f6rdinator Communicatie die samen met een team van vier andere co\u00f6rdinatoren de schouders zet onder een landelijke Klimaatactieconferentie (AC), die plaatsvindt eind september \u2013 begin oktober 2026.<\/p>\n","protected":false},"author":183,"featured_media":73723,"comment_status":"closed","ping_status":"closed","sticky":false,"template":"","format":"standard","meta":{"ep_exclude_from_search":false,"p4_og_title":"","p4_og_description":"","p4_og_image":"","p4_og_image_id":"","p4_seo_canonical_url":"","p4_campaign_name":"not set","p4_local_project":"not set","p4_basket_name":"not set","p4_department":"","footnotes":""},"categories":[17],"tags":[],"p4-page-type":[46],"class_list":["post-74306","post","type-post","status-publish","format-standard","has-post-thumbnail","hentry","category-algemeen","p4-page-type-vacature"],"_links":{"self":[{"href":"https:\/\/www.greenpeace.org\/nl\/wp-json\/wp\/v2\/posts\/74306","targetHints":{"allow":["GET"]}}],"collection":[{"href":"https:\/\/www.greenpeace.org\/nl\/wp-json\/wp\/v2\/posts"}],"about":[{"href":"https:\/\/www.greenpeace.org\/nl\/wp-json\/wp\/v2\/types\/post"}],"author":[{"embeddable":true,"href":"https:\/\/www.greenpeace.org\/nl\/wp-json\/wp\/v2\/users\/183"}],"replies":[{"embeddable":true,"href":"https:\/\/www.greenpeace.org\/nl\/wp-json\/wp\/v2\/comments?post=74306"}],"version-history":[{"count":2,"href":"https:\/\/www.greenpeace.org\/nl\/wp-json\/wp\/v2\/posts\/74306\/revisions"}],"predecessor-version":[{"id":74308,"href":"https:\/\/www.greenpeace.org\/nl\/wp-json\/wp\/v2\/posts\/74306\/revisions\/74308"}],"wp:featuredmedia":[{"embeddable":true,"href":"https:\/\/www.greenpeace.org\/nl\/wp-json\/wp\/v2\/media\/73723"}],"wp:attachment":[{"href":"https:\/\/www.greenpeace.org\/nl\/wp-json\/wp\/v2\/media?parent=74306"}],"wp:term":[{"taxonomy":"category","embeddable":true,"href":"https:\/\/www.greenpeace.org\/nl\/wp-json\/wp\/v2\/categories?post=74306"},{"taxonomy":"post_tag","embeddable":true,"href":"https:\/\/www.greenpeace.org\/nl\/wp-json\/wp\/v2\/tags?post=74306"},{"taxonomy":"p4-page-type","embeddable":true,"href":"https:\/\/www.greenpeace.org\/nl\/wp-json\/wp\/v2\/p4-page-type?post=74306"}],"curies":[{"name":"wp","href":"https:\/\/api.w.org\/{rel}","templated":true}]}}