{"id":1613,"date":"2019-05-14T09:48:26","date_gmt":"2019-05-14T09:48:26","guid":{"rendered":"https:\/\/www.greenpeace.org\/norway\/?p=1613"},"modified":"2023-10-23T10:12:32","modified_gmt":"2023-10-23T09:12:32","slug":"australsk-paddle-out-til-norge","status":"publish","type":"post","link":"https:\/\/www.greenpeace.org\/norway\/nyheter\/energi\/australsk-paddle-out-til-norge\/","title":{"rendered":"Australsk &laquo;paddle out&raquo; til Norge"},"content":{"rendered":"\n<figure class=\"wp-block-image\"><img loading=\"lazy\" decoding=\"async\" width=\"1381\" height=\"921\" src=\"https:\/\/www.greenpeace.org\/static\/planet4-norway-stateless\/2019\/05\/d76e7775-2019-05-12-paddle-out-protest-med-greenpeace-utenfor-operaen-1798.jpg\" alt=\"\" class=\"wp-image-1621\" srcset=\"https:\/\/www.greenpeace.org\/static\/planet4-norway-stateless\/2019\/05\/d76e7775-2019-05-12-paddle-out-protest-med-greenpeace-utenfor-operaen-1798.jpg 1381w, https:\/\/www.greenpeace.org\/static\/planet4-norway-stateless\/2019\/05\/d76e7775-2019-05-12-paddle-out-protest-med-greenpeace-utenfor-operaen-1798-300x200.jpg 300w, https:\/\/www.greenpeace.org\/static\/planet4-norway-stateless\/2019\/05\/d76e7775-2019-05-12-paddle-out-protest-med-greenpeace-utenfor-operaen-1798-768x512.jpg 768w, https:\/\/www.greenpeace.org\/static\/planet4-norway-stateless\/2019\/05\/d76e7775-2019-05-12-paddle-out-protest-med-greenpeace-utenfor-operaen-1798-1024x683.jpg 1024w, https:\/\/www.greenpeace.org\/static\/planet4-norway-stateless\/2019\/05\/d76e7775-2019-05-12-paddle-out-protest-med-greenpeace-utenfor-operaen-1798-510x340.jpg 510w\" sizes=\"auto, (max-width: 1381px) 100vw, 1381px\" \/><\/figure>\n\n<p><strong>Flere titalls nordmenn, australiere, surfere, klimaaktivister, barn og voksne gikk i helga sammen i en \u00abpaddle out\u00bb som protest mot Equinors boreplaner i Australbukta.<\/strong><\/p>\n\n<p>En paddle out er en tradisjon som stammer fra Hawaii, og er egentlig en slags begravelsesseremoni. Flere surfemilj\u00f8 i Australia har brukt tradisjonen til \u00e5 demonstrere mot Equinors planer, og flere tusen surfere har blitt med i kampen for en oljefri \u00abBight\u00bb.<\/p>\n\n<p>Engasjementet rundt selskapets planer har engasjert sjeldent bredt. Australske surfere er bekymret for n\u00e6rmilj\u00f8et sitt, det samme er aboriginere fra n\u00e6romr\u00e5dene, i likhet med milj\u00f8- og klimaaktivister over hele verden. Equinors boreplaner har m\u00f8tt motstand fra 17 kommuner i Australbukta, men selskapet har ingen planer om \u00e5 la v\u00e6re \u00e5 bore etter olje.<br><br>Derfor arrangerte vi, sammen med flere andre organisasjoner, en paddle out for \u00e5 vise den brede motstanden Equinors boreplaner har m\u00f8tt, og kommer til \u00e5 fortsette \u00e5 m\u00f8te.<\/p>\n\n<p>Under kan du se bilder fra da surferne inspirerte til paddle out i Oslo og Stavanger.<\/p>\n\n<figure class=\"wp-block-image\"><img loading=\"lazy\" decoding=\"async\" width=\"1381\" height=\"921\" src=\"https:\/\/www.greenpeace.org\/static\/planet4-norway-stateless\/2019\/05\/afb11fbd-2019-05-12-paddle-out-protest-med-greenpeace-utenfor-operaen-1748.jpg\" alt=\"\" class=\"wp-image-1614\" srcset=\"https:\/\/www.greenpeace.org\/static\/planet4-norway-stateless\/2019\/05\/afb11fbd-2019-05-12-paddle-out-protest-med-greenpeace-utenfor-operaen-1748.jpg 1381w, https:\/\/www.greenpeace.org\/static\/planet4-norway-stateless\/2019\/05\/afb11fbd-2019-05-12-paddle-out-protest-med-greenpeace-utenfor-operaen-1748-300x200.jpg 300w, https:\/\/www.greenpeace.org\/static\/planet4-norway-stateless\/2019\/05\/afb11fbd-2019-05-12-paddle-out-protest-med-greenpeace-utenfor-operaen-1748-768x512.jpg 768w, https:\/\/www.greenpeace.org\/static\/planet4-norway-stateless\/2019\/05\/afb11fbd-2019-05-12-paddle-out-protest-med-greenpeace-utenfor-operaen-1748-1024x683.jpg 1024w, https:\/\/www.greenpeace.org\/static\/planet4-norway-stateless\/2019\/05\/afb11fbd-2019-05-12-paddle-out-protest-med-greenpeace-utenfor-operaen-1748-510x340.jpg 510w\" sizes=\"auto, (max-width: 1381px) 100vw, 1381px\" \/><\/figure>\n\n<figure class=\"wp-block-image\"><img loading=\"lazy\" decoding=\"async\" width=\"1381\" height=\"921\" src=\"https:\/\/www.greenpeace.org\/static\/planet4-norway-stateless\/2019\/05\/e9ecf553-2019-05-12-paddle-out-protest-med-greenpeace-utenfor-operaen-1764.jpg\" alt=\"\" class=\"wp-image-1615\" srcset=\"https:\/\/www.greenpeace.org\/static\/planet4-norway-stateless\/2019\/05\/e9ecf553-2019-05-12-paddle-out-protest-med-greenpeace-utenfor-operaen-1764.jpg 1381w, https:\/\/www.greenpeace.org\/static\/planet4-norway-stateless\/2019\/05\/e9ecf553-2019-05-12-paddle-out-protest-med-greenpeace-utenfor-operaen-1764-300x200.jpg 300w, https:\/\/www.greenpeace.org\/static\/planet4-norway-stateless\/2019\/05\/e9ecf553-2019-05-12-paddle-out-protest-med-greenpeace-utenfor-operaen-1764-768x512.jpg 768w, https:\/\/www.greenpeace.org\/static\/planet4-norway-stateless\/2019\/05\/e9ecf553-2019-05-12-paddle-out-protest-med-greenpeace-utenfor-operaen-1764-1024x683.jpg 1024w, https:\/\/www.greenpeace.org\/static\/planet4-norway-stateless\/2019\/05\/e9ecf553-2019-05-12-paddle-out-protest-med-greenpeace-utenfor-operaen-1764-510x340.jpg 510w\" sizes=\"auto, (max-width: 1381px) 100vw, 1381px\" \/><\/figure>\n\n<figure class=\"wp-block-image\"><img loading=\"lazy\" decoding=\"async\" width=\"2048\" height=\"1536\" src=\"https:\/\/www.greenpeace.org\/static\/planet4-norway-stateless\/2019\/05\/573e7c74-paddle1.jpg\" alt=\"\" class=\"wp-image-1631\" srcset=\"https:\/\/www.greenpeace.org\/static\/planet4-norway-stateless\/2019\/05\/573e7c74-paddle1.jpg 2048w, https:\/\/www.greenpeace.org\/static\/planet4-norway-stateless\/2019\/05\/573e7c74-paddle1-300x225.jpg 300w, https:\/\/www.greenpeace.org\/static\/planet4-norway-stateless\/2019\/05\/573e7c74-paddle1-768x576.jpg 768w, https:\/\/www.greenpeace.org\/static\/planet4-norway-stateless\/2019\/05\/573e7c74-paddle1-1024x768.jpg 1024w, https:\/\/www.greenpeace.org\/static\/planet4-norway-stateless\/2019\/05\/573e7c74-paddle1-1821x1366.jpg 1821w, https:\/\/www.greenpeace.org\/static\/planet4-norway-stateless\/2019\/05\/573e7c74-paddle1-453x340.jpg 453w\" sizes=\"auto, (max-width: 2048px) 100vw, 2048px\" \/><\/figure>\n\n<figure class=\"wp-block-image\"><img loading=\"lazy\" decoding=\"async\" width=\"1280\" height=\"960\" src=\"https:\/\/www.greenpeace.org\/static\/planet4-norway-stateless\/2019\/05\/6609f452-paddle2.jpg\" alt=\"\" class=\"wp-image-1632\" srcset=\"https:\/\/www.greenpeace.org\/static\/planet4-norway-stateless\/2019\/05\/6609f452-paddle2.jpg 1280w, https:\/\/www.greenpeace.org\/static\/planet4-norway-stateless\/2019\/05\/6609f452-paddle2-300x225.jpg 300w, https:\/\/www.greenpeace.org\/static\/planet4-norway-stateless\/2019\/05\/6609f452-paddle2-768x576.jpg 768w, https:\/\/www.greenpeace.org\/static\/planet4-norway-stateless\/2019\/05\/6609f452-paddle2-1024x768.jpg 1024w, https:\/\/www.greenpeace.org\/static\/planet4-norway-stateless\/2019\/05\/6609f452-paddle2-453x340.jpg 453w\" sizes=\"auto, (max-width: 1280px) 100vw, 1280px\" \/><\/figure>\n\n<figure class=\"wp-block-image\"><img loading=\"lazy\" decoding=\"async\" width=\"2048\" height=\"1536\" src=\"https:\/\/www.greenpeace.org\/static\/planet4-norway-stateless\/2019\/05\/bdd59ea1-paddle3.jpg\" alt=\"\" class=\"wp-image-1633\" srcset=\"https:\/\/www.greenpeace.org\/static\/planet4-norway-stateless\/2019\/05\/bdd59ea1-paddle3.jpg 2048w, https:\/\/www.greenpeace.org\/static\/planet4-norway-stateless\/2019\/05\/bdd59ea1-paddle3-300x225.jpg 300w, https:\/\/www.greenpeace.org\/static\/planet4-norway-stateless\/2019\/05\/bdd59ea1-paddle3-768x576.jpg 768w, https:\/\/www.greenpeace.org\/static\/planet4-norway-stateless\/2019\/05\/bdd59ea1-paddle3-1024x768.jpg 1024w, https:\/\/www.greenpeace.org\/static\/planet4-norway-stateless\/2019\/05\/bdd59ea1-paddle3-1821x1366.jpg 1821w, https:\/\/www.greenpeace.org\/static\/planet4-norway-stateless\/2019\/05\/bdd59ea1-paddle3-453x340.jpg 453w\" sizes=\"auto, (max-width: 2048px) 100vw, 2048px\" \/><\/figure>\n\n<figure class=\"wp-block-image\"><img loading=\"lazy\" decoding=\"async\" width=\"1381\" height=\"921\" src=\"https:\/\/www.greenpeace.org\/static\/planet4-norway-stateless\/2019\/05\/5feeff1c-2019-05-12-paddle-out-protest-med-greenpeace-utenfor-operaen-1816.jpg\" alt=\"\" class=\"wp-image-1623\" srcset=\"https:\/\/www.greenpeace.org\/static\/planet4-norway-stateless\/2019\/05\/5feeff1c-2019-05-12-paddle-out-protest-med-greenpeace-utenfor-operaen-1816.jpg 1381w, https:\/\/www.greenpeace.org\/static\/planet4-norway-stateless\/2019\/05\/5feeff1c-2019-05-12-paddle-out-protest-med-greenpeace-utenfor-operaen-1816-300x200.jpg 300w, https:\/\/www.greenpeace.org\/static\/planet4-norway-stateless\/2019\/05\/5feeff1c-2019-05-12-paddle-out-protest-med-greenpeace-utenfor-operaen-1816-768x512.jpg 768w, https:\/\/www.greenpeace.org\/static\/planet4-norway-stateless\/2019\/05\/5feeff1c-2019-05-12-paddle-out-protest-med-greenpeace-utenfor-operaen-1816-1024x683.jpg 1024w, https:\/\/www.greenpeace.org\/static\/planet4-norway-stateless\/2019\/05\/5feeff1c-2019-05-12-paddle-out-protest-med-greenpeace-utenfor-operaen-1816-510x340.jpg 510w\" sizes=\"auto, (max-width: 1381px) 100vw, 1381px\" \/><\/figure>\n\n<figure class=\"wp-block-image\"><img loading=\"lazy\" decoding=\"async\" width=\"1381\" height=\"921\" src=\"https:\/\/www.greenpeace.org\/static\/planet4-norway-stateless\/2019\/05\/dc106cb6-2019-05-12-paddle-out-protest-med-greenpeace-utenfor-operaen-1806.jpg\" alt=\"\" class=\"wp-image-1622\" srcset=\"https:\/\/www.greenpeace.org\/static\/planet4-norway-stateless\/2019\/05\/dc106cb6-2019-05-12-paddle-out-protest-med-greenpeace-utenfor-operaen-1806.jpg 1381w, https:\/\/www.greenpeace.org\/static\/planet4-norway-stateless\/2019\/05\/dc106cb6-2019-05-12-paddle-out-protest-med-greenpeace-utenfor-operaen-1806-300x200.jpg 300w, https:\/\/www.greenpeace.org\/static\/planet4-norway-stateless\/2019\/05\/dc106cb6-2019-05-12-paddle-out-protest-med-greenpeace-utenfor-operaen-1806-768x512.jpg 768w, https:\/\/www.greenpeace.org\/static\/planet4-norway-stateless\/2019\/05\/dc106cb6-2019-05-12-paddle-out-protest-med-greenpeace-utenfor-operaen-1806-1024x683.jpg 1024w, https:\/\/www.greenpeace.org\/static\/planet4-norway-stateless\/2019\/05\/dc106cb6-2019-05-12-paddle-out-protest-med-greenpeace-utenfor-operaen-1806-510x340.jpg 510w\" sizes=\"auto, (max-width: 1381px) 100vw, 1381px\" \/><\/figure>\n\n<figure class=\"wp-block-image\"><img loading=\"lazy\" decoding=\"async\" width=\"1381\" height=\"921\" src=\"https:\/\/www.greenpeace.org\/static\/planet4-norway-stateless\/2019\/05\/78e7a05d-2019-05-12-paddle-out-protest-med-greenpeace-utenfor-operaen-1777.jpg\" alt=\"\" class=\"wp-image-1620\" srcset=\"https:\/\/www.greenpeace.org\/static\/planet4-norway-stateless\/2019\/05\/78e7a05d-2019-05-12-paddle-out-protest-med-greenpeace-utenfor-operaen-1777.jpg 1381w, https:\/\/www.greenpeace.org\/static\/planet4-norway-stateless\/2019\/05\/78e7a05d-2019-05-12-paddle-out-protest-med-greenpeace-utenfor-operaen-1777-300x200.jpg 300w, https:\/\/www.greenpeace.org\/static\/planet4-norway-stateless\/2019\/05\/78e7a05d-2019-05-12-paddle-out-protest-med-greenpeace-utenfor-operaen-1777-768x512.jpg 768w, https:\/\/www.greenpeace.org\/static\/planet4-norway-stateless\/2019\/05\/78e7a05d-2019-05-12-paddle-out-protest-med-greenpeace-utenfor-operaen-1777-1024x683.jpg 1024w, https:\/\/www.greenpeace.org\/static\/planet4-norway-stateless\/2019\/05\/78e7a05d-2019-05-12-paddle-out-protest-med-greenpeace-utenfor-operaen-1777-510x340.jpg 510w\" sizes=\"auto, (max-width: 1381px) 100vw, 1381px\" \/><\/figure>\n\n<figure class=\"wp-block-image\"><img loading=\"lazy\" decoding=\"async\" width=\"1381\" height=\"921\" src=\"https:\/\/www.greenpeace.org\/static\/planet4-norway-stateless\/2019\/05\/b4fef414-2019-05-12-paddle-out-protest-med-greenpeace-utenfor-operaen-1763.jpg\" alt=\"\" class=\"wp-image-1619\" srcset=\"https:\/\/www.greenpeace.org\/static\/planet4-norway-stateless\/2019\/05\/b4fef414-2019-05-12-paddle-out-protest-med-greenpeace-utenfor-operaen-1763.jpg 1381w, https:\/\/www.greenpeace.org\/static\/planet4-norway-stateless\/2019\/05\/b4fef414-2019-05-12-paddle-out-protest-med-greenpeace-utenfor-operaen-1763-300x200.jpg 300w, https:\/\/www.greenpeace.org\/static\/planet4-norway-stateless\/2019\/05\/b4fef414-2019-05-12-paddle-out-protest-med-greenpeace-utenfor-operaen-1763-768x512.jpg 768w, https:\/\/www.greenpeace.org\/static\/planet4-norway-stateless\/2019\/05\/b4fef414-2019-05-12-paddle-out-protest-med-greenpeace-utenfor-operaen-1763-1024x683.jpg 1024w, https:\/\/www.greenpeace.org\/static\/planet4-norway-stateless\/2019\/05\/b4fef414-2019-05-12-paddle-out-protest-med-greenpeace-utenfor-operaen-1763-510x340.jpg 510w\" sizes=\"auto, (max-width: 1381px) 100vw, 1381px\" \/><\/figure>\n<div class=\"EmptyMessage\">Block content is empty. Check the block&#8217;s settings or remove it.<\/div>","protected":false},"excerpt":{"rendered":"<p>Flere titalls nordmenn, australiere, surfere og klimaaktivister gikk i helga sammen i en \u00abpaddle out\u00bb som protest mot Equinors boreplaner i Australbukta.<\/p>\n","protected":false},"author":27,"featured_media":1631,"comment_status":"open","ping_status":"open","sticky":false,"template":"","format":"standard","meta":{"ep_exclude_from_search":false,"p4_og_title":"","p4_og_description":"","p4_og_image":"","p4_og_image_id":"","p4_seo_canonical_url":"https:\/\/www.greenpeace.org\/norway\/nyheter\/energi\/australsk-paddle-out-til-norge\/","p4_campaign_name":"not set","p4_local_project":"not set","p4_basket_name":"not set","p4_department":"","footnotes":""},"categories":[58],"tags":[32,29],"p4-page-type":[16],"class_list":["post-1613","post","type-post","status-publish","format-standard","has-post-thumbnail","hentry","category-energi","tag-beskytthavet","tag-fossilenergi","p4-page-type-nyheter"],"_links":{"self":[{"href":"https:\/\/www.greenpeace.org\/norway\/wp-json\/wp\/v2\/posts\/1613","targetHints":{"allow":["GET"]}}],"collection":[{"href":"https:\/\/www.greenpeace.org\/norway\/wp-json\/wp\/v2\/posts"}],"about":[{"href":"https:\/\/www.greenpeace.org\/norway\/wp-json\/wp\/v2\/types\/post"}],"author":[{"embeddable":true,"href":"https:\/\/www.greenpeace.org\/norway\/wp-json\/wp\/v2\/users\/27"}],"replies":[{"embeddable":true,"href":"https:\/\/www.greenpeace.org\/norway\/wp-json\/wp\/v2\/comments?post=1613"}],"version-history":[{"count":13,"href":"https:\/\/www.greenpeace.org\/norway\/wp-json\/wp\/v2\/posts\/1613\/revisions"}],"predecessor-version":[{"id":57372,"href":"https:\/\/www.greenpeace.org\/norway\/wp-json\/wp\/v2\/posts\/1613\/revisions\/57372"}],"wp:featuredmedia":[{"embeddable":true,"href":"https:\/\/www.greenpeace.org\/norway\/wp-json\/wp\/v2\/media\/1631"}],"wp:attachment":[{"href":"https:\/\/www.greenpeace.org\/norway\/wp-json\/wp\/v2\/media?parent=1613"}],"wp:term":[{"taxonomy":"category","embeddable":true,"href":"https:\/\/www.greenpeace.org\/norway\/wp-json\/wp\/v2\/categories?post=1613"},{"taxonomy":"post_tag","embeddable":true,"href":"https:\/\/www.greenpeace.org\/norway\/wp-json\/wp\/v2\/tags?post=1613"},{"taxonomy":"p4-page-type","embeddable":true,"href":"https:\/\/www.greenpeace.org\/norway\/wp-json\/wp\/v2\/p4-page-type?post=1613"}],"curies":[{"name":"wp","href":"https:\/\/api.w.org\/{rel}","templated":true}]}}