{"id":1640,"date":"2019-03-28T09:01:04","date_gmt":"2019-03-28T09:01:04","guid":{"rendered":"https:\/\/www.greenpeace.org\/norway\/?p=1640"},"modified":"2025-09-23T11:10:12","modified_gmt":"2025-09-23T10:10:12","slug":"fem-ting-du-kan-gjore-for-a-redusere-ditt-forbruk-av-engangsplast","status":"publish","type":"post","link":"https:\/\/www.greenpeace.org\/norway\/tips\/hav\/fem-ting-du-kan-gjore-for-a-redusere-ditt-forbruk-av-engangsplast\/","title":{"rendered":"Engangsplast: Fem ting du kan gj\u00f8re"},"content":{"rendered":"\n<figure class=\"wp-block-image\"><img decoding=\"async\" src=\"https:\/\/www.greenpeace.org\/archive-norway\/Global\/norway\/Greenpeace\/Bilder\/2018\/Earthday.jpg\" alt=\"\"\/><\/figure>\n\n<p><strong>Engangsplast<\/strong> er overalt! Men vi kan gj\u00f8r noe med det. Her er fem ting du kan gj\u00f8re for \u00e5 <strong>redusere forbruket ditt av engangsplast.<\/strong><\/p>\n\n<h2 class=\"wp-block-heading\">1. Kj\u00f8p f\u00e6rre plastflasker<\/h2>\n\n<p>Ha heller med deg en ordentlig drikkeflaske. Da vil du ogs\u00e5 drikke mer vann og kj\u00f8pe mindre sukkerholdige drikkevarer, som er sunnere b\u00e5de for kroppen og lommeboken!<\/p>\n\n<h2 class=\"wp-block-heading\">2. Si nei takk til suger\u00f8r og engangskopper n\u00e5r du kan<\/h2>\n\n<p>Ofte er de helt un\u00f8dvendige for at man skal kunne drikke.<\/p>\n\n<h2 class=\"wp-block-heading\">3. Begrens bruken av plastposer<\/h2>\n\n<p>Bruk heller b\u00e6renett laget av milj\u00f8vennlige materialer, da slipper du ogs\u00e5 kj\u00f8kkenskap fulle av plastposer. Ha b\u00e6renettet lett tilgjengelig i vesken\/sekken s\u00e5 du ikke glemmer det!<\/p>\n\n<p><strong>LES OGS\u00c5:<\/strong> <a href=\"https:\/\/www.greenpeace.org\/norway\/fakta\/hav\/plast-i-havet-fakta-og-konsekvenser-du-burde-kjenne-til\/\">Plast i havet: Fakta og konsekvenser <\/a><\/p>\n\n<h2 class=\"wp-block-heading\">4. Kj\u00f8p produkter i l\u00f8svekt i den grad det er mulig<\/h2>\n\n<p>Kj\u00f8p aller helst produkter uten emballasje! Du kan ogs\u00e5 ha med deg dine egne sm\u00e5 nett til butikken s\u00e5 du slipper \u00e5 bruke plastposene der til frukt og gr\u00f8nt.<\/p>\n\n<h2 class=\"wp-block-heading\">5. Engasjer deg i arbeidet mot plast og engangsplast<\/h2>\n\n<p>Plukk plast n\u00e5r du g\u00e5r tur, opplys og inspirer andre til \u00e5 gj\u00f8re en forskjell. Du kan oppfordre politikerne i din kommune til \u00e5 innf\u00f8re tiltak mot engangsplast, og snakke med dagligvarekjeder om det samme. Bruk makten din som forbruker og velger for det den er verdt!<\/p>\n\n<p><strong>LES OGS\u00c5: <\/strong><a href=\"https:\/\/www.greenpeace.org\/norway\/fakta\/forbruk\/8-mater-du-kan-redusere-plastforsopling\/\">8 m\u00e5ter du kan redusere plastfors\u00f8pling<\/a><\/p>\n<div class=\"EmptyMessage\">Block content is empty. Check the block&#8217;s settings or remove it.<\/div><div class=\"EmptyMessage\">Block content is empty. Check the block&#8217;s settings or remove it.<\/div>\n    <div class=\"wp-block-query posts-list p4-query-loop is-custom-layout-list is-layout-flow wp-block-query-is-layout-flow\">\n        <div class=\"wp-block-group is-content-justification-space-between is-layout-flex wp-container-core-group-is-layout-3d213aab wp-block-group-is-layout-flex\"><h2 class=\"wp-block-heading\">Relaterte artikler<\/h2>\n        \n        \n        <\/div>\n        \n\n    <p style=\"margin-top: 24px; margin-bottom: 36px;\"><\/p>\n\n    \n\n    <ul class=\"wp-block-post-template is-layout-flow wp-block-post-template-is-layout-flow\"><li class=\"wp-block-post post-66925 post type-post status-publish format-standard has-post-thumbnail hentry category-energi tag-fossilenergi tag-internasjonaleavtaler tag-losninger p4-page-type-nyheter\">\n            \n<div class=\"wp-block-columns is-layout-flex wp-container-core-columns-is-layout-9d6595d7 wp-block-columns-is-layout-flex\"><figure class=\"wp-block-post-featured-image\"><a href=\"https:\/\/www.greenpeace.org\/norway\/nyheter\/energi\/fire-ting-du-bor-vite-om-santa-marta-konferansen\/\" target=\"_self\"  ><img loading=\"lazy\" decoding=\"async\" width=\"1200\" height=\"800\" src=\"https:\/\/www.greenpeace.org\/static\/planet4-norway-stateless\/2022\/12\/3557fe93-gp0stupwg.jpg\" class=\"attachment-post-thumbnail size-post-thumbnail wp-post-image wp-stateless-item\" alt=\"Fire ting du b\u00f8r vite om Santa Marta-konferansen\u00a0\" style=\"object-fit:cover;\" srcset=\"https:\/\/www.greenpeace.org\/static\/planet4-norway-stateless\/2022\/12\/3557fe93-gp0stupwg.jpg 1200w, https:\/\/www.greenpeace.org\/static\/planet4-norway-stateless\/2022\/12\/3557fe93-gp0stupwg-300x200.jpg 300w, https:\/\/www.greenpeace.org\/static\/planet4-norway-stateless\/2022\/12\/3557fe93-gp0stupwg-1024x683.jpg 1024w, https:\/\/www.greenpeace.org\/static\/planet4-norway-stateless\/2022\/12\/3557fe93-gp0stupwg-768x512.jpg 768w, https:\/\/www.greenpeace.org\/static\/planet4-norway-stateless\/2022\/12\/3557fe93-gp0stupwg-510x340.jpg 510w\" sizes=\"auto, (max-width: 1200px) 100vw, 1200px\" data-image-size=\"post-thumbnail\" data-stateless-media-bucket=\"planet4-norway-stateless\" data-stateless-media-name=\"2022\/12\/3557fe93-gp0stupwg.jpg\" \/><\/a><\/figure>\n\n        <div class=\"wp-block-group is-layout-flow wp-block-group-is-layout-flow\">\n                <div class=\"wp-block-group is-layout-flex wp-block-group-is-layout-flex\"><div class=\"wp-block-post-terms\"><a href=\"https:\/\/www.greenpeace.org\/norway\/kategori\/energi\/\">Energi<\/a><\/div>\n                <div class=\"taxonomy-post_tag wp-block-post-terms\"><a href=\"https:\/\/www.greenpeace.org\/norway\/tag\/fossilenergi\/\" rel=\"tag\">fossilenergi<\/a><span class=\"wp-block-post-terms__separator\"> <\/span><a href=\"https:\/\/www.greenpeace.org\/norway\/tag\/internasjonaleavtaler\/\" rel=\"tag\">internasjonaleavtaler<\/a><span class=\"wp-block-post-terms__separator\"> <\/span><a href=\"https:\/\/www.greenpeace.org\/norway\/tag\/losninger\/\" rel=\"tag\">l\u00f8sninger<\/a><\/div>\n                \n                <\/div>\n                \n        <h3 class=\"wp-block-post-title\"><a href=\"https:\/\/www.greenpeace.org\/norway\/nyheter\/energi\/fire-ting-du-bor-vite-om-santa-marta-konferansen\/\" target=\"_self\" >Fire ting du b\u00f8r vite om Santa Marta-konferansen\u00a0<\/a><\/h3>\n        <div class=\"wp-block-post-excerpt\"><p class=\"wp-block-post-excerpt__excerpt\">Santa Marta-konferansen 2026 samler rundt 60 land for \u00e5 diskutere utfasing av fossil energi. Hva er konferansen, og hvorfor er den viktig? <\/p><\/div>\n        \n        <div class=\"wp-block-group posts-list-meta is-layout-flow wp-block-group-is-layout-flow\"><span class='article-list-item-author'>Elise \u00c5snes<\/span>\n        <div class=\"wp-block-post-date\"><time datetime=\"2026-04-23T08:41:21+01:00\">23 april, 2026<\/time><\/div>\n        \n        <\/div>\n        <\/div>\n        <\/div>\n\n            <\/li><li class=\"wp-block-post post-66884 post type-post status-publish format-standard has-post-thumbnail hentry category-greenpeace tag-fossilenergi tag-klimarettssaker tag-beskytthavet tag-baerekraftigmat tag-seire p4-page-type-nyheter\">\n            \n<div class=\"wp-block-columns is-layout-flex wp-container-core-columns-is-layout-9d6595d7 wp-block-columns-is-layout-flex\"><figure class=\"wp-block-post-featured-image\"><a href=\"https:\/\/www.greenpeace.org\/norway\/nyheter\/greenpeace\/trenger-du-noen-gode-nyheter-fire-seire-fra-starten-av-2026\/\" target=\"_self\"  ><img loading=\"lazy\" decoding=\"async\" width=\"1200\" height=\"800\" src=\"https:\/\/www.greenpeace.org\/static\/planet4-norway-stateless\/2026\/04\/6ed3d6cb-gp0su850n.jpg\" class=\"attachment-post-thumbnail size-post-thumbnail wp-post-image wp-stateless-item\" alt=\"Trenger du noen gode nyheter? Fire seire fra starten av 2026\" style=\"object-fit:cover;\" srcset=\"https:\/\/www.greenpeace.org\/static\/planet4-norway-stateless\/2026\/04\/6ed3d6cb-gp0su850n.jpg 1200w, https:\/\/www.greenpeace.org\/static\/planet4-norway-stateless\/2026\/04\/6ed3d6cb-gp0su850n-300x200.jpg 300w, https:\/\/www.greenpeace.org\/static\/planet4-norway-stateless\/2026\/04\/6ed3d6cb-gp0su850n-1024x683.jpg 1024w, https:\/\/www.greenpeace.org\/static\/planet4-norway-stateless\/2026\/04\/6ed3d6cb-gp0su850n-768x512.jpg 768w, https:\/\/www.greenpeace.org\/static\/planet4-norway-stateless\/2026\/04\/6ed3d6cb-gp0su850n-510x340.jpg 510w\" sizes=\"auto, (max-width: 1200px) 100vw, 1200px\" data-image-size=\"post-thumbnail\" data-stateless-media-bucket=\"planet4-norway-stateless\" data-stateless-media-name=\"2026\/04\/6ed3d6cb-gp0su850n.jpg\" \/><\/a><\/figure>\n\n        <div class=\"wp-block-group is-layout-flow wp-block-group-is-layout-flow\">\n                <div class=\"wp-block-group is-layout-flex wp-block-group-is-layout-flex\"><div class=\"wp-block-post-terms\"><a href=\"https:\/\/www.greenpeace.org\/norway\/kategori\/greenpeace\/\">Greenpeace<\/a><\/div>\n                <div class=\"taxonomy-post_tag wp-block-post-terms\"><a href=\"https:\/\/www.greenpeace.org\/norway\/tag\/fossilenergi\/\" rel=\"tag\">fossilenergi<\/a><span class=\"wp-block-post-terms__separator\"> <\/span><a href=\"https:\/\/www.greenpeace.org\/norway\/tag\/klimarettssaker\/\" rel=\"tag\">klimarettssaker<\/a><span class=\"wp-block-post-terms__separator\"> <\/span><a href=\"https:\/\/www.greenpeace.org\/norway\/tag\/beskytthavet\/\" rel=\"tag\">beskytthavet<\/a><span class=\"wp-block-post-terms__separator\"> <\/span><a href=\"https:\/\/www.greenpeace.org\/norway\/tag\/baerekraftigmat\/\" rel=\"tag\">b\u00e6rekraftigmat<\/a><span class=\"wp-block-post-terms__separator\"> <\/span><a href=\"https:\/\/www.greenpeace.org\/norway\/tag\/seire\/\" rel=\"tag\">seire<\/a><\/div>\n                \n                <\/div>\n                \n        <h3 class=\"wp-block-post-title\"><a href=\"https:\/\/www.greenpeace.org\/norway\/nyheter\/greenpeace\/trenger-du-noen-gode-nyheter-fire-seire-fra-starten-av-2026\/\" target=\"_self\" >Trenger du noen gode nyheter? Fire seire fra starten av 2026<\/a><\/h3>\n        <div class=\"wp-block-post-excerpt\"><p class=\"wp-block-post-excerpt__excerpt\">I en tid med mange tunge nyheter vil vi gjerne minne deg p\u00e5 hva vi f\u00e5r til sammen. Her er fire gode nyheter for klima og milj\u00f8 fra starten av 2026. <\/p><\/div>\n        \n        <div class=\"wp-block-group posts-list-meta is-layout-flow wp-block-group-is-layout-flow\"><span class='article-list-item-author'><a href='https:\/\/www.greenpeace.org\/norway\/author\/hjalborg\/'>Hanne Jalborg<\/a><\/span>\n        <div class=\"wp-block-post-date\"><time datetime=\"2026-04-16T09:33:42+01:00\">16 april, 2026<\/time><\/div>\n        \n        <\/div>\n        <\/div>\n        <\/div>\n\n            <\/li><li class=\"wp-block-post post-66850 post type-post status-publish format-standard has-post-thumbnail hentry category-greenpeace tag-greenpeacefakta p4-page-type-nyheter\">\n            \n<div class=\"wp-block-columns is-layout-flex wp-container-core-columns-is-layout-9d6595d7 wp-block-columns-is-layout-flex\"><figure class=\"wp-block-post-featured-image\"><a href=\"https:\/\/www.greenpeace.org\/norway\/nyheter\/greenpeace\/haldis-tjeldflaat-helle-er-ny-leder-i-greenpeace-norge\/\" target=\"_self\"  ><img loading=\"lazy\" decoding=\"async\" width=\"2560\" height=\"1707\" src=\"https:\/\/www.greenpeace.org\/static\/planet4-norway-stateless\/2026\/04\/2c7a1de9-haldistjeldflaathelle4--scaled.jpg\" class=\"attachment-post-thumbnail size-post-thumbnail wp-post-image wp-stateless-item\" alt=\"Haldis Tjeldflaat Helle er ny leder i Greenpeace Norge\" style=\"object-fit:cover;\" srcset=\"https:\/\/www.greenpeace.org\/static\/planet4-norway-stateless\/2026\/04\/2c7a1de9-haldistjeldflaathelle4--scaled.jpg 2560w, https:\/\/www.greenpeace.org\/static\/planet4-norway-stateless\/2026\/04\/2c7a1de9-haldistjeldflaathelle4--300x200.jpg 300w, https:\/\/www.greenpeace.org\/static\/planet4-norway-stateless\/2026\/04\/2c7a1de9-haldistjeldflaathelle4--1024x683.jpg 1024w, https:\/\/www.greenpeace.org\/static\/planet4-norway-stateless\/2026\/04\/2c7a1de9-haldistjeldflaathelle4--768x512.jpg 768w, https:\/\/www.greenpeace.org\/static\/planet4-norway-stateless\/2026\/04\/2c7a1de9-haldistjeldflaathelle4--1536x1024.jpg 1536w, https:\/\/www.greenpeace.org\/static\/planet4-norway-stateless\/2026\/04\/2c7a1de9-haldistjeldflaathelle4--2048x1366.jpg 2048w, https:\/\/www.greenpeace.org\/static\/planet4-norway-stateless\/2026\/04\/2c7a1de9-haldistjeldflaathelle4--510x340.jpg 510w\" sizes=\"auto, (max-width: 2560px) 100vw, 2560px\" data-image-size=\"post-thumbnail\" data-stateless-media-bucket=\"planet4-norway-stateless\" data-stateless-media-name=\"2026\/04\/2c7a1de9-haldistjeldflaathelle4--scaled.jpg\" \/><\/a><\/figure>\n\n        <div class=\"wp-block-group is-layout-flow wp-block-group-is-layout-flow\">\n                <div class=\"wp-block-group is-layout-flex wp-block-group-is-layout-flex\"><div class=\"wp-block-post-terms\"><a href=\"https:\/\/www.greenpeace.org\/norway\/kategori\/greenpeace\/\">Greenpeace<\/a><\/div>\n                <div class=\"taxonomy-post_tag wp-block-post-terms\"><a href=\"https:\/\/www.greenpeace.org\/norway\/tag\/greenpeacefakta\/\" rel=\"tag\">greenpeacefakta<\/a><\/div>\n                \n                <\/div>\n                \n        <h3 class=\"wp-block-post-title\"><a href=\"https:\/\/www.greenpeace.org\/norway\/nyheter\/greenpeace\/haldis-tjeldflaat-helle-er-ny-leder-i-greenpeace-norge\/\" target=\"_self\" >Haldis Tjeldflaat Helle er ny leder i Greenpeace Norge<\/a><\/h3>\n        <div class=\"wp-block-post-excerpt\"><p class=\"wp-block-post-excerpt__excerpt\">Haldis Tjeldflaat Helle tar over rollen som ny leder i Greenpeace i Norge. Hun g\u00e5r fra rollen som fungerende nestleder.\u00a0 <\/p><\/div>\n        \n        <div class=\"wp-block-group posts-list-meta is-layout-flow wp-block-group-is-layout-flow\"><span class='article-list-item-author'><a href='https:\/\/www.greenpeace.org\/norway\/author\/jbaksaas\/'>Jenny Marie Baksaas<\/a><\/span>\n        <div class=\"wp-block-post-date\"><time datetime=\"2026-04-14T08:41:44+01:00\">14 april, 2026<\/time><\/div>\n        \n        <\/div>\n        <\/div>\n        <\/div>\n\n            <\/li><\/ul>\n\n    \n<div class=\"wp-block-buttons carousel-controls is-horizontal is-content-justification-space-between is-nowrap is-layout-flex wp-container-core-buttons-is-layout-044bd602 wp-block-buttons-is-layout-flex\">\n            <div class=\"wp-block-button carousel-control-prev\"><button type=\"button\" class=\"wp-block-button__link wp-element-button\">Prev<\/button><\/div>\n        \n\n            <div class=\"wp-block-button carousel-control-next\"><button type=\"button\" class=\"wp-block-button__link wp-element-button\">Next<\/button><\/div>\n        <\/div>\n\n\n    <\/div>\n    ","protected":false},"excerpt":{"rendered":"<p>Engangsplast er overalt! Men vi kan gj\u00f8r noe med det. Her er fem ting du kan gj\u00f8re for \u00e5 redusere forbruket ditt av engangsplast.<\/p>\n","protected":false},"author":27,"featured_media":1643,"comment_status":"open","ping_status":"open","sticky":false,"template":"","format":"standard","meta":{"ep_exclude_from_search":false,"p4_og_title":"","p4_og_description":"","p4_og_image":"","p4_og_image_id":"","p4_seo_canonical_url":"","p4_campaign_name":"not set","p4_local_project":"not set","p4_basket_name":"not set","p4_department":"","footnotes":""},"categories":[61,59],"tags":[38,84,36,77],"p4-page-type":[54],"class_list":["post-1640","post","type-post","status-publish","format-standard","has-post-thumbnail","hentry","category-forbruk","category-hav","tag-forurensning","tag-livsstil","tag-forbrukermakt","tag-plast","p4-page-type-tips"],"_links":{"self":[{"href":"https:\/\/www.greenpeace.org\/norway\/wp-json\/wp\/v2\/posts\/1640","targetHints":{"allow":["GET"]}}],"collection":[{"href":"https:\/\/www.greenpeace.org\/norway\/wp-json\/wp\/v2\/posts"}],"about":[{"href":"https:\/\/www.greenpeace.org\/norway\/wp-json\/wp\/v2\/types\/post"}],"author":[{"embeddable":true,"href":"https:\/\/www.greenpeace.org\/norway\/wp-json\/wp\/v2\/users\/27"}],"replies":[{"embeddable":true,"href":"https:\/\/www.greenpeace.org\/norway\/wp-json\/wp\/v2\/comments?post=1640"}],"version-history":[{"count":18,"href":"https:\/\/www.greenpeace.org\/norway\/wp-json\/wp\/v2\/posts\/1640\/revisions"}],"predecessor-version":[{"id":65903,"href":"https:\/\/www.greenpeace.org\/norway\/wp-json\/wp\/v2\/posts\/1640\/revisions\/65903"}],"wp:featuredmedia":[{"embeddable":true,"href":"https:\/\/www.greenpeace.org\/norway\/wp-json\/wp\/v2\/media\/1643"}],"wp:attachment":[{"href":"https:\/\/www.greenpeace.org\/norway\/wp-json\/wp\/v2\/media?parent=1640"}],"wp:term":[{"taxonomy":"category","embeddable":true,"href":"https:\/\/www.greenpeace.org\/norway\/wp-json\/wp\/v2\/categories?post=1640"},{"taxonomy":"post_tag","embeddable":true,"href":"https:\/\/www.greenpeace.org\/norway\/wp-json\/wp\/v2\/tags?post=1640"},{"taxonomy":"p4-page-type","embeddable":true,"href":"https:\/\/www.greenpeace.org\/norway\/wp-json\/wp\/v2\/p4-page-type?post=1640"}],"curies":[{"name":"wp","href":"https:\/\/api.w.org\/{rel}","templated":true}]}}