{"id":1698,"date":"2019-05-20T12:44:23","date_gmt":"2019-05-20T12:44:23","guid":{"rendered":"https:\/\/www.greenpeace.org\/norway\/?p=1698"},"modified":"2023-08-24T14:09:16","modified_gmt":"2023-08-24T13:09:16","slug":"en-nesten-umulig-konsert","status":"publish","type":"post","link":"https:\/\/www.greenpeace.org\/norway\/historier\/hav\/en-nesten-umulig-konsert\/","title":{"rendered":"En nesten umulig konsert"},"content":{"rendered":"\n<figure class=\"wp-block-embed is-type-video is-provider-youtube wp-block-embed-youtube wp-embed-aspect-16-9 wp-has-aspect-ratio\"><div class=\"wp-block-embed__wrapper\">\n<lite-youtube style=\"background-image: url('https:\/\/i.ytimg.com\/vi\/M7qDWpEhr8o\/hqdefault.jpg');\" videoid=\"M7qDWpEhr8o\" params=\"rel=0\"><\/lite-youtube>\n<\/div><\/figure>\n\n<p>Jeg trodde aldri man skulle trenge en fryser i Arktis.<\/p>\n\n<p>Men i april 2019 var temperaturen p\u00e5 Svalbard mer enn 8 grader over normalen. Det betydde at denne konserten, fremf\u00f8rt i sin helhet p\u00e5 instrumenter sk\u00e5ret ut av arktisk is, nesten smeltet bort. Det var nesten for varmt til \u00e5 ha en is-konsert i Arktis.<\/p>\n\n<p>Vi tok med oss fire musikere og en isskulpt\u00f8r til Arktis for \u00e5 bringe isen her til live. Sammen ga det isen dens egen stemme for \u00e5 synge. En sang om s\u00e5rbarheten i denne unike regionen, og hvor n\u00e6rme Arktis er fra \u00e5 smelte bort. Bli med \u00e5 spre ordet, se og del denne videoen. Det er en id\u00e9 bare Greenpeace kunne gjennomf\u00f8rt.<\/p>\n\n<p>Instrumentene, sk\u00e5ret ut av is som hadde kalvet av isbreen, startet \u00e5 smelte f\u00f8r de var ferdig utsk\u00e5ret. Det tok over en uke med venting f\u00f8r de rette forholdene gjorde det mulig \u00e5 gjennomf\u00f8re denne ideen.<\/p>\n\n<p>Dette var en \u2018en-gang-i-livet\u2019-opplevelse, ikke bare for oss, men ogs\u00e5 for musikerne. Med temperaturer som endelig falt til 12 grader minus blandet toner for horn, cello, isylofon og trommer seg sammen for \u00e5 sende en beskjed til Erna Solberg og resten av verdens ledere: Vi m\u00e5 beskytte minst 30 prosent av verdenshavene innen 2030.<\/p>\n\n<figure class=\"wp-block-image\"><img loading=\"lazy\" decoding=\"async\" width=\"6700\" height=\"4467\" src=\"https:\/\/www.greenpeace.org\/static\/planet4-norway-stateless\/2019\/05\/1aba70e8-gp0stt9s0_high_res.jpg\" alt=\"\" class=\"wp-image-1699\" srcset=\"https:\/\/www.greenpeace.org\/static\/planet4-norway-stateless\/2019\/05\/1aba70e8-gp0stt9s0_high_res.jpg 6700w, https:\/\/www.greenpeace.org\/static\/planet4-norway-stateless\/2019\/05\/1aba70e8-gp0stt9s0_high_res-300x200.jpg 300w, https:\/\/www.greenpeace.org\/static\/planet4-norway-stateless\/2019\/05\/1aba70e8-gp0stt9s0_high_res-768x512.jpg 768w, https:\/\/www.greenpeace.org\/static\/planet4-norway-stateless\/2019\/05\/1aba70e8-gp0stt9s0_high_res-1024x683.jpg 1024w, https:\/\/www.greenpeace.org\/static\/planet4-norway-stateless\/2019\/05\/1aba70e8-gp0stt9s0_high_res-2048x1366.jpg 2048w, https:\/\/www.greenpeace.org\/static\/planet4-norway-stateless\/2019\/05\/1aba70e8-gp0stt9s0_high_res-510x340.jpg 510w\" sizes=\"auto, (max-width: 6700px) 100vw, 6700px\" \/><\/figure>\n\n<p>Et hav fullt liv hjelper oss i kampen mot klimaendringer. CO2 tas naturlig opp av planter og dyr: og n\u00e5r dyr som hvaler og fisk synker til bunns og begraves, begraves ogs\u00e5 denne karbondioksiden. Dyr som jakter mat p\u00e5 havoverflaten og b\u00e6sjer p\u00e5 havbunnen driver det som kalles den biologiske pumpen i havet. Denne pumpa drar karbon ut av atmosf\u00e6ren og lagrer det i havet. Faktisk ville det v\u00e6rt 50 prosent mer CO2 i atmosf\u00e6ren uten denne. Et \u00f8delagt hav kan vil alts\u00e5 gj\u00f8re klimaendringene enda verre.<\/p>\n\n<p>Det isfylte Arktis virker som en fryser for verden, men n\u00e5r isen smelter stoppes denne effekten og klimaendringene kan fortsette \u00e5 skyte fart. Det som skjer i denne s\u00e5rbare delen av verden p\u00e5virker oss alle.<\/p>\n\n<p>Dette er det f\u00f8rste stoppet p\u00e5 skipsekspedisjonen v\u00e5r fra Arktis til Antarktis, hvor vi skal utf\u00f8re viktig forskning for \u00e5 overbevise Erna Solberg og resten av verdens ledere om at vi trenger en sterk, global hav-avtale for \u00e5 kunne beskytte havet.<\/p>\n\n<p>Etter at is-konserten var over oppsummerte Terje Isungset, hovedmusikeren, det p\u00e5 godt vis:<\/p>\n\n<p>\u201cMan m\u00e5 behandle isen med respekt, ellers \u00f8delegges den. Vi burde gj\u00f8re det samme med naturen.\u201d<\/p>\n\n<p><em>Halvard Haga Raavand,&nbsp;havr\u00e5dgiver i Greenpeace Norge<\/em><\/p>\n<div class=\"EmptyMessage\">Block content is empty. Check the block&#8217;s settings or remove it.<\/div>","protected":false},"excerpt":{"rendered":"<p>I april 2019 framf\u00f8rte vi en konsert i Arktis, p\u00e5 instrumenter sk\u00e5ret ut av arktisk is. Men instrumentene startet \u00e5 smelte f\u00f8r de var ferdig utsk\u00e5ret.<\/p>\n","protected":false},"author":27,"featured_media":1700,"comment_status":"open","ping_status":"open","sticky":false,"template":"","format":"standard","meta":{"ep_exclude_from_search":false,"p4_og_title":"","p4_og_description":"","p4_og_image":"","p4_og_image_id":"","p4_seo_canonical_url":"","p4_campaign_name":"not set","p4_local_project":"not set","p4_basket_name":"not set","p4_department":"","footnotes":""},"categories":[59],"tags":[25,30,32,66],"p4-page-type":[47],"class_list":["post-1698","post","type-post","status-publish","format-standard","has-post-thumbnail","hentry","category-hav","tag-losninger","tag-klimaeffekter","tag-beskytthavet","tag-arktis","p4-page-type-historier"],"_links":{"self":[{"href":"https:\/\/www.greenpeace.org\/norway\/wp-json\/wp\/v2\/posts\/1698","targetHints":{"allow":["GET"]}}],"collection":[{"href":"https:\/\/www.greenpeace.org\/norway\/wp-json\/wp\/v2\/posts"}],"about":[{"href":"https:\/\/www.greenpeace.org\/norway\/wp-json\/wp\/v2\/types\/post"}],"author":[{"embeddable":true,"href":"https:\/\/www.greenpeace.org\/norway\/wp-json\/wp\/v2\/users\/27"}],"replies":[{"embeddable":true,"href":"https:\/\/www.greenpeace.org\/norway\/wp-json\/wp\/v2\/comments?post=1698"}],"version-history":[{"count":8,"href":"https:\/\/www.greenpeace.org\/norway\/wp-json\/wp\/v2\/posts\/1698\/revisions"}],"predecessor-version":[{"id":57249,"href":"https:\/\/www.greenpeace.org\/norway\/wp-json\/wp\/v2\/posts\/1698\/revisions\/57249"}],"wp:featuredmedia":[{"embeddable":true,"href":"https:\/\/www.greenpeace.org\/norway\/wp-json\/wp\/v2\/media\/1700"}],"wp:attachment":[{"href":"https:\/\/www.greenpeace.org\/norway\/wp-json\/wp\/v2\/media?parent=1698"}],"wp:term":[{"taxonomy":"category","embeddable":true,"href":"https:\/\/www.greenpeace.org\/norway\/wp-json\/wp\/v2\/categories?post=1698"},{"taxonomy":"post_tag","embeddable":true,"href":"https:\/\/www.greenpeace.org\/norway\/wp-json\/wp\/v2\/tags?post=1698"},{"taxonomy":"p4-page-type","embeddable":true,"href":"https:\/\/www.greenpeace.org\/norway\/wp-json\/wp\/v2\/p4-page-type?post=1698"}],"curies":[{"name":"wp","href":"https:\/\/api.w.org\/{rel}","templated":true}]}}