{"id":1836,"date":"2019-07-26T10:49:42","date_gmt":"2019-07-26T10:49:42","guid":{"rendered":"https:\/\/www.greenpeace.org\/norway\/?p=1836"},"modified":"2025-09-04T14:52:11","modified_gmt":"2025-09-04T13:52:11","slug":"8-tips-til-en-gronnere-sommer","status":"publish","type":"post","link":"https:\/\/www.greenpeace.org\/norway\/tips\/forbruk\/8-tips-til-en-gronnere-sommer\/","title":{"rendered":"8 tips til en gr\u00f8nnere sommer"},"content":{"rendered":"\n<p><strong>Iskrem, sol og grilling &#8211; det er ENDELIG sommerferie\u2600\ufe0f I den anledning har vi satt sammen 8 tips til enkle ting du kan gj\u00f8re, for \u00e5 f\u00e5 en litt gr\u00f8nnere sommer&nbsp;<\/strong><\/p>\n\n<figure class=\"wp-block-image\"><img loading=\"lazy\" decoding=\"async\" width=\"1000\" height=\"1000\" src=\"https:\/\/www.greenpeace.org\/static\/planet4-norway-stateless\/2019\/07\/ab98cbdb-19.7.jpg\" alt=\"\" class=\"wp-image-1837\" srcset=\"https:\/\/www.greenpeace.org\/static\/planet4-norway-stateless\/2019\/07\/ab98cbdb-19.7.jpg 1000w, https:\/\/www.greenpeace.org\/static\/planet4-norway-stateless\/2019\/07\/ab98cbdb-19.7-150x150.jpg 150w, https:\/\/www.greenpeace.org\/static\/planet4-norway-stateless\/2019\/07\/ab98cbdb-19.7-300x300.jpg 300w, https:\/\/www.greenpeace.org\/static\/planet4-norway-stateless\/2019\/07\/ab98cbdb-19.7-768x768.jpg 768w, https:\/\/www.greenpeace.org\/static\/planet4-norway-stateless\/2019\/07\/ab98cbdb-19.7-340x340.jpg 340w\" sizes=\"auto, (max-width: 1000px) 100vw, 1000px\" \/><\/figure>\n\n<figure class=\"wp-block-image\"><img loading=\"lazy\" decoding=\"async\" width=\"1000\" height=\"1000\" src=\"https:\/\/www.greenpeace.org\/static\/planet4-norway-stateless\/2019\/07\/160fbbeb-20.7.jpg\" alt=\"\" class=\"wp-image-1838\" srcset=\"https:\/\/www.greenpeace.org\/static\/planet4-norway-stateless\/2019\/07\/160fbbeb-20.7.jpg 1000w, https:\/\/www.greenpeace.org\/static\/planet4-norway-stateless\/2019\/07\/160fbbeb-20.7-150x150.jpg 150w, https:\/\/www.greenpeace.org\/static\/planet4-norway-stateless\/2019\/07\/160fbbeb-20.7-300x300.jpg 300w, https:\/\/www.greenpeace.org\/static\/planet4-norway-stateless\/2019\/07\/160fbbeb-20.7-768x768.jpg 768w, https:\/\/www.greenpeace.org\/static\/planet4-norway-stateless\/2019\/07\/160fbbeb-20.7-340x340.jpg 340w\" sizes=\"auto, (max-width: 1000px) 100vw, 1000px\" \/><\/figure>\n\n<figure class=\"wp-block-image\"><img loading=\"lazy\" decoding=\"async\" width=\"1000\" height=\"1000\" src=\"https:\/\/www.greenpeace.org\/static\/planet4-norway-stateless\/2019\/07\/8d26b642-21.7.jpg\" alt=\"\" class=\"wp-image-1839\" srcset=\"https:\/\/www.greenpeace.org\/static\/planet4-norway-stateless\/2019\/07\/8d26b642-21.7.jpg 1000w, https:\/\/www.greenpeace.org\/static\/planet4-norway-stateless\/2019\/07\/8d26b642-21.7-150x150.jpg 150w, https:\/\/www.greenpeace.org\/static\/planet4-norway-stateless\/2019\/07\/8d26b642-21.7-300x300.jpg 300w, https:\/\/www.greenpeace.org\/static\/planet4-norway-stateless\/2019\/07\/8d26b642-21.7-768x768.jpg 768w, https:\/\/www.greenpeace.org\/static\/planet4-norway-stateless\/2019\/07\/8d26b642-21.7-340x340.jpg 340w\" sizes=\"auto, (max-width: 1000px) 100vw, 1000px\" \/><\/figure>\n\n<figure class=\"wp-block-image\"><img loading=\"lazy\" decoding=\"async\" width=\"1000\" height=\"1000\" src=\"https:\/\/www.greenpeace.org\/static\/planet4-norway-stateless\/2019\/07\/833e04ec-22.7.jpg\" alt=\"\" class=\"wp-image-1840\" srcset=\"https:\/\/www.greenpeace.org\/static\/planet4-norway-stateless\/2019\/07\/833e04ec-22.7.jpg 1000w, https:\/\/www.greenpeace.org\/static\/planet4-norway-stateless\/2019\/07\/833e04ec-22.7-150x150.jpg 150w, https:\/\/www.greenpeace.org\/static\/planet4-norway-stateless\/2019\/07\/833e04ec-22.7-300x300.jpg 300w, https:\/\/www.greenpeace.org\/static\/planet4-norway-stateless\/2019\/07\/833e04ec-22.7-768x768.jpg 768w, https:\/\/www.greenpeace.org\/static\/planet4-norway-stateless\/2019\/07\/833e04ec-22.7-340x340.jpg 340w\" sizes=\"auto, (max-width: 1000px) 100vw, 1000px\" \/><\/figure>\n\n<figure class=\"wp-block-image\"><img loading=\"lazy\" decoding=\"async\" width=\"1000\" height=\"1000\" src=\"https:\/\/www.greenpeace.org\/static\/planet4-norway-stateless\/2019\/07\/04ceebdd-23.7.jpg\" alt=\"\" class=\"wp-image-1841\" srcset=\"https:\/\/www.greenpeace.org\/static\/planet4-norway-stateless\/2019\/07\/04ceebdd-23.7.jpg 1000w, https:\/\/www.greenpeace.org\/static\/planet4-norway-stateless\/2019\/07\/04ceebdd-23.7-150x150.jpg 150w, https:\/\/www.greenpeace.org\/static\/planet4-norway-stateless\/2019\/07\/04ceebdd-23.7-300x300.jpg 300w, https:\/\/www.greenpeace.org\/static\/planet4-norway-stateless\/2019\/07\/04ceebdd-23.7-768x768.jpg 768w, https:\/\/www.greenpeace.org\/static\/planet4-norway-stateless\/2019\/07\/04ceebdd-23.7-340x340.jpg 340w\" sizes=\"auto, (max-width: 1000px) 100vw, 1000px\" \/><\/figure>\n\n<figure class=\"wp-block-image\"><img loading=\"lazy\" decoding=\"async\" width=\"1000\" height=\"1000\" src=\"https:\/\/www.greenpeace.org\/static\/planet4-norway-stateless\/2019\/07\/f03a170b-24.7.jpg\" alt=\"\" class=\"wp-image-1842\" srcset=\"https:\/\/www.greenpeace.org\/static\/planet4-norway-stateless\/2019\/07\/f03a170b-24.7.jpg 1000w, https:\/\/www.greenpeace.org\/static\/planet4-norway-stateless\/2019\/07\/f03a170b-24.7-150x150.jpg 150w, https:\/\/www.greenpeace.org\/static\/planet4-norway-stateless\/2019\/07\/f03a170b-24.7-300x300.jpg 300w, https:\/\/www.greenpeace.org\/static\/planet4-norway-stateless\/2019\/07\/f03a170b-24.7-768x768.jpg 768w, https:\/\/www.greenpeace.org\/static\/planet4-norway-stateless\/2019\/07\/f03a170b-24.7-340x340.jpg 340w\" sizes=\"auto, (max-width: 1000px) 100vw, 1000px\" \/><\/figure>\n\n<figure class=\"wp-block-image\"><img loading=\"lazy\" decoding=\"async\" width=\"1000\" height=\"1000\" src=\"https:\/\/www.greenpeace.org\/static\/planet4-norway-stateless\/2019\/07\/dadec651-25.7.jpg\" alt=\"\" class=\"wp-image-1843\" srcset=\"https:\/\/www.greenpeace.org\/static\/planet4-norway-stateless\/2019\/07\/dadec651-25.7.jpg 1000w, https:\/\/www.greenpeace.org\/static\/planet4-norway-stateless\/2019\/07\/dadec651-25.7-150x150.jpg 150w, https:\/\/www.greenpeace.org\/static\/planet4-norway-stateless\/2019\/07\/dadec651-25.7-300x300.jpg 300w, https:\/\/www.greenpeace.org\/static\/planet4-norway-stateless\/2019\/07\/dadec651-25.7-768x768.jpg 768w, https:\/\/www.greenpeace.org\/static\/planet4-norway-stateless\/2019\/07\/dadec651-25.7-340x340.jpg 340w\" sizes=\"auto, (max-width: 1000px) 100vw, 1000px\" \/><\/figure>\n\n<figure class=\"wp-block-image\"><img loading=\"lazy\" decoding=\"async\" width=\"1000\" height=\"1000\" src=\"https:\/\/www.greenpeace.org\/static\/planet4-norway-stateless\/2019\/07\/c2f2fa6f-26.7.jpg\" alt=\"\" class=\"wp-image-1844\" srcset=\"https:\/\/www.greenpeace.org\/static\/planet4-norway-stateless\/2019\/07\/c2f2fa6f-26.7.jpg 1000w, https:\/\/www.greenpeace.org\/static\/planet4-norway-stateless\/2019\/07\/c2f2fa6f-26.7-150x150.jpg 150w, https:\/\/www.greenpeace.org\/static\/planet4-norway-stateless\/2019\/07\/c2f2fa6f-26.7-300x300.jpg 300w, https:\/\/www.greenpeace.org\/static\/planet4-norway-stateless\/2019\/07\/c2f2fa6f-26.7-768x768.jpg 768w, https:\/\/www.greenpeace.org\/static\/planet4-norway-stateless\/2019\/07\/c2f2fa6f-26.7-340x340.jpg 340w\" sizes=\"auto, (max-width: 1000px) 100vw, 1000px\" \/><\/figure>\n\t\t\t<section\n\t\t\tclass=\"boxout post-49889 \"\n\t\t\t\n\t\t>\n\t\t\t<a\n\t\t\t\tdata-ga-category=\"Take Action Boxout\"\n\t\t\t\tdata-ga-action=\"Image\"\n\t\t\t\tdata-ga-label=\"n\/a\"\n\t\t\t\tclass=\"cover-card-overlay\"\n\t\t\t\thref=\"https:\/\/www.greenpeace.org\/norway\/vaer-med\/nyhetsbrev\/\" \n\t\t\t><\/a>\n\t\t\t\t\t\t\t<img\n\t\t\t\t\t\tsrc=\"https:\/\/www.greenpeace.org\/static\/planet4-norway-stateless\/2022\/01\/a8ed7000-image.png\"\n\t\t\t\t\t\tsrcset=\"https:\/\/www.greenpeace.org\/static\/planet4-norway-stateless\/2022\/01\/a8ed7000-image-300x200.png 300w, https:\/\/www.greenpeace.org\/static\/planet4-norway-stateless\/2022\/01\/a8ed7000-image-768x512.png 768w, https:\/\/www.greenpeace.org\/static\/planet4-norway-stateless\/2022\/01\/a8ed7000-image-510x340.png 510w, https:\/\/www.greenpeace.org\/static\/planet4-norway-stateless\/2022\/01\/a8ed7000-image.png 800w\"\n\t\t\t\t\t\tsizes=\"(min-width: 1000px) 358px, (min-width: 780px) 313px, 88px\"\n\t\t\t\t\t\talt=\"\" title=\"\"\n\t\t\t\t\/>\n            \t\t\t<div class=\"boxout-content\">\n\t\t\t\t\t\t\t\t\t<a\n\t\t\t\t\t\tclass=\"boxout-heading medium\"\n\t\t\t\t\t\tdata-ga-category=\"Take Action Boxout\"\n\t\t\t\t\t\tdata-ga-action=\"Title\"\n\t\t\t\t\t\tdata-ga-label=\"n\/a\"\n\t\t\t\t\t\thref=\"https:\/\/www.greenpeace.org\/norway\/vaer-med\/nyhetsbrev\/\"\n\t\t\t\t\t\t\n\t\t\t\t\t>\n\t\t\t\t\t\tMeld deg p\u00e5 Greenpeace sitt nyhetsbrev\n\t\t\t\t\t<\/a>\n\t\t\t\t\t\t\t\t\t\t\t\t\t<p class=\"boxout-excerpt\">F\u00e5 nyheter, oppdateringer og tips om klima og milj\u00f8 p\u00e5 e-post. Du kan vente deg oppdateringer fra oss noen ganger i m\u00e5neden, og kan melde deg av n\u00e5r som helst.<\/p>\n\t\t\t\t                                    <a\n                        class=\"btn btn-primary\"\n                        data-ga-category=\"Take Action Boxout\"\n                        data-ga-action=\"Call to Action\"\n                        data-ga-label=\"n\/a\"\n                        href=\"https:\/\/www.greenpeace.org\/norway\/vaer-med\/nyhetsbrev\/\"\n                        \n                    >\n                        V\u00e6r med\n                    <\/a>\n                \t\t\t<\/div>\n\t\t\t\t\t<\/section>\n\t","protected":false},"excerpt":{"rendered":"<p>Iskrem, sol og grilling &#8211; det er ENDELIG sommerferie\u2600\ufe0f I den anledning har vi satt sammen 8 tips til enkle ting du kan gj\u00f8re, for \u00e5 f\u00e5 en litt gr\u00f8nnere&hellip;<\/p>\n","protected":false},"author":27,"featured_media":1845,"comment_status":"open","ping_status":"open","sticky":false,"template":"","format":"standard","meta":{"ep_exclude_from_search":false,"p4_og_title":"","p4_og_description":"","p4_og_image":"","p4_og_image_id":"","p4_seo_canonical_url":"","p4_campaign_name":"not set","p4_local_project":"not set","p4_basket_name":"not set","p4_department":"","footnotes":""},"categories":[61],"tags":[25,36,84],"p4-page-type":[54],"class_list":["post-1836","post","type-post","status-publish","format-standard","has-post-thumbnail","hentry","category-forbruk","tag-losninger","tag-forbrukermakt","tag-livsstil","p4-page-type-tips"],"_links":{"self":[{"href":"https:\/\/www.greenpeace.org\/norway\/wp-json\/wp\/v2\/posts\/1836","targetHints":{"allow":["GET"]}}],"collection":[{"href":"https:\/\/www.greenpeace.org\/norway\/wp-json\/wp\/v2\/posts"}],"about":[{"href":"https:\/\/www.greenpeace.org\/norway\/wp-json\/wp\/v2\/types\/post"}],"author":[{"embeddable":true,"href":"https:\/\/www.greenpeace.org\/norway\/wp-json\/wp\/v2\/users\/27"}],"replies":[{"embeddable":true,"href":"https:\/\/www.greenpeace.org\/norway\/wp-json\/wp\/v2\/comments?post=1836"}],"version-history":[{"count":4,"href":"https:\/\/www.greenpeace.org\/norway\/wp-json\/wp\/v2\/posts\/1836\/revisions"}],"predecessor-version":[{"id":52995,"href":"https:\/\/www.greenpeace.org\/norway\/wp-json\/wp\/v2\/posts\/1836\/revisions\/52995"}],"wp:featuredmedia":[{"embeddable":true,"href":"https:\/\/www.greenpeace.org\/norway\/wp-json\/wp\/v2\/media\/1845"}],"wp:attachment":[{"href":"https:\/\/www.greenpeace.org\/norway\/wp-json\/wp\/v2\/media?parent=1836"}],"wp:term":[{"taxonomy":"category","embeddable":true,"href":"https:\/\/www.greenpeace.org\/norway\/wp-json\/wp\/v2\/categories?post=1836"},{"taxonomy":"post_tag","embeddable":true,"href":"https:\/\/www.greenpeace.org\/norway\/wp-json\/wp\/v2\/tags?post=1836"},{"taxonomy":"p4-page-type","embeddable":true,"href":"https:\/\/www.greenpeace.org\/norway\/wp-json\/wp\/v2\/p4-page-type?post=1836"}],"curies":[{"name":"wp","href":"https:\/\/api.w.org\/{rel}","templated":true}]}}