{"id":1916,"date":"2019-08-27T16:48:39","date_gmt":"2019-08-27T14:48:39","guid":{"rendered":"https:\/\/www.greenpeace.org\/norway\/?p=1916"},"modified":"2022-12-29T09:27:45","modified_gmt":"2022-12-29T08:27:45","slug":"tre-gode-grunner-til-a-bli-med-pa-klimabrolet","status":"publish","type":"post","link":"https:\/\/www.greenpeace.org\/norway\/nyheter\/klimaendringer\/tre-gode-grunner-til-a-bli-med-pa-klimabrolet\/","title":{"rendered":"Tre gode grunner til \u00e5 bli med p\u00e5 Klimabr\u00f8let"},"content":{"rendered":"\n<p><span style=\"font-weight: 400;\"><strong>Er du lei av politikere som ikke gj\u00f8r en dritt? Er du frustrert over at de som styrer landet ikke tar ansvaret vi har gitt dem, og kaster vekk framtida til barna v\u00e5re?\u00a0 Det er vi ogs\u00e5.\u00a0<\/strong><\/span><\/p>\n\n<p><span style=\"font-weight: 400;\">Derfor sl\u00e5r vi to fluer i en smekk n\u00e5 p\u00e5 fredag. 30. august klokka 15, samme dag som skolestreikerne har sin nasjonale streikedag, skal vi f\u00e5 ut frustrasjonen og BR\u00d8LE FOR KLIMAET p\u00e5 Eidsvolls plass utenfor Stortinget! Vi er lei av \u00e5 h\u00f8re om bompenger, og krever h\u00f8yt og tydelig at n\u00e5 m\u00e5 vi fokusere p\u00e5 v\u00e5r tids viktigste sak, nemlig klimaet.&nbsp;<\/span><\/p>\n\n<p><a href=\"https:\/\/www.facebook.com\/events\/370027903807280\/\"><span style=\"font-weight: 400;\">Bli med og br\u00f8l med oss<\/span><\/a><span style=\"font-weight: 400;\">!&nbsp;<\/span><\/p>\n\n<p><span style=\"font-weight: 400;\">Hvis du holder til andre steder i Oslo, kan du finne ditt n\u00e6rmeste omr\u00e5de for klimabr\u00f8ling <\/span><a href=\"https:\/\/klimabrolet.no\/\"><span style=\"font-weight: 400;\">her<\/span><\/a><span style=\"font-weight: 400;\">.&nbsp;<\/span><\/p>\n\n<p><span style=\"font-weight: 400;\">Amazonas st\u00e5r i brann. Vi har hatt ras p\u00e5 vestlandet, varmerekorder gjennom hele sommeren, t\u00f8rke, flom, og s\u00e5 mye mer. Klimakrisen er her, men allikevel setter regjeringen rekorder i hvor mange oljelisenser de deler ut. Vi er lei, og kommer til \u00e5 br\u00f8le s\u00e5 h\u00f8yt at det er umulig \u00e5 ikke lytte til oss lenger!<\/span><\/p>\n\n<p><span style=\"font-weight: 400;\">Hvis du ikke har blitt overbevist enda, her er tre grunner til at du burde bli med:<\/span><\/p>\n\n<ol class=\"wp-block-list\">\n<li><span style=\"font-weight: 400;\"> Du er med p\u00e5 det som skal bli norgeshistoriens st\u00f8rste markering. Jo flere vi er, jo mer blir Erna og gjengen n\u00f8dt til \u00e5 h\u00f8re p\u00e5 oss<\/span><\/li>\n\n\n\n<li><span style=\"font-weight: 400;\"> Du gj\u00f8r en utrolig viktig innsats i \u00e5 l\u00f8fte v\u00e5r tids aller viktigste sak, klimaet<\/span><\/li>\n\n\n\n<li><span style=\"font-weight: 400;\"> Du viser st\u00f8tte til barna og ungdommen som streiker skolen for fremtiden sin&nbsp;<\/span><\/li>\n<\/ol>\n\n<p><span style=\"font-weight: 400;\">Vi blir mange, og sammen med skolestreikerne skal vi skape historie, og kreve ansvaret vi fortjener fra norske politikere.&nbsp;<\/span><\/p>\n\n<p><span style=\"font-weight: 400;\">Vi h\u00e5per ogs\u00e5 at du blir med p\u00e5 h\u00e5ndplakatverkstedet vi skal ha p\u00e5 kontoret v\u00e5rt i Sandakerveien 24C p\u00e5 Torshov. Vil du f\u00e5 ut din kunstneriske side, eller har du en spesiell beskjed du vil vise fram i folkemengden? Bli med og lag plakater, banner og gode slagord som vi kan bruke til knuse politikerne med p\u00e5 fredag. Her kan vi bygge opp stemningen f\u00f8r selve br\u00f8let, og kanskje tar vi til og med litt pr\u00f8ve-br\u00f8l. Du finner arrangementet <\/span><a href=\"https:\/\/www.facebook.com\/events\/2180543878739158\/\"><span style=\"font-weight: 400;\">her<\/span><\/a><span style=\"font-weight: 400;\">.<\/span><\/p>\n\n<p><span style=\"font-weight: 400;\">Vi gleder oss!&nbsp;<\/span><\/p>\n","protected":false},"excerpt":{"rendered":"<p>Er du lei av politikere som ikke gj\u00f8r en dritt? Er du frustrert over at de som styrer landet ikke tar ansvaret vi har gitt dem, og kaster vekk framtida&hellip;<\/p>\n","protected":false},"author":25,"featured_media":1917,"comment_status":"open","ping_status":"open","sticky":false,"template":"","format":"standard","meta":{"ep_exclude_from_search":false,"p4_og_title":"","p4_og_description":"","p4_og_image":"","p4_og_image_id":"","p4_seo_canonical_url":"","p4_campaign_name":"not set","p4_local_project":"not set","p4_basket_name":"not set","p4_department":"","footnotes":""},"categories":[1],"tags":[28,64],"p4-page-type":[16],"class_list":["post-1916","post","type-post","status-publish","format-standard","has-post-thumbnail","hentry","category-klimaendringer","tag-engasjer-deg","tag-klimakrise","p4-page-type-nyheter"],"_links":{"self":[{"href":"https:\/\/www.greenpeace.org\/norway\/wp-json\/wp\/v2\/posts\/1916","targetHints":{"allow":["GET"]}}],"collection":[{"href":"https:\/\/www.greenpeace.org\/norway\/wp-json\/wp\/v2\/posts"}],"about":[{"href":"https:\/\/www.greenpeace.org\/norway\/wp-json\/wp\/v2\/types\/post"}],"author":[{"embeddable":true,"href":"https:\/\/www.greenpeace.org\/norway\/wp-json\/wp\/v2\/users\/25"}],"replies":[{"embeddable":true,"href":"https:\/\/www.greenpeace.org\/norway\/wp-json\/wp\/v2\/comments?post=1916"}],"version-history":[{"count":4,"href":"https:\/\/www.greenpeace.org\/norway\/wp-json\/wp\/v2\/posts\/1916\/revisions"}],"predecessor-version":[{"id":53521,"href":"https:\/\/www.greenpeace.org\/norway\/wp-json\/wp\/v2\/posts\/1916\/revisions\/53521"}],"wp:featuredmedia":[{"embeddable":true,"href":"https:\/\/www.greenpeace.org\/norway\/wp-json\/wp\/v2\/media\/1917"}],"wp:attachment":[{"href":"https:\/\/www.greenpeace.org\/norway\/wp-json\/wp\/v2\/media?parent=1916"}],"wp:term":[{"taxonomy":"category","embeddable":true,"href":"https:\/\/www.greenpeace.org\/norway\/wp-json\/wp\/v2\/categories?post=1916"},{"taxonomy":"post_tag","embeddable":true,"href":"https:\/\/www.greenpeace.org\/norway\/wp-json\/wp\/v2\/tags?post=1916"},{"taxonomy":"p4-page-type","embeddable":true,"href":"https:\/\/www.greenpeace.org\/norway\/wp-json\/wp\/v2\/p4-page-type?post=1916"}],"curies":[{"name":"wp","href":"https:\/\/api.w.org\/{rel}","templated":true}]}}