{"id":2033,"date":"2019-10-23T09:53:10","date_gmt":"2019-10-23T07:53:10","guid":{"rendered":"https:\/\/www.greenpeace.org\/norway\/?p=2033"},"modified":"2023-08-31T13:35:09","modified_gmt":"2023-08-31T12:35:09","slug":"her-kan-du-folge-klimasoksmalet","status":"publish","type":"post","link":"https:\/\/www.greenpeace.org\/norway\/nyheter\/klimaendringer\/her-kan-du-folge-klimasoksmalet\/","title":{"rendered":"Her kan du f\u00f8lge klimas\u00f8ksm\u00e5let!"},"content":{"rendered":"\n<p><a href=\"http:\/\/www.xn--klimasksml-95a8t.no\/\">Klimas\u00f8ksm\u00e5let<\/a> i Borgarting lagmannsrett er her! <a href=\"https:\/\/www.facebook.com\/klimasoksmal\/?__tn__=kCH-R&amp;eid=ARDJ5tkiAEvk4bPnIZznMf8hcz_-8oiBi5CKOOz5NDQBv26rqLKAFcB7hBYsqworvrPdtvqDuB8Zo1-m&amp;hc_ref=ARSzTsPxl5ainZDKAc92c0AaejmOMjXMcbuXKwt9X0wPY_spzPB1cNH76BYE4BmtyZ4&amp;__xts__%5B0%5D=68.ARDI1wtfp0jVWXGy8SULleWBN0q-9XkXlc05feau4DFt9-bNPLCK_Ifmq0P4L6F5x_p7GhsSyIMKq521pwWsnZbgB4nmNWQEIkiGyOhPkMyzv_7sNcj0XPsa8wQ_O0Cg5hXvMmKyv8HEc4HjlksrSeQ3qiLG2Ca4DDfR3sCY3ClEfHHItduC3ESWQIYMn5aymIjiP4jqkTLEAlvShUzuADzxTXRBH8msZm-HpSCjapPKZB0ehsuLrTwpPIEO054vFyhgEv1MgFcVr3psYlvjatcwvwdJiHKIoLuvbTumb3QuP2jpsmoApPTUaTQGBllZi7uhVf6rVv5wUf7SjjeigpeVeHqOFpcNCVolIKw9AUBJ_r0j0crpKfSrTv4zA0VqxuVPmoFE7mWWHaEpT5EOUtPAztipFMQPg4kI_WPihGSyRXgF8qKClGi4k9zSma6qSy-VyMYlq7-9n5LZ9Vd4ufHvjeiM4e6BlaoOGC2LCFHOEbXImbbung\">F\u00f8lg med live her.<\/a><\/p>\n\n<p><strong>Dokumenter fra retten:<\/strong><\/p>\n\n<p><a href=\"http:\/\/www.xn--klimasksml-95a8t.no\/2019\/11\/04\/dokumenter-fra-retten-faktisk-utdrag\/\">Her finner du faktisk utdrag og faktisk tilleggsutdrag, dokumentene som refereres gjennom rettssaken.<\/a><\/p>\n\n<p><strong>Dag for dag i retten:<\/strong><\/p>\n\n<ol class=\"wp-block-list\">\n<li><a href=\"http:\/\/www.xn--klimasksml-95a8t.no\/2019\/11\/05\/oppsummering-fra-rettens-forste-dag\/\">Oppsummering fra rettens f\u00f8rste dag<\/a><\/li>\n\n\n\n<li><a href=\"http:\/\/www.xn--klimasksml-95a8t.no\/2019\/11\/06\/oppsummering-fra-rettens-andre-dag\/\">Oppsummering fra rettens andre dag<\/a><\/li>\n\n\n\n<li><a href=\"http:\/\/www.xn--klimasksml-95a8t.no\/2019\/11\/07\/oppsummering-fra-rettens-tredje-dag\/\">Oppsummering fra rettens tredje dag<\/a><\/li>\n\n\n\n<li><a href=\"http:\/\/www.xn--klimasksml-95a8t.no\/2019\/11\/08\/klimasoksmalet-dag-fire\/\">Oppsummering fra rettens fjerde dag<\/a><\/li>\n\n\n\n<li><a href=\"http:\/\/www.xn--klimasksml-95a8t.no\/2019\/11\/12\/oppsummering-fra-rettens-femte-dag\/\">Oppsummering fra rettens femte dag<\/a><\/li>\n\n\n\n<li><a href=\"http:\/\/www.xn--klimasksml-95a8t.no\/2019\/11\/13\/oppsummering-fra-rettens-sjette-dag\/\">Oppsummering fra rettens sjette dag<\/a><\/li>\n\n\n\n<li><a href=\"http:\/\/www.xn--klimasksml-95a8t.no\/2019\/11\/14\/oppsummering-fra-rettens-syvende-og-siste-dag\/\">Oppsummering fra rettens syvende og siste dag&nbsp;<\/a><\/li>\n<\/ol>\n\n<p><strong>Vi trenger deg med p\u00e5 laget for \u00e5 gj\u00f8re dette til et ordentlig krafttak for klimaet.&nbsp;<\/strong><\/p>\n\n<p>Folkets klimas\u00f8ksm\u00e5l ble til for \u00e5 holde politikerne ansvarlige for en feilet klimapolitikk, og vi mener det er viktig at alle som \u00f8nsker det skal kunne f\u00f8lge utviklingen i saken. Derfor arrangerer vi flere arrangementer og markeringer de neste ukene i forbindelse med at saken behandles i rettssalen.<\/p>\n\n<ul class=\"wp-block-list\">\n<li><strong>Allerede neste helg<\/strong> sparker Spire det hele i gang med et seminar om klimarettferdighet, klimas\u00f8ksm\u00e5let og bonden.. Det skjer p\u00e5 Kulturhuset i Oslo 27. oktober, mer info finner du<a href=\"https:\/\/www.facebook.com\/events\/919148708441000\/\"> her<\/a>!<\/li>\n\n\n\n<li><strong>31. oktober<\/strong> inviterer Naturvernforbundet til frokostm\u00f8te p\u00e5 Kulturhuset i Oslo. Der er temaet hvordan vi faktisk <em>kan<\/em> s\u00f8rge for at Norge blir fossilfrie innen 2040. Bli med og meld deg p\u00e5<a href=\"https:\/\/www.facebook.com\/events\/747098175737913\/\"> her<\/a>!<\/li>\n\n\n\n<li><strong>Helga f\u00f8r ankesaken<\/strong> starter velger klimaforkjemper og filmskaper Thomas Cottis \u00e5 G\u00c5 for klimaet. Han starter fredag 1. november og kommer fram til lystenning for Grunnloven p\u00e5 Eidsvolls plass mandag kveld. Vil du v\u00e6re med p\u00e5 siste etappe? Mandag formiddag kommer Cottis over Gjeller\u00e5sen, og planlegger ankomst utenfor Stortinget klokka 17. Mer info kommer p\u00e5 Facebook og v\u00e5re nettsider.<\/li>\n\n\n\n<li><strong>4. november<\/strong> er det klart for <strong>nasjonal aksjonsdag! <\/strong>Vi har arrangementer over 20 steder i landet, stort og sm\u00e5tt. Det blir appeller, sanger, underholdning og ikke minst \u2013 <strong>felles lystenning klokken 18:14, for retten til et levelig milj\u00f8. <\/strong>Finn arrangementet n\u00e6rmest deg<a href=\"https:\/\/www.facebook.com\/events\/1128661497334710\/\"> her<\/a>.<\/li>\n\n\n\n<li><strong>5. november<\/strong> starter norgeshistoriens f\u00f8rste klimaankesak. Rettssaken er \u00e5pen for alle som \u00f8nsker \u00e5 v\u00e6re tilstede og f\u00f8lge med.&nbsp; M\u00f8t opp ved inngangen til Borgarting lagmannsrett i god tid f\u00f8r saken starter kl 09:00, tirsdag 5. november. Det kan bli trangt om plassene, men vi kommer til \u00e5 ha et lokale i n\u00e6rheten hvor vi streamer fra rettssaken, s\u00e5 alle som \u00f8nsker det kan f\u00f8lge med. Det blir ogs\u00e5 mulig \u00e5 f\u00f8lge saken fra Thon Hotel Universitetsgata fra ca kl 9, men kun Tirsdag 5. November.<\/li>\n<\/ul>\n\n<p>Jobber du eller har andre forpliktelser p\u00e5 dagtid under klimas\u00f8ksm\u00e5let? Fortvil ikke, vi har flere arrangementer ogs\u00e5 p\u00e5 kveldstid med oppdateringer fra dagene i retten!<\/p>\n\n<p>Arrangementene foreg\u00e5r p\u00e5 <a href=\"https:\/\/www.salted.no\/\">Salt i Oslo<\/a>, fem minutter unna Oslo S langs Langkaia.<\/p>\n\n<ul class=\"wp-block-list\">\n<li><a href=\"https:\/\/www.facebook.com\/events\/694179514393010\/\"><strong>Dagen f\u00f8r dagen, 4. november<\/strong><\/a>, starter Johan Golden det hele med et skr\u00e5blikk p\u00e5 norsk klimapolitikk, f\u00f8r vi snakker med jurist Marius Nordby og saks\u00f8kerne selv.<\/li>\n\n\n\n<li><strong>P\u00e5<a href=\"https:\/\/www.facebook.com\/events\/423734184945568\/\"> Klimas\u00f8ksm\u00e5lets f\u00f8rste dag, 5. november<\/a><\/strong>, tar vi en oppsummering av f\u00f8rste dag i retten, i tillegg til en real runde med optimisme. Hva om vi faktisk vinner? Vi ser tilbake p\u00e5 hvordan oljedebatten har utviklet seg siden Parisavtalen i 2015.<\/li>\n\n\n\n<li><strong>To dager seinere<\/strong> er det tid for et nytt avbrekk \u2013 bli med og<a href=\"https:\/\/www.facebook.com\/events\/889893174716943\/\"> svett for klimaet<\/a> i Salts fantastiske sauna! Vi kj\u00f8rer miniforedrag og stand-up i sann forn\u00f8yelse, mens du kan sl\u00e5 deg ned i badstua og ignorere novemberv\u00e6ret i noen timer.<\/li>\n\n\n\n<li><a href=\"https:\/\/www.facebook.com\/events\/756919778102053\/\"><strong>S\u00f8ndagen etter, 10. november<\/strong><\/a>, sl\u00e5r vi et slag for hovedpersonene i klimas\u00f8ksm\u00e5let; nemlig barn og unge. Det er deres framtid vi kjemper for, og det vil vi markere sammen med Maja Ratkje, Bl\u00e5b\u00e6rtoppen Spellemannslag og flere andre. Bli med fra halv tolv og utover! For de voksne blir det ogs\u00e5 filmvisning av filmen \u00abEkspedisjon Barents\u00bb fra klokka 18. Les mer om filmen<a href=\"https:\/\/www.facebook.com\/events\/781290612324227\/\"> her<\/a>!<\/li>\n\n\n\n<li><strong>Siste dag i retten, 14. november<\/strong>, unner vi oss en skikkelig feiring! Ella Marie Isaksen og IS\u00c1K holder gratiskonsert, og vi feirer retten til et levelig milj\u00f8 sammen fra klokka \u00e5tte. Bli med og les mer<a href=\"https:\/\/www.facebook.com\/events\/422316358470849\/\"> her<\/a>!<\/li>\n<\/ul>\n\n<p>Vi legger ut oppdateringer om saken fortl\u00f8pende p\u00e5 Facebook og<a href=\"http:\/\/www.xn--klimasksml-95a8t.no\/\"> Klimas\u00f8ksm\u00e5l.no<\/a>. F\u00f8lg med videre for nye facebookrammer, hashtagger og andre m\u00e5ter du kan vise din st\u00f8tte til klimas\u00f8ksm\u00e5let\ud83d\ude0a&nbsp;<\/p>\n\n<p>\u00c5 bygge opp en sak mot staten koster penger og tar tid. Greenpeace er en uavhengig milj\u00f8organisasjon og tar ikke imot st\u00f8tte fra n\u00e6ringsliv eller fra myndigheter noe sted i verden. Hvis du vil bidra til arbeidet v\u00e5rt, kan du gj\u00f8re det her:<\/p>\n\n<p><a href=\"https:\/\/bidra.greenpeace.org\/d\/bli-manedlig-giver-arktis\">St\u00f8tt arbeidet med en fast sum i m\u00e5neden her<\/a> (eller kan du sende GREENPEACE til 2474 for \u00e5 gi 150kr\/mnd)<\/p>\n\n<p><a href=\"https:\/\/bidra.greenpeace.org\/d\/engangsbidrag-arktis\">Gi et engangsbidrag her<\/a> (eller vippse til 508995)<\/p>\n\n<p><a href=\"https:\/\/www.spleis.no\/project\/71431\">Bidra til kronerulling her<\/a><\/p>\n\n<p><strong>Les ogs\u00e5: <a href=\"https:\/\/www.greenpeace.org\/norway\/nyheter\/7491\/klimasoksmalet-dette-ma-du-vite\/\">7 ting du m\u00e5 vite om klimas\u00f8ksm\u00e5let<\/a><\/strong><\/p>\n\n<p><\/p>\n\t\t\t<section\n\t\t\tclass=\"boxout post-1229 \"\n\t\t\t\n\t\t>\n\t\t\t<a\n\t\t\t\tdata-ga-category=\"Take Action Boxout\"\n\t\t\t\tdata-ga-action=\"Image\"\n\t\t\t\tdata-ga-label=\"n\/a\"\n\t\t\t\tclass=\"cover-card-overlay\"\n\t\t\t\thref=\"https:\/\/www.greenpeace.org\/norway\/vaer-med\/stott-oss\/\" \n\t\t\t><\/a>\n\t\t\t\t\t\t\t<img\n\t\t\t\t\t\tsrc=\"https:\/\/www.greenpeace.org\/static\/planet4-norway-stateless\/2022\/02\/487ac5d0-gp1swsny-1024x767.jpg\"\n\t\t\t\t\t\tsrcset=\"https:\/\/www.greenpeace.org\/static\/planet4-norway-stateless\/2022\/02\/487ac5d0-gp1swsny-300x225.jpg 300w, https:\/\/www.greenpeace.org\/static\/planet4-norway-stateless\/2022\/02\/487ac5d0-gp1swsny-1024x767.jpg 1024w, https:\/\/www.greenpeace.org\/static\/planet4-norway-stateless\/2022\/02\/487ac5d0-gp1swsny-768x575.jpg 768w, https:\/\/www.greenpeace.org\/static\/planet4-norway-stateless\/2022\/02\/487ac5d0-gp1swsny-454x340.jpg 454w, https:\/\/www.greenpeace.org\/static\/planet4-norway-stateless\/2022\/02\/487ac5d0-gp1swsny.jpg 1200w\"\n\t\t\t\t\t\tsizes=\"(min-width: 1000px) 358px, (min-width: 780px) 313px, 88px\"\n\t\t\t\t\t\talt=\"Flyfoto av en \u00f8y formet som et hjerte\" title=\"Flyfoto av en \u00f8y formet som et hjerte\"\n\t\t\t\t\/>\n            \t\t\t<div class=\"boxout-content\">\n\t\t\t\t\t\t\t\t\t<a\n\t\t\t\t\t\tclass=\"boxout-heading medium\"\n\t\t\t\t\t\tdata-ga-category=\"Take Action Boxout\"\n\t\t\t\t\t\tdata-ga-action=\"Title\"\n\t\t\t\t\t\tdata-ga-label=\"n\/a\"\n\t\t\t\t\t\thref=\"https:\/\/www.greenpeace.org\/norway\/vaer-med\/stott-oss\/\"\n\t\t\t\t\t\t\n\t\t\t\t\t>\n\t\t\t\t\t\tSt\u00f8tt arbeidet v\u00e5rt for klima og milj\u00f8\n\t\t\t\t\t<\/a>\n\t\t\t\t\t\t\t\t\t\t\t\t\t<p class=\"boxout-excerpt\">Sammen utgj\u00f8r vi en forskjell for den s\u00e5rbare planeten v\u00e5r.<\/p>\n\t\t\t\t                                    <a\n                        class=\"btn btn-primary\"\n                        data-ga-category=\"Take Action Boxout\"\n                        data-ga-action=\"Call to Action\"\n                        data-ga-label=\"n\/a\"\n                        href=\"https:\/\/www.greenpeace.org\/norway\/vaer-med\/stott-oss\/\"\n                        \n                    >\n                        V\u00e6r med\n                    <\/a>\n                \t\t\t<\/div>\n\t\t\t\t\t<\/section>\n\t","protected":false},"excerpt":{"rendered":"<p>Her kan du f\u00f8lge klimas\u00f8ksm\u00e5let i Borgarting lagmannsrett. Se dokumenter fra retten, oppsummeringer dag for dag og arrangementer i forbindelse med s\u00f8ksm\u00e5let.<\/p>\n","protected":false},"author":25,"featured_media":2034,"comment_status":"open","ping_status":"open","sticky":false,"template":"","format":"standard","meta":{"ep_exclude_from_search":false,"p4_og_title":"","p4_og_description":"","p4_og_image":"","p4_og_image_id":"","p4_seo_canonical_url":"","p4_campaign_name":"not set","p4_local_project":"not set","p4_basket_name":"not set","p4_department":"","footnotes":""},"categories":[1],"tags":[23,30,90,66],"p4-page-type":[16],"class_list":["post-2033","post","type-post","status-publish","format-standard","has-post-thumbnail","hentry","category-klimaendringer","tag-klimaklagen","tag-klimaeffekter","tag-klimarettssaker","tag-arktis","p4-page-type-nyheter"],"_links":{"self":[{"href":"https:\/\/www.greenpeace.org\/norway\/wp-json\/wp\/v2\/posts\/2033","targetHints":{"allow":["GET"]}}],"collection":[{"href":"https:\/\/www.greenpeace.org\/norway\/wp-json\/wp\/v2\/posts"}],"about":[{"href":"https:\/\/www.greenpeace.org\/norway\/wp-json\/wp\/v2\/types\/post"}],"author":[{"embeddable":true,"href":"https:\/\/www.greenpeace.org\/norway\/wp-json\/wp\/v2\/users\/25"}],"replies":[{"embeddable":true,"href":"https:\/\/www.greenpeace.org\/norway\/wp-json\/wp\/v2\/comments?post=2033"}],"version-history":[{"count":20,"href":"https:\/\/www.greenpeace.org\/norway\/wp-json\/wp\/v2\/posts\/2033\/revisions"}],"predecessor-version":[{"id":57537,"href":"https:\/\/www.greenpeace.org\/norway\/wp-json\/wp\/v2\/posts\/2033\/revisions\/57537"}],"wp:featuredmedia":[{"embeddable":true,"href":"https:\/\/www.greenpeace.org\/norway\/wp-json\/wp\/v2\/media\/2034"}],"wp:attachment":[{"href":"https:\/\/www.greenpeace.org\/norway\/wp-json\/wp\/v2\/media?parent=2033"}],"wp:term":[{"taxonomy":"category","embeddable":true,"href":"https:\/\/www.greenpeace.org\/norway\/wp-json\/wp\/v2\/categories?post=2033"},{"taxonomy":"post_tag","embeddable":true,"href":"https:\/\/www.greenpeace.org\/norway\/wp-json\/wp\/v2\/tags?post=2033"},{"taxonomy":"p4-page-type","embeddable":true,"href":"https:\/\/www.greenpeace.org\/norway\/wp-json\/wp\/v2\/p4-page-type?post=2033"}],"curies":[{"name":"wp","href":"https:\/\/api.w.org\/{rel}","templated":true}]}}