{"id":2189,"date":"2019-11-18T15:45:37","date_gmt":"2019-11-18T13:45:37","guid":{"rendered":"https:\/\/www.greenpeace.org\/norway\/?p=2189"},"modified":"2023-08-09T14:32:24","modified_gmt":"2023-08-09T13:32:24","slug":"hva-koster-egentlig-forbruket-vart","status":"publish","type":"post","link":"https:\/\/www.greenpeace.org\/norway\/nyheter\/forbruk\/hva-koster-egentlig-forbruket-vart\/","title":{"rendered":"Hva koster egentlig forbruket v\u00e5rt? \ufeff"},"content":{"rendered":"\n<figure class=\"wp-block-image size-large  caption-style-blue-overlay caption-alignment-center\"><img loading=\"lazy\" decoding=\"async\" width=\"800\" height=\"533\" src=\"https:\/\/www.greenpeace.org\/static\/planet4-norway-stateless\/2019\/11\/1fc6cfa9-gp0hc5_web_size.jpg\" alt=\"\" class=\"wp-image-2190\"\/><figcaption class=\"wp-element-caption\">Guiyu, China. Much of modern electronic equipment is routinely and often illegally shipped as waste from Europe, USA and Japan to countries in Asia as it is easier and cheaper to dump the problem on developing countries with lower environmental standards. <\/figcaption><\/figure>\n\n<p><strong>V\u00e5rt forbruk er ikke b\u00e6rekraftig. Mektige bedrifter har brukt milliarder av kroner p\u00e5 \u00e5 overtale oss til \u00e5 kj\u00f8pe engangsartikler og bruke og kaste, uten tanke p\u00e5 hvordan dette p\u00e5virker planeten v\u00e5r.<\/strong><\/p>\n\n<p>En deprimerende rapport viste at jordas overforbruksdag, eller <a href=\"https:\/\/www.overshootday.org\/newsroom\/country-overshoot-days\/\">Earth Overshoot Day<\/a> som den kalles, kom s\u00e5 tidlig som den 29. juli i 2019. Dette betyr at vi allerede i slutten av juli hadde brukt opp naturens ressurser for i \u00e5r. Enda tristere er det at overforbruksdagen i Norge var den 18. april. Alt vi har konsumert etter den 18. april er alts\u00e5 ressurser som naturen ikke vil klare \u00e5 erstatte. Kort fortalt s\u00e5 forbruker vi planeten til d\u00f8de.<\/p>\n\n<p>Dette forbruksm\u00f8nsteret er ikke b\u00e6rekraftig, og m\u00e5 stanses f\u00f8r det er for sent.\u00a0<\/p>\n\n<p>Planeten \u00f8delegges ikke bare av direkte inngripen i naturen, som avskoging, overfiske, oljeboring og at frodige omr\u00e5der gj\u00f8res om til monokulturer. Utslipp av klimagasser p\u00e5virker ogs\u00e5 jorda i stor grad.\u00a0<\/p>\n\n<p>P\u00e5 verdensbasis ansl\u00e5s det at v\u00e5re forbruksvaner bidrar til 60 prosent av det totale klimagassutslippet. Den store andelen f\u00f8rer til at klimaendringene skjer raskere og raskere, og f\u00f8rer oss mot den st\u00f8rste krisen i v\u00e5r tid.<\/p>\n\n<p><a href=\"https:\/\/www.greenpeace.org\/norway\/forbruk\/overforbruk\/\">Les mer om overforbruk her.<br><\/a><\/p>\n\n<h2 class=\"wp-block-heading\">Slik kan du bidra til et redusert forbruk<\/h2>\n\n<p>De tyve prosent rikeste av jordas befolkning sto for 75 prosent av verdens forbruk i 2005. De fattigste m\u00e5 derimot betale prisen. Vi utnytter s\u00e5rbare mennesker til \u00e5 jobbe under elendige arbeidsforhold, og dumper v\u00e5rt elektroniske avfall i land som ikke har \u00f8konomiske muskler til \u00e5 st\u00e5 i mot. Det ble for eksempel beregnet at 64 prosent av Sveriges forbruksrelaterte utslipp ble sluppet i de landene hvor varene ble produsert.\u00a0<\/p>\n\n<p>Som innbyggere i den rike delen av verden m\u00e5 vi st\u00e5 sammen for et b\u00e6rekraftig forbruk. Vi m\u00e5 ta et standpunkt mot overforbruk og utnytting av arbeidskraft som drives fram av mektige selskaper, og som tillates av myndigheters manglende reguleringer verden over.\u00a0\u00a0<\/p>\n\n<p>Vi kan kreve bedre regelverk for utslipp, en mer b\u00e6rekraftige produksjon, rettferdige arbeidsforhold, bedre regulering av bruk-og-kast-produkter som engangsbestikk og andre plastprodukter, og f\u00e5 en slutt p\u00e5 produksjon av varer med <a href=\"https:\/\/www.greenpeace.org\/international\/story\/23747\/its-a-waste-world\/\">garantert kort levetid<\/a>. Vi kan p\u00e5virke myndigheter til \u00e5 jobbe for en politikk som setter minimumskrav til en vares holdbarhet og mulighet til \u00e5 repareres og forbedres.\u00a0<\/p>\n\n<p><strong>Som forbrukere kan vi i tillegg redusere forbruket v\u00e5rt gjennom \u00e5:<\/strong><\/p>\n\n<p><strong>1. Avst\u00e5 <\/strong>&#8211; si nei til un\u00f8dvendige innkj\u00f8p<\/p>\n\n<p><strong>2. Redusere <\/strong>&#8211; redusere v\u00e5rt forbruk av engangsartikler<\/p>\n\n<p><strong>3. Gjenbruke<\/strong> &#8211; de fleste ting kan brukes igjen, gi det en sjanse!<\/p>\n\n<p><strong>4. Reparere <\/strong>&#8211; se om det er mulig \u00e5 reparere noe f\u00f8r vi kj\u00f8per nytt<\/p>\n\n<p><strong>5. Gjenvinne <\/strong>&#8211; resirkulerbare materialer er vanligvis mindre energikrevende \u00e5 gjenvinne til nye varer enn \u00e5 lage fra bunn med nye r\u00e5varer\u00a0<br><\/p>\n\n<p>Det f\u00f8rste punktet p\u00e5 lista er det viktigste. Store selskaper tenker bare p\u00e5 hva som gir mest profitt, og hvis vi avst\u00e5r fra \u00e5 kj\u00f8pe produkter som ikke er b\u00e6rekraftig, s\u00e5 blir de n\u00f8dt til \u00e5 lytte.<\/p>\n\n<p>Det f\u00f8rste steget vi kan ta n\u00e5 er \u00e5 spre budskapet og skape en bevegelse som kan endre hvordan vi forholder oss til forbruk. P\u00e5 denne m\u00e5ten kan vi heller velge \u00e5 ta vare p\u00e5 planeten.<br><\/p>\n","protected":false},"excerpt":{"rendered":"<p>Forbruket v\u00e5rt er ikke b\u00e6rekraftig. Les mer fakta om temaet, og f\u00e5 tips til hvordan du kan redusere ditt eget forbruk og ta et standpunkt mot overforbruk.<\/p>\n","protected":false},"author":25,"featured_media":2190,"comment_status":"open","ping_status":"open","sticky":false,"template":"","format":"standard","meta":{"ep_exclude_from_search":false,"p4_og_title":"","p4_og_description":"","p4_og_image":"","p4_og_image_id":"","p4_seo_canonical_url":"","p4_campaign_name":"not set","p4_local_project":"not set","p4_basket_name":"not set","p4_department":"","footnotes":""},"categories":[61],"tags":[36,84,86,38,30],"p4-page-type":[16],"class_list":["post-2189","post","type-post","status-publish","format-standard","has-post-thumbnail","hentry","category-forbruk","tag-forbrukermakt","tag-livsstil","tag-klaer","tag-forurensning","tag-klimaeffekter","p4-page-type-nyheter"],"_links":{"self":[{"href":"https:\/\/www.greenpeace.org\/norway\/wp-json\/wp\/v2\/posts\/2189","targetHints":{"allow":["GET"]}}],"collection":[{"href":"https:\/\/www.greenpeace.org\/norway\/wp-json\/wp\/v2\/posts"}],"about":[{"href":"https:\/\/www.greenpeace.org\/norway\/wp-json\/wp\/v2\/types\/post"}],"author":[{"embeddable":true,"href":"https:\/\/www.greenpeace.org\/norway\/wp-json\/wp\/v2\/users\/25"}],"replies":[{"embeddable":true,"href":"https:\/\/www.greenpeace.org\/norway\/wp-json\/wp\/v2\/comments?post=2189"}],"version-history":[{"count":9,"href":"https:\/\/www.greenpeace.org\/norway\/wp-json\/wp\/v2\/posts\/2189\/revisions"}],"predecessor-version":[{"id":56941,"href":"https:\/\/www.greenpeace.org\/norway\/wp-json\/wp\/v2\/posts\/2189\/revisions\/56941"}],"wp:featuredmedia":[{"embeddable":true,"href":"https:\/\/www.greenpeace.org\/norway\/wp-json\/wp\/v2\/media\/2190"}],"wp:attachment":[{"href":"https:\/\/www.greenpeace.org\/norway\/wp-json\/wp\/v2\/media?parent=2189"}],"wp:term":[{"taxonomy":"category","embeddable":true,"href":"https:\/\/www.greenpeace.org\/norway\/wp-json\/wp\/v2\/categories?post=2189"},{"taxonomy":"post_tag","embeddable":true,"href":"https:\/\/www.greenpeace.org\/norway\/wp-json\/wp\/v2\/tags?post=2189"},{"taxonomy":"p4-page-type","embeddable":true,"href":"https:\/\/www.greenpeace.org\/norway\/wp-json\/wp\/v2\/p4-page-type?post=2189"}],"curies":[{"name":"wp","href":"https:\/\/api.w.org\/{rel}","templated":true}]}}