{"id":2904,"date":"2020-02-10T13:57:38","date_gmt":"2020-02-10T11:57:38","guid":{"rendered":"https:\/\/www.greenpeace.org\/norway\/?p=2904"},"modified":"2023-08-28T06:58:26","modified_gmt":"2023-08-28T05:58:26","slug":"flytt-iskantsonen-sorover","status":"publish","type":"post","link":"https:\/\/www.greenpeace.org\/norway\/nyheter\/hav\/flytt-iskantsonen-sorover\/","title":{"rendered":"Flytt iskantsonen s\u00f8rover"},"content":{"rendered":"\n<figure class=\"wp-block-image size-large\"><img loading=\"lazy\" decoding=\"async\" width=\"1024\" height=\"683\" src=\"https:\/\/www.greenpeace.org\/static\/planet4-norway-stateless\/2022\/05\/b1cfbfdb-gp0stoi9p-1024x683.jpg\" title=\"Arctic Sea Ice. \u00a9 Nick Cobbing \/ Greenpeace\" alt=\"Arctic Sea Ice. \u00a9 Nick Cobbing \/ Greenpeace\" class=\"wp-image-51152\" srcset=\"https:\/\/www.greenpeace.org\/static\/planet4-norway-stateless\/2022\/05\/b1cfbfdb-gp0stoi9p-1024x683.jpg 1024w, https:\/\/www.greenpeace.org\/static\/planet4-norway-stateless\/2022\/05\/b1cfbfdb-gp0stoi9p-300x200.jpg 300w, https:\/\/www.greenpeace.org\/static\/planet4-norway-stateless\/2022\/05\/b1cfbfdb-gp0stoi9p-768x512.jpg 768w, https:\/\/www.greenpeace.org\/static\/planet4-norway-stateless\/2022\/05\/b1cfbfdb-gp0stoi9p-510x340.jpg 510w, https:\/\/www.greenpeace.org\/static\/planet4-norway-stateless\/2022\/05\/b1cfbfdb-gp0stoi9p.jpg 1200w\" sizes=\"auto, (max-width: 1024px) 100vw, 1024px\" \/><figcaption class=\"wp-element-caption\">Sm\u00e5 isflak mellom iskanten og Svalbards nordkyst.<div class=\"credit icon-left\"> \u00a9 Nick Cobbing \/ Greenpeace<\/div><\/figcaption><\/figure>\n\n<p><strong>Politikerne m\u00e5 lytte til sine egne fageksperter n\u00e5r de skal definere iskanten<\/strong>.<\/p>\n\n<p>Denne v\u00e5ren st\u00e5r det et viktig slag i norsk oljepolitikk: Hvor og hvordan skal iskantsonen defineres? I Granavolden-plattformen har regjeringen sl\u00e5tt fast at det ikke skal \u00e5pnes for oljeboring i iskantsonen. Iskantsonen er et viktig biologisk omr\u00e5de, hvor issmelting f\u00f8rer til en algeoppblomstring, som igjen danner et viktig n\u00e6ringsgrunnlag for et fantastisk og rikt artsmangfold.<br><\/p>\n\n<figure class=\"wp-block-image  caption-style-blue-overlay caption-alignment-center\"><img decoding=\"async\" src=\"https:\/\/lh3.googleusercontent.com\/NoxBpSYL2YNkd_cUq2FhACuWZwyfFSZb_wmd_5eoeNJrTUht0kQZdYhHVU2j6AeEuFKa_SSc0yMk0Z40K7m5XZ8rGa_5ypXlyNvikUOch_TteF7xqzoS_fhcFNzbG9cREK_RBxFq\" alt=\"\"\/><figcaption class=\"wp-element-caption\"><em>Kilde: Arctic Monitoring and Assessment Programme (AMAP)<\/em><\/figcaption><\/figure>\n\n<p>Denne v\u00e5ren skal Stortinget vedta en oppdatert forvaltningsplan for Barentshavet. En viktig del av oppdateringen vil v\u00e6re \u00e5 definere hvor iskantsonen g\u00e5r. I arbeidet med oppdateringen av forvaltningsplanen kom <em>Faglig forum<\/em>, statens egen ekspertgruppe med medlemmer fra Milj\u00f8direktoratet, Havforskningsinstituttet, Norsk Polarinstitutt og Oljedirektoratet med sin anbefaling til blant annet definisjonen av iskanten.&nbsp;<\/p>\n\n<p><strong>V\u00e5rt krav til politikerne<\/strong> <strong>er at de lytter til sine egne faginstanser, og flytter iskanten s\u00f8rover.<\/strong> I slutten av januar kunne <a href=\"https:\/\/www.aftenposten.no\/norge\/politikk\/i\/8moVQW\/miljoemyndighetene-vil-flytte-iskanten-soerover-oljedirektoratet-stritter-imot-i-hemmelig-dragkamp\">Aftenposten<\/a> avsl\u00f8re at Faglig forums medlemmer fra Havforskningsinstituttet, Milj\u00f8direktoratet og Norsk Polarinstitutt alle vil flytte iskanten s\u00f8rover. Oljedirektoratet, hvis hovedm\u00e5l er \u00e5 bidra til st\u00f8rst mulige verdier for samfunnet fra olje- og gassn\u00e6ringen gjennom en effektiv og forsvarlig ressursforvaltning, er de eneste i Faglig forum som vil flytte iskanten nordover.<\/p>\n\n<p>Milj\u00f8ekspertene i de overnevnte instansene sier de har f\u00e5tt ny kunnskap om hvor viktig iskantsonen er for det biologiske mangfoldet. De vil derfor stramme til definisjonen av iskantsonen, fra omr\u00e5der som har 30 prosent isfrekvens (sannsynlighet for \u00e5 treffe p\u00e5 is i april m\u00e5ned) til omr\u00e5der som har 0,5 prosent isfrekvens. Dette vil flytte iskanten s\u00f8rover, og 150 000 kvadratkilometer av havomr\u00e5dene i Barentshavet vil defineres som s\u00e6rlig verdifulle og s\u00e5rbare omr\u00e5der. Det vil v\u00e6re bra for de s\u00e5rbare \u00f8kosystemene i omr\u00e5dene, samtidig som det vil bety at omr\u00e5dene ikke skal \u00e5pnes for oljeboring.&nbsp;<br><\/p>\n\n<figure class=\"wp-block-image  caption-style-blue-overlay caption-alignment-center\"><img decoding=\"async\" src=\"https:\/\/lh4.googleusercontent.com\/q15NhzRYUY6SSFffEnQcYpgtIu680P01ZiTOtY0ZGsSY_SLfaSo2JZtjESLpdHYySRMqwXB_69BAALJ8oTuyhyhqS-CeeyMxOyNQGdAGoZJPjG1_qinxeoiVB1vQoJRWwP6eoxH2\" alt=\"\"\/><figcaption class=\"wp-element-caption\"><em>Kilde: WWF<\/em><\/figcaption><\/figure>\n\n<p><strong>Politikerne definerer ikke hvor iskanten g\u00e5r, for det gj\u00f8res av vitenskapen. <\/strong>I takt med at debatten om iskanten har tilspisset seg har argumentene blitt krassere. Sylvi Listhaug har g\u00e5tt ut og sagt at det vil v\u00e6re en krigserkl\u00e6ring om Stortinget definerer iskanten lenger s\u00f8r. Da har hun glemt at det ikke er politikerne som skal definere hvor iskanten g\u00e5r. Det har Faglig forum allerede gjort, og med unntak av Oljedirektoratet er de klare i sin vitenskapelige anbefalingen om \u00e5 flytte den s\u00f8rover.<\/p>\n\n<p>Regjeringen er splittet i synet. Krf og Venstre vil lytte til de milj\u00f8faglige instansene i Faglig forum og flytte iskanten s\u00f8rover, mens H\u00f8yre har ikke offisielt landet p\u00e5 en posisjon enn\u00e5. Det kan derfor v\u00e6re vi m\u00e5 stole p\u00e5 at Ap gj\u00f8r som Krf og Venstre. Krf har invitert Jonas Gahr St\u00f8re til et samarbeid for \u00e5 f\u00e5 flyttet iskanten s\u00f8rover, og Jonas Gahr St\u00f8re har uttalt at de \u201cvil legge mer vekt p\u00e5 milj\u00f8 og klima i striden om hvor iskanten skal g\u00e5\u201d. N\u00e5 forventer vi at St\u00f8re lytter til de faglige r\u00e5dene og flytter iskanten s\u00f8rover.<\/p>\n\n<p>Om Stortinget g\u00e5r inn for \u00e5 lytte til vitenskapen og flytte iskanten lenger s\u00f8rover vil det bety at de nordligste oljelisensene utdelt i 23. konsesjonsrunde blir liggende innenfor iskantsonen. Dette er de samme oljelisensene vi har g\u00e5tt til sak mot, i det mye omtalte klimas\u00f8ksm\u00e5let. Hvilken betydning det f\u00e5r er forel\u00f8pig uviss, men det viser bare hvor lite milj\u00f8hensyn som ble tatt da staten delte ut disse kontroversielle oljelisensene. <\/p>\n","protected":false},"excerpt":{"rendered":"<p>Hvor og hvordan skal iskantsonen defineres? Vi mener at politikerne m\u00e5 lytte til sine egne fageksperter n\u00e5r de skal definere iskanten.<\/p>\n","protected":false},"author":27,"featured_media":51152,"comment_status":"closed","ping_status":"open","sticky":false,"template":"","format":"standard","meta":{"ep_exclude_from_search":false,"p4_og_title":"","p4_og_description":"","p4_og_image":"","p4_og_image_id":"","p4_seo_canonical_url":"","p4_campaign_name":"not set","p4_local_project":"not set","p4_basket_name":"not set","p4_department":"","footnotes":""},"categories":[59],"tags":[32,66,29],"p4-page-type":[16],"class_list":["post-2904","post","type-post","status-publish","format-standard","has-post-thumbnail","hentry","category-hav","tag-beskytthavet","tag-arktis","tag-fossilenergi","p4-page-type-nyheter"],"_links":{"self":[{"href":"https:\/\/www.greenpeace.org\/norway\/wp-json\/wp\/v2\/posts\/2904","targetHints":{"allow":["GET"]}}],"collection":[{"href":"https:\/\/www.greenpeace.org\/norway\/wp-json\/wp\/v2\/posts"}],"about":[{"href":"https:\/\/www.greenpeace.org\/norway\/wp-json\/wp\/v2\/types\/post"}],"author":[{"embeddable":true,"href":"https:\/\/www.greenpeace.org\/norway\/wp-json\/wp\/v2\/users\/27"}],"replies":[{"embeddable":true,"href":"https:\/\/www.greenpeace.org\/norway\/wp-json\/wp\/v2\/comments?post=2904"}],"version-history":[{"count":6,"href":"https:\/\/www.greenpeace.org\/norway\/wp-json\/wp\/v2\/posts\/2904\/revisions"}],"predecessor-version":[{"id":57276,"href":"https:\/\/www.greenpeace.org\/norway\/wp-json\/wp\/v2\/posts\/2904\/revisions\/57276"}],"wp:featuredmedia":[{"embeddable":true,"href":"https:\/\/www.greenpeace.org\/norway\/wp-json\/wp\/v2\/media\/51152"}],"wp:attachment":[{"href":"https:\/\/www.greenpeace.org\/norway\/wp-json\/wp\/v2\/media?parent=2904"}],"wp:term":[{"taxonomy":"category","embeddable":true,"href":"https:\/\/www.greenpeace.org\/norway\/wp-json\/wp\/v2\/categories?post=2904"},{"taxonomy":"post_tag","embeddable":true,"href":"https:\/\/www.greenpeace.org\/norway\/wp-json\/wp\/v2\/tags?post=2904"},{"taxonomy":"p4-page-type","embeddable":true,"href":"https:\/\/www.greenpeace.org\/norway\/wp-json\/wp\/v2\/p4-page-type?post=2904"}],"curies":[{"name":"wp","href":"https:\/\/api.w.org\/{rel}","templated":true}]}}