{"id":2964,"date":"2020-02-14T18:12:51","date_gmt":"2020-02-14T16:12:51","guid":{"rendered":"https:\/\/www.greenpeace.org\/norway\/?p=2964"},"modified":"2023-08-30T11:38:17","modified_gmt":"2023-08-30T10:38:17","slug":"fortum-slutt-med-kull","status":"publish","type":"post","link":"https:\/\/www.greenpeace.org\/norway\/nyheter\/energi\/fortum-slutt-med-kull\/","title":{"rendered":"Fortum, slutt med kull!"},"content":{"rendered":"\n<figure class=\"wp-block-image  caption-style-blue-overlay caption-alignment-center\"><img decoding=\"async\" src=\"https:\/\/lh3.googleusercontent.com\/MeBKyCvv9UqFQKQsblZArLY6SvOiNdiBdDbhJUFY2tRs2De-QrBpZtBpfUTh4aJKIm1T7cBUZ6bKeDPCj1EnRyBEvLPx5SHIpW3dROM32U5fKSlGI5F3VzS1CVYNcryPCFbvkCzg\" alt=\"\"\/><figcaption class=\"wp-element-caption\">To representanter fra Fortum kom ut og hilste p\u00e5 de fremm\u00f8tte Greenpeace-aktivistene. Den ene var finansdirekt\u00f8r Markus Rauramo.  \u00a9 Johanna Hanno\/Greenpeace <\/figcaption><\/figure>\n\n<p><strong>Representanter fra det finske selskapet Fortum bes\u00f8kte investeringsbanken SEB i Oslo fredag. Aktivister fra Greenpeace var p\u00e5 plass med bannere for \u00e5 vise Fortums utsendte hva vi mener om at de skal \u00f8ke investeringene i et av verdens st\u00f8rste kullselskaper.<\/strong><\/p>\n\n<p>To representanter fra Fortum kom ut og hilste p\u00e5 de fremm\u00f8tte aktivistene. Den ene var finansdirekt\u00f8r Markus Rauramo. Vi uttrykte bekymringene v\u00e5re rundt at Fortums kj\u00f8per seg opp i kullverstingen Uniper, og mens Rauramo roste arbeidet selskapet har gjort med \u00e5 avvikle kullkraft, kunne han ikke forsikre oss om at Fortum eller Uniper vil ha en plan for utfasing av kull som vil v\u00e6re i tr\u00e5d med Parisavtalen i den n\u00e6rmeste framtiden. Ikke bare mangler de en kullutfasingsplan, men Uniper planlegger faktisk \u00e5 \u00e5pne Datteln 4, et nytt kullkraftverk, i Tyskland til sommeren.  Dette er sv\u00e6rt bekymringsverdig.<\/p>\n\n<p>\u2013 Vi hadde en hyggelig prat med to av sjefene fra Fortum. Vi konfronterte dem med klimakonsekvensene av at de blir majoritetseiere i Uniper, og h\u00e5per at de tar dette innover seg, sier Frode Pleym, leder i Greenpeace Norge.<\/p>\n\n<p>Fortum eier blant annet Norges Energi og Oslo Fortum Varme, og skal n\u00e5 \u00f8ke eierandelen sin i kullverstingen Uniper. Uniper er et av de st\u00f8rste kullselskapene i Europa, og f\u00f8lgelig en av de verste forurenserne i Europa. Fortum eier i dag 49,9 prosent av selskapet, men jobber med \u00e5 ta over 70 prosent av aksjene. Dette oppkj\u00f8pet finansieres delvis av SEB.<\/p>\n\n<figure class=\"wp-block-image  caption-style-blue-overlay caption-alignment-center\"><img decoding=\"async\" src=\"https:\/\/lh3.googleusercontent.com\/RADA3b1rw9OAguvvC813Bnw1QhP3micy3shLd5f8EjGNxM5woQ5yVxP5ocbA88YHT7f2Ox7G_at7L1IsNdPiF0GHA3a5N_9eKFHMSQzXo_WcmjmZDSfWBzdI4-3ILzMP472uD3bw\" alt=\"\"\/><figcaption class=\"wp-element-caption\">  \u00a9 Johanna Hanno\/Greenpeace  <\/figcaption><\/figure>\n\n<p>Bannerteksten \u201cSuomea suurempi saastuttaja\u201d, \u201cSt\u00f8rre forurenser enn Finland\u201d, referer til at Fortum allerede n\u00e5 har et st\u00f8rre st\u00f8rre karbonfotavtrykk enn hele Finlands samlede nasjonale utslipp (jf. selskapets egne tall fra 2018). Det varslede oppkj\u00f8pet vil \u00f8ke klimafotavtrykket vesentlig.<\/p>\n\n<p>Vi krever at Fortum:<\/p>\n\n<ul class=\"wp-block-list\">\n<li>Forplikter seg til \u00e5 utvikle en plan for \u00e5 fase ut kullbasert virksomhet innen 2030. Dette m\u00e5 ogs\u00e5 inkludere Unipers virksomhet, og utfasingsplanen m\u00e5 v\u00e6re i tr\u00e5d med Paris-avtalen.<\/li>\n\n\n\n<li>Stanser \u00e5pningen av Datteln 4, et nytt kullkraftverk i Tyskland. <\/li>\n\n\n\n<li>S\u00f8rger for at Uniper dropper planene sine om \u00e5 saks\u00f8ke den nederlandske regjeringen fordi den vil forplikte seg til Parisavtalens m\u00e5l og fase ut kull.<\/li>\n<\/ul>\n\n<figure class=\"wp-block-image  caption-style-blue-overlay caption-alignment-center\"><img decoding=\"async\" src=\"https:\/\/lh3.googleusercontent.com\/wE1KlKowZs8WSpC8UX08mmFKN5D6vy1sYdMTd2dLwNQn1rlS1-2v7ke39kjwvG-g4L8GMH9GSAFMCEnktXPnF1F85Ora5OiyfqDLHixMoTc5xca42sDwZAib6oLwZddPIRGfmIPa\" alt=\"\"\/><figcaption class=\"wp-element-caption\">  \u00a9 Johanna Hanno\/Greenpeace  <\/figcaption><\/figure>\n\n<p><\/p>\n\t\t\t<section\n\t\t\tclass=\"boxout post-1229 \"\n\t\t\t\n\t\t>\n\t\t\t<a\n\t\t\t\tdata-ga-category=\"Take Action Boxout\"\n\t\t\t\tdata-ga-action=\"Image\"\n\t\t\t\tdata-ga-label=\"n\/a\"\n\t\t\t\tclass=\"cover-card-overlay\"\n\t\t\t\thref=\"https:\/\/www.greenpeace.org\/norway\/vaer-med\/stott-oss\/\" \n\t\t\t><\/a>\n\t\t\t\t\t\t\t<img\n\t\t\t\t\t\tsrc=\"https:\/\/www.greenpeace.org\/static\/planet4-norway-stateless\/2022\/02\/487ac5d0-gp1swsny-1024x767.jpg\"\n\t\t\t\t\t\tsrcset=\"https:\/\/www.greenpeace.org\/static\/planet4-norway-stateless\/2022\/02\/487ac5d0-gp1swsny-300x225.jpg 300w, https:\/\/www.greenpeace.org\/static\/planet4-norway-stateless\/2022\/02\/487ac5d0-gp1swsny-1024x767.jpg 1024w, https:\/\/www.greenpeace.org\/static\/planet4-norway-stateless\/2022\/02\/487ac5d0-gp1swsny-768x575.jpg 768w, https:\/\/www.greenpeace.org\/static\/planet4-norway-stateless\/2022\/02\/487ac5d0-gp1swsny-454x340.jpg 454w, https:\/\/www.greenpeace.org\/static\/planet4-norway-stateless\/2022\/02\/487ac5d0-gp1swsny.jpg 1200w\"\n\t\t\t\t\t\tsizes=\"(min-width: 1000px) 358px, (min-width: 780px) 313px, 88px\"\n\t\t\t\t\t\talt=\"Flyfoto av en \u00f8y formet som et hjerte\" title=\"Flyfoto av en \u00f8y formet som et hjerte\"\n\t\t\t\t\/>\n            \t\t\t<div class=\"boxout-content\">\n\t\t\t\t\t\t\t\t\t<a\n\t\t\t\t\t\tclass=\"boxout-heading medium\"\n\t\t\t\t\t\tdata-ga-category=\"Take Action Boxout\"\n\t\t\t\t\t\tdata-ga-action=\"Title\"\n\t\t\t\t\t\tdata-ga-label=\"n\/a\"\n\t\t\t\t\t\thref=\"https:\/\/www.greenpeace.org\/norway\/vaer-med\/stott-oss\/\"\n\t\t\t\t\t\t\n\t\t\t\t\t>\n\t\t\t\t\t\tSt\u00f8tt arbeidet v\u00e5rt for klima og milj\u00f8\n\t\t\t\t\t<\/a>\n\t\t\t\t\t\t\t\t\t\t\t\t\t<p class=\"boxout-excerpt\">Sammen utgj\u00f8r vi en forskjell for den s\u00e5rbare planeten v\u00e5r.<\/p>\n\t\t\t\t                                    <a\n                        class=\"btn btn-primary\"\n                        data-ga-category=\"Take Action Boxout\"\n                        data-ga-action=\"Call to Action\"\n                        data-ga-label=\"n\/a\"\n                        href=\"https:\/\/www.greenpeace.org\/norway\/vaer-med\/stott-oss\/\"\n                        \n                    >\n                        V\u00e6r med\n                    <\/a>\n                \t\t\t<\/div>\n\t\t\t\t\t<\/section>\n\t","protected":false},"excerpt":{"rendered":"<p>Representanter fra det finske selskapet Fortum bes\u00f8kte investeringsbanken SEB i Oslo fredag. Aktivister fra Greenpeace var p\u00e5 plass med bannere.<\/p>\n","protected":false},"author":27,"featured_media":2967,"comment_status":"open","ping_status":"open","sticky":false,"template":"","format":"standard","meta":{"ep_exclude_from_search":false,"p4_og_title":"","p4_og_description":"","p4_og_image":"","p4_og_image_id":"","p4_seo_canonical_url":"","p4_campaign_name":"not set","p4_local_project":"not set","p4_basket_name":"not set","p4_department":"","footnotes":""},"categories":[58],"tags":[29,30,73],"p4-page-type":[16],"class_list":["post-2964","post","type-post","status-publish","format-standard","has-post-thumbnail","hentry","category-energi","tag-fossilenergi","tag-klimaeffekter","tag-finans","p4-page-type-nyheter"],"_links":{"self":[{"href":"https:\/\/www.greenpeace.org\/norway\/wp-json\/wp\/v2\/posts\/2964","targetHints":{"allow":["GET"]}}],"collection":[{"href":"https:\/\/www.greenpeace.org\/norway\/wp-json\/wp\/v2\/posts"}],"about":[{"href":"https:\/\/www.greenpeace.org\/norway\/wp-json\/wp\/v2\/types\/post"}],"author":[{"embeddable":true,"href":"https:\/\/www.greenpeace.org\/norway\/wp-json\/wp\/v2\/users\/27"}],"replies":[{"embeddable":true,"href":"https:\/\/www.greenpeace.org\/norway\/wp-json\/wp\/v2\/comments?post=2964"}],"version-history":[{"count":10,"href":"https:\/\/www.greenpeace.org\/norway\/wp-json\/wp\/v2\/posts\/2964\/revisions"}],"predecessor-version":[{"id":57483,"href":"https:\/\/www.greenpeace.org\/norway\/wp-json\/wp\/v2\/posts\/2964\/revisions\/57483"}],"wp:featuredmedia":[{"embeddable":true,"href":"https:\/\/www.greenpeace.org\/norway\/wp-json\/wp\/v2\/media\/2967"}],"wp:attachment":[{"href":"https:\/\/www.greenpeace.org\/norway\/wp-json\/wp\/v2\/media?parent=2964"}],"wp:term":[{"taxonomy":"category","embeddable":true,"href":"https:\/\/www.greenpeace.org\/norway\/wp-json\/wp\/v2\/categories?post=2964"},{"taxonomy":"post_tag","embeddable":true,"href":"https:\/\/www.greenpeace.org\/norway\/wp-json\/wp\/v2\/tags?post=2964"},{"taxonomy":"p4-page-type","embeddable":true,"href":"https:\/\/www.greenpeace.org\/norway\/wp-json\/wp\/v2\/p4-page-type?post=2964"}],"curies":[{"name":"wp","href":"https:\/\/api.w.org\/{rel}","templated":true}]}}