{"id":2969,"date":"2020-02-18T11:13:32","date_gmt":"2020-02-18T09:13:32","guid":{"rendered":"https:\/\/www.greenpeace.org\/norway\/?p=2969"},"modified":"2023-08-10T11:16:17","modified_gmt":"2023-08-10T10:16:17","slug":"fire-grunner-til-at-vi-trenger-en-ny-fn-avtale-for-a-redde-havet","status":"publish","type":"post","link":"https:\/\/www.greenpeace.org\/norway\/fakta\/hav\/fire-grunner-til-at-vi-trenger-en-ny-fn-avtale-for-a-redde-havet\/","title":{"rendered":"Fire grunner til at vi trenger en ny FN-avtale for \u00e5 redde havet"},"content":{"rendered":"\n<figure class=\"wp-block-image caption-style-blue-overlay caption-alignment-center\"><img decoding=\"async\" src=\"https:\/\/lh6.googleusercontent.com\/BYBeO-Kz99LRUx2mxanMoQh7-41ZDtD_jvII26EOwPzmlej0nHoJPXe74cSNwe_JyGDpZIhtFpLEc6uHE4B_gm6cYzeLY7gduN9jDn7kqpWUutiSecsNumokGksWh0TV8rrrcG1R\" alt=\"\"\/><\/figure>\n\n<p><strong>I FN forhandler verdens land n\u00e5 om en global havavtale. Kort forklart skal verden bli enige om reglene for hvordan vi forvalter havomr\u00e5dene i internasjonalt farvann. Dette er havomr\u00e5der utenfor noen lands grenser, og landene m\u00e5 derfor bli enige gjennom FN om hvordan vi skal ta vare p\u00e5 dem.&nbsp;<\/strong><\/p>\n\n<p><a href=\"https:\/\/www.greenpeace.org\/norway\/vaer-med\/beskytt-havet\/beskytt-havene\/\">Vil du v\u00e6re med og beskytte mer hav? Skriv under og st\u00f8tt kampanjen v\u00e5r for \u00e5 verne havet.<\/a><\/p>\n\n<p><strong>Her er fire grunner til at vi trenger en ny FN-avtale for \u00e5 redde havet<\/strong>:<\/p>\n\n<h2 class=\"wp-block-heading\">1. Klimaendringer, overfiske og plast truer havet<\/h2>\n\n<p>Havet sliter i dag p\u00e5 mange fronter. Klimaendringer og overfiske er if\u00f8lge <a href=\"https:\/\/www.nrk.no\/natur\/ny-rapport-om-naturens-tilstand-far-fn-til-a-sla-alarm_-_-vanvittig-skummelt-1.14538875\">FNs naturpanel de st\u00f8rste truslene mot livet i havet<\/a>. Naturpanelet har konkludert med at hvert tredje marine pattedyr er truet av utryddelse. P\u00e5 toppen av dette har du plastforurensning, som skaper mer stress for livet i havet. De fleste husker for eksempel hvalen som ble funnet p\u00e5 Sotra med 30 plastposer i magen. For at livet i havet skal kunne styrke seg er det viktig at store, sammenhengende omr\u00e5der vernes. Og en sterk, global havavtale vil gj\u00f8re det lettere \u00e5 verne mer hav.<\/p>\n\t\t\t<section\n\t\t\tclass=\"boxout post-1229  sticky-bottom-mobile collapse show\"\n\t\t\tid=\"action-card\"\n\t\t>\n\t\t\t<a\n\t\t\t\tdata-ga-category=\"Take Action Boxout\"\n\t\t\t\tdata-ga-action=\"Image\"\n\t\t\t\tdata-ga-label=\"n\/a\"\n\t\t\t\tclass=\"cover-card-overlay\"\n\t\t\t\thref=\"https:\/\/www.greenpeace.org\/norway\/vaer-med\/stott-oss\/\" \n\t\t\t><\/a>\n\t\t\t\t\t\t\t<img\n\t\t\t\t\t\tsrc=\"https:\/\/www.greenpeace.org\/static\/planet4-norway-stateless\/2022\/02\/487ac5d0-gp1swsny-1024x767.jpg\"\n\t\t\t\t\t\tsrcset=\"https:\/\/www.greenpeace.org\/static\/planet4-norway-stateless\/2022\/02\/487ac5d0-gp1swsny-300x225.jpg 300w, https:\/\/www.greenpeace.org\/static\/planet4-norway-stateless\/2022\/02\/487ac5d0-gp1swsny-1024x767.jpg 1024w, https:\/\/www.greenpeace.org\/static\/planet4-norway-stateless\/2022\/02\/487ac5d0-gp1swsny-768x575.jpg 768w, https:\/\/www.greenpeace.org\/static\/planet4-norway-stateless\/2022\/02\/487ac5d0-gp1swsny-454x340.jpg 454w, https:\/\/www.greenpeace.org\/static\/planet4-norway-stateless\/2022\/02\/487ac5d0-gp1swsny.jpg 1200w\"\n\t\t\t\t\t\tsizes=\"(min-width: 1000px) 358px, (min-width: 780px) 313px, 88px\"\n\t\t\t\t\t\talt=\"Flyfoto av en \u00f8y formet som et hjerte\" title=\"Flyfoto av en \u00f8y formet som et hjerte\"\n\t\t\t\t\/>\n            \t\t\t<div class=\"boxout-content\">\n\t\t\t\t\t\t\t\t\t<a\n\t\t\t\t\t\tclass=\"boxout-heading medium\"\n\t\t\t\t\t\tdata-ga-category=\"Take Action Boxout\"\n\t\t\t\t\t\tdata-ga-action=\"Title\"\n\t\t\t\t\t\tdata-ga-label=\"n\/a\"\n\t\t\t\t\t\thref=\"https:\/\/www.greenpeace.org\/norway\/vaer-med\/stott-oss\/\"\n\t\t\t\t\t\t\n\t\t\t\t\t>\n\t\t\t\t\t\tSt\u00f8tt arbeidet v\u00e5rt for klima og milj\u00f8\n\t\t\t\t\t<\/a>\n\t\t\t\t\t\t\t\t\t\t\t\t\t<p class=\"boxout-excerpt\">Sammen utgj\u00f8r vi en forskjell for den s\u00e5rbare planeten v\u00e5r.<\/p>\n\t\t\t\t                                    <a\n                        class=\"btn btn-primary\"\n                        data-ga-category=\"Take Action Boxout\"\n                        data-ga-action=\"Call to Action\"\n                        data-ga-label=\"n\/a\"\n                        href=\"https:\/\/www.greenpeace.org\/norway\/vaer-med\/stott-oss\/\"\n                        \n                    >\n                        V\u00e6r med\n                    <\/a>\n                \t\t\t<\/div>\n\t\t\t\t\t\t\t<a\n\t\t\t\t\tclass=\"not-now\"\n\t\t\t\t\trole=\"button\"\n\t\t\t\t\tdata-bs-toggle=\"collapse\"\n\t\t\t\t\thref=\"#action-card\"\n\t\t\t\t><\/a>\n\t\t\t\t\t<\/section>\n\t\n<h2 class=\"wp-block-heading\">2. Forskerne sier at hav m\u00e5 vernes<\/h2>\n\n<p>For \u00e5 sikre havet for framtiden sier forskerne at minst 30 prosent av havet m\u00e5 vernes innen 2030. Vernet m\u00e5 v\u00e6re av streng karakter, og industriaktivitet som fiske og gruvedrift p\u00e5 havbunnen m\u00e5 ikke tillates. I dag er mindre enn 1 prosent av havet strengt vernet. En sterk havavtale vil gj\u00f8re det lettere \u00e5 verne hjemmet til dyr som hvaler og skilpadder, og skal vi klare \u00e5 verne 30 prosent har vi d\u00e5rlig tid.<\/p>\n\n<figure class=\"wp-block-image caption-style-blue-overlay caption-alignment-center\"><img decoding=\"async\" src=\"https:\/\/lh4.googleusercontent.com\/pPG66bH6oadcCH_BFPkX9Ktl78hR0h2k-wMEjMJV-Vk_m2BIduqg93mN49tn6wUDHjHVKZM91pZF3Mn8dSKeCq1gEGnWMcEqTSVNvua5dxYu-7-eAGYz9s0UtDFbDY2bvbAo_0QR\" alt=\"\"\/><\/figure>\n\n<h2 class=\"wp-block-heading\">3. Dagens regelverk gj\u00f8r det umulig \u00e5 verne nok hav<\/h2>\n\n<p>I dag finnes det ingen tilfredsstillende m\u00e5te \u00e5 verne havomr\u00e5dene i internasjonalt farvann p\u00e5. Det er et lappeteppe av regelverk, uten at det finnes noen som er ansvarlig for den helhetlige forvaltningen av unike havomr\u00e5der. For eksempel kan en regional fiskeriorganisasjon verne s\u00e5rbar havbunn mot bunnfiske, samtidig som den internasjonale havbunnmyndigheten (ISA) kan tillate \u00f8deleggende gruvedrift i det samme omr\u00e5det. En havavtale kan, om den utformes riktig, s\u00f8rge for at noen f\u00e5r ansvar for en helhetlig forvaltning som tar vare p\u00e5 \u00f8kosystemene.<\/p>\n\n<p><strong>LES OGS\u00c5: <a href=\"https:\/\/www.greenpeace.org\/norway\/nyheter\/8671\/du-har-sett-seaspiracy-pa-netflix-hva-na\/\">Du har sett Seaspiracy p\u00e5 Netflix \u2013 hva n\u00e5?<\/a><\/strong><br><\/p>\n\n<h2 class=\"wp-block-heading\">4. Enorme havomr\u00e5der med mangelfull forvaltning<\/h2>\n\n<p>Visste du at to tredjedeler av verdens havomr\u00e5der ligger i internasjonalt farvann? Til sammen dekker disse havomr\u00e5dene nesten halve jordkloden. I disse omr\u00e5dene finner man unikt biologisk mangfold som n\u00e5 er truet, uten at det finnes en god m\u00e5te \u00e5 verne dem p\u00e5. En sterk havavtale kan endre dette, og s\u00f8rge for at det blir fortgang i \u00e5 verne internasjonale havomr\u00e5der. Slik kan en sikre at minst 30 prosent av havet vernes innen 2030.<\/p>\n","protected":false},"excerpt":{"rendered":"<p>I FN forhandler verdens land n\u00e5 om en global havavtale. Verdens land skal bli enige om reglene for hvordan vi forvalter havomr\u00e5dene i internasjonalt farvann.<\/p>\n","protected":false},"author":27,"featured_media":2970,"comment_status":"closed","ping_status":"open","sticky":false,"template":"","format":"standard","meta":{"ep_exclude_from_search":false,"p4_og_title":"Fire grunner til at FN m\u00e5 verne havet","p4_og_description":"","p4_og_image":"","p4_og_image_id":"","p4_seo_canonical_url":"","p4_campaign_name":"not set","p4_local_project":"not set","p4_basket_name":"not set","p4_department":"","footnotes":""},"categories":[59],"tags":[32,30,34],"p4-page-type":[49],"class_list":["post-2969","post","type-post","status-publish","format-standard","has-post-thumbnail","hentry","category-hav","tag-beskytthavet","tag-klimaeffekter","tag-naturkrise","p4-page-type-fakta"],"_links":{"self":[{"href":"https:\/\/www.greenpeace.org\/norway\/wp-json\/wp\/v2\/posts\/2969","targetHints":{"allow":["GET"]}}],"collection":[{"href":"https:\/\/www.greenpeace.org\/norway\/wp-json\/wp\/v2\/posts"}],"about":[{"href":"https:\/\/www.greenpeace.org\/norway\/wp-json\/wp\/v2\/types\/post"}],"author":[{"embeddable":true,"href":"https:\/\/www.greenpeace.org\/norway\/wp-json\/wp\/v2\/users\/27"}],"replies":[{"embeddable":true,"href":"https:\/\/www.greenpeace.org\/norway\/wp-json\/wp\/v2\/comments?post=2969"}],"version-history":[{"count":15,"href":"https:\/\/www.greenpeace.org\/norway\/wp-json\/wp\/v2\/posts\/2969\/revisions"}],"predecessor-version":[{"id":56987,"href":"https:\/\/www.greenpeace.org\/norway\/wp-json\/wp\/v2\/posts\/2969\/revisions\/56987"}],"wp:featuredmedia":[{"embeddable":true,"href":"https:\/\/www.greenpeace.org\/norway\/wp-json\/wp\/v2\/media\/2970"}],"wp:attachment":[{"href":"https:\/\/www.greenpeace.org\/norway\/wp-json\/wp\/v2\/media?parent=2969"}],"wp:term":[{"taxonomy":"category","embeddable":true,"href":"https:\/\/www.greenpeace.org\/norway\/wp-json\/wp\/v2\/categories?post=2969"},{"taxonomy":"post_tag","embeddable":true,"href":"https:\/\/www.greenpeace.org\/norway\/wp-json\/wp\/v2\/tags?post=2969"},{"taxonomy":"p4-page-type","embeddable":true,"href":"https:\/\/www.greenpeace.org\/norway\/wp-json\/wp\/v2\/p4-page-type?post=2969"}],"curies":[{"name":"wp","href":"https:\/\/api.w.org\/{rel}","templated":true}]}}