{"id":3144,"date":"2020-02-24T07:00:00","date_gmt":"2020-02-24T06:00:00","guid":{"rendered":"https:\/\/www.greenpeace.org\/norway\/?p=3144"},"modified":"2023-08-24T15:11:29","modified_gmt":"2023-08-24T14:11:29","slug":"miljoorganisasjoner-anker-klimadom","status":"publish","type":"post","link":"https:\/\/www.greenpeace.org\/norway\/nyheter\/klimaendringer\/miljoorganisasjoner-anker-klimadom\/","title":{"rendered":"Milj\u00f8organisasjoner anker klimadom"},"content":{"rendered":"\n<figure class=\"wp-block-image size-large  caption-style-blue-overlay caption-alignment-center\"><img loading=\"lazy\" decoding=\"async\" width=\"2606\" height=\"1446\" src=\"https:\/\/www.greenpeace.org\/static\/planet4-norway-stateless\/2020\/02\/76e3f1c2-screenshot-2020-02-24-at-15.40.38.png\" alt=\"\" class=\"wp-image-3186\"\/><\/figure>\n\n<p>Samtidig som politikerne diskuterer hvor iskanten skal g\u00e5, st\u00e5r det siste slaget i retten for klimas\u00f8ksm\u00e5let mot den norske stat for tildelingen av nye oljelisenser i Barentshavet. I dag anker milj\u00f8organisasjonene til H\u00f8yesterett.<\/p>\n\n<p>Natur og Ungdom og Greenpeace har saks\u00f8kt den norske staten for \u00e5pningen av ny oljeboring i Barentshavet gjennom 23. konsesjonsrunde. Besteforeldrenes klimaaksjon og Naturvernforbundet er partshjelpere. Organisasjonene mener at oljeboringen bryter med <a href=\"https:\/\/lovdata.no\/lov\/1814-05-17\/%C2%A7112\">milj\u00f8paragrafen \u00a7 112<\/a>&nbsp; i Grunnloven som sl\u00e5r fast at borgerne har rett til et levelig milj\u00f8 og at staten skal iverksette tiltak som sikrer denne retten.<\/p>\n\n<p>\u2013 Verden har allerede funnet mer olje, kull og gass enn vi kan brenne dersom vi skal unng\u00e5 katastrofale klimaendringer. Selvsagt har Norge et ansvar for ikke \u00e5 produsere mer olje enn hva klimaet t\u00e5ler. \u00c5 lete etter mer olje er \u00e5 torpedere framtidige generasjoners sjanse til \u00e5 vokse opp i et sunt klima, sier Therese Hugstmyr Woie, leder i Natur og Ungdom.<\/p>\n\n<p>Borgarting lagmannsrett frikjente staten i januar da retten mente at utslippene fra oljetillatelsene i Arktis ikke er store nok til \u00e5 regnes som brudd p\u00e5 Grunnloven.<\/p>\n\n<p>\u2013 Det kan ikke v\u00e6re slik at det er greit \u00e5 skade verdens klima, s\u00e5 lenge det gj\u00f8res bit for bit. Vi h\u00e5per H\u00f8yesterett vil legge til grunn at verdens klima er et globalt problem og at Norges innvirkning er stor. Bruken av norskprodusert olje og gass ute i verden bidrar til 10 ganger h\u00f8yere klimautslipp enn summen av Norges nasjonale utslipp, sier Frode Pleym, leder i Greenpeace Norge.&nbsp;<\/p>\n\n<figure class=\"wp-block-image size-large  caption-style-blue-overlay caption-alignment-center\"><img loading=\"lazy\" decoding=\"async\" width=\"1024\" height=\"665\" src=\"https:\/\/www.greenpeace.org\/static\/planet4-norway-stateless\/2019\/10\/99aee469-culture2-1024x665.jpg\" alt=\"\" class=\"wp-image-2015\" srcset=\"https:\/\/www.greenpeace.org\/static\/planet4-norway-stateless\/2019\/10\/99aee469-culture2-1024x665.jpg 1024w, https:\/\/www.greenpeace.org\/static\/planet4-norway-stateless\/2019\/10\/99aee469-culture2-300x195.jpg 300w, https:\/\/www.greenpeace.org\/static\/planet4-norway-stateless\/2019\/10\/99aee469-culture2-768x499.jpg 768w, https:\/\/www.greenpeace.org\/static\/planet4-norway-stateless\/2019\/10\/99aee469-culture2-2048x1329.jpg 2048w, https:\/\/www.greenpeace.org\/static\/planet4-norway-stateless\/2019\/10\/99aee469-culture2-510x331.jpg 510w\" sizes=\"auto, (max-width: 1024px) 100vw, 1024px\" \/><\/figure>\n\n<p>Likevel vant milj\u00f8organisasjonene p\u00e5 et viktig punkt i lagmannsretten.<\/p>\n\n<p>\u2013 Lagmannsretten er klar p\u00e5 at Norge har et ansvar for oljen vi tar opp av bakken, ogs\u00e5 den som forbrennes i andre land. Dette er et viktig prinsipp. Et form\u00e5l med anken er \u00e5 f\u00e5 utdypet videre hva dette betyr for norske utslipp fra ny, stor petroleumsutvinning i de nordligste omr\u00e5dene, sier advokat i saken, Emanuel Feinberg.<\/p>\n\n<p>Saks\u00f8kerne m\u00e5 ikke betale motpartens, alts\u00e5 statens, saksomkostninger, slik det er vanlig.&nbsp; Dette er en sak som h\u00f8rer hjemme i det norske rettssystemet, og det har domstolen anerkjent.<\/p>\n\n<p>\u2013 Vi har tro p\u00e5 at H\u00f8yesterett kommer til \u00e5 sl\u00e5 fast at ny oljeboring i Arktis midt i klimakrisa er grunnlovsstridig, dersom saken kommer opp. Saken er ikke bare prinsipielt viktig, den kan ogs\u00e5 reelt p\u00e5virke Norges klimainnsats, sier Therese Hugstmyr Woie.<\/p>\n\n<p>Foto\/video <a href=\"https:\/\/www.flickr.com\/photos\/naturogungdom\/albums\/72157711635310476\/with\/49020329128\/\">her<\/a> og<a href=\"https:\/\/media.greenpeace.org\/collection\/27MZIFJ8RJ7YI\"><strong> <\/strong>her.<\/a><\/p>\n\n<p>For sp\u00f8rsm\u00e5l, kontakt:<\/p>\n\n<p>Frode Pleym, leder i Greenpeace Norge, 97307378<\/p>\n\n<p>Therese Hugstmyr Woie, leder i Natur og Ungdom, 90727377<br><\/p>\n\n<p>NB: Advokatene Cathrine Hambro og Ketil Lund vil v\u00e6re tilstede p\u00e5 <a href=\"https:\/\/www.facebook.com\/events\/815625205582797\">frokostseminar om klimaanken<\/a> tirsdag 25. februar p\u00e5 <a href=\"https:\/\/www.facebook.com\/pages\/Domus-Juridica\/102147631331170?eid=ARCdom0d011zcpVEbYGCMYbY5UC-BiI52DQu6U2xiy8YeusPV04hgQRMvcPFhdJPFe4KKfQXrOdGikr7\">Domus Juridica<\/a> i Kristian Augusts gate 17 i Oslo.<\/p>\n\n<p><\/p>\n<div class=\"EmptyMessage\">Block content is empty. Check the block&#8217;s settings or remove it.<\/div>","protected":false},"excerpt":{"rendered":"<p>Det siste slaget st\u00e5r i retten for klimas\u00f8ksm\u00e5let mot staten for tildelingen av nye oljelisenser i Barentshavet. Milj\u00f8organisasjonene anker til H\u00f8yesterett.<\/p>\n","protected":false},"author":27,"featured_media":3153,"comment_status":"open","ping_status":"open","sticky":false,"template":"","format":"standard","meta":{"ep_exclude_from_search":false,"p4_og_title":"","p4_og_description":"","p4_og_image":"","p4_og_image_id":"","p4_seo_canonical_url":"","p4_campaign_name":"not set","p4_local_project":"not set","p4_basket_name":"not set","p4_department":"","footnotes":""},"categories":[1],"tags":[30,90],"p4-page-type":[16],"class_list":["post-3144","post","type-post","status-publish","format-standard","has-post-thumbnail","hentry","category-klimaendringer","tag-klimaeffekter","tag-klimarettssaker","p4-page-type-nyheter"],"_links":{"self":[{"href":"https:\/\/www.greenpeace.org\/norway\/wp-json\/wp\/v2\/posts\/3144","targetHints":{"allow":["GET"]}}],"collection":[{"href":"https:\/\/www.greenpeace.org\/norway\/wp-json\/wp\/v2\/posts"}],"about":[{"href":"https:\/\/www.greenpeace.org\/norway\/wp-json\/wp\/v2\/types\/post"}],"author":[{"embeddable":true,"href":"https:\/\/www.greenpeace.org\/norway\/wp-json\/wp\/v2\/users\/27"}],"replies":[{"embeddable":true,"href":"https:\/\/www.greenpeace.org\/norway\/wp-json\/wp\/v2\/comments?post=3144"}],"version-history":[{"count":7,"href":"https:\/\/www.greenpeace.org\/norway\/wp-json\/wp\/v2\/posts\/3144\/revisions"}],"predecessor-version":[{"id":57272,"href":"https:\/\/www.greenpeace.org\/norway\/wp-json\/wp\/v2\/posts\/3144\/revisions\/57272"}],"wp:featuredmedia":[{"embeddable":true,"href":"https:\/\/www.greenpeace.org\/norway\/wp-json\/wp\/v2\/media\/3153"}],"wp:attachment":[{"href":"https:\/\/www.greenpeace.org\/norway\/wp-json\/wp\/v2\/media?parent=3144"}],"wp:term":[{"taxonomy":"category","embeddable":true,"href":"https:\/\/www.greenpeace.org\/norway\/wp-json\/wp\/v2\/categories?post=3144"},{"taxonomy":"post_tag","embeddable":true,"href":"https:\/\/www.greenpeace.org\/norway\/wp-json\/wp\/v2\/tags?post=3144"},{"taxonomy":"p4-page-type","embeddable":true,"href":"https:\/\/www.greenpeace.org\/norway\/wp-json\/wp\/v2\/p4-page-type?post=3144"}],"curies":[{"name":"wp","href":"https:\/\/api.w.org\/{rel}","templated":true}]}}