{"id":3209,"date":"2020-02-28T10:16:37","date_gmt":"2020-02-28T09:16:37","guid":{"rendered":"https:\/\/www.greenpeace.org\/norway\/?p=3209"},"modified":"2023-08-28T13:53:08","modified_gmt":"2023-08-28T12:53:08","slug":"stor-seier-for-klima-og-miljo","status":"publish","type":"post","link":"https:\/\/www.greenpeace.org\/norway\/nyheter\/energi\/stor-seier-for-klima-og-miljo\/","title":{"rendered":"Stor seier for klima og milj\u00f8"},"content":{"rendered":"\n<figure class=\"wp-block-image size-large  caption-style-blue-overlay caption-alignment-center\"><img loading=\"lazy\" decoding=\"async\" width=\"1024\" height=\"768\" src=\"https:\/\/www.greenpeace.org\/static\/planet4-norway-stateless\/2019\/05\/573e7c74-paddle1-1024x768.jpg\" alt=\"\" class=\"wp-image-1631\" srcset=\"https:\/\/www.greenpeace.org\/static\/planet4-norway-stateless\/2019\/05\/573e7c74-paddle1-1024x768.jpg 1024w, https:\/\/www.greenpeace.org\/static\/planet4-norway-stateless\/2019\/05\/573e7c74-paddle1-300x225.jpg 300w, https:\/\/www.greenpeace.org\/static\/planet4-norway-stateless\/2019\/05\/573e7c74-paddle1-768x576.jpg 768w, https:\/\/www.greenpeace.org\/static\/planet4-norway-stateless\/2019\/05\/573e7c74-paddle1-1821x1366.jpg 1821w, https:\/\/www.greenpeace.org\/static\/planet4-norway-stateless\/2019\/05\/573e7c74-paddle1-453x340.jpg 453w, https:\/\/www.greenpeace.org\/static\/planet4-norway-stateless\/2019\/05\/573e7c74-paddle1.jpg 2048w\" sizes=\"auto, (max-width: 1024px) 100vw, 1024px\" \/><\/figure>\n\n<p><strong>Etter mange \u00e5r med <a href=\"https:\/\/www.dagsavisen.no\/debatt\/fa-equinor-ut-av-australbukta-1.1458702\">massiv folkelig motstand mot oljeboring<\/a> i den s\u00e5rbare Australbukta, varsler Equinor at de dropper planene om oljeboring.<\/strong><\/p>\n\n<p>Dette er en enorm seier for Greenpeace og andre organisasjoner som har jobbet mot de kontroversielle oljeplanene. Men f\u00f8rst og fremst er det en seier for australske urfolk, fiskere, lokalt n\u00e6ringsliv og turistindustri. Vi er stolte og glade for \u00e5 ha tatt kampen om disse viktige naturomr\u00e5dene sammen med dem. Seieren i Australbukta er klinkende klar: Det nytter \u00e5 gj\u00f8re motstand!<\/p>\n\n<p>At Equinor trekker seg ut av Australbukta, Australias svar p\u00e5 Lofoten, er et stort skritt i riktig retning. N\u00e5 m\u00e5 de ogs\u00e5 trekke seg ut av Arktis og skrinlegge alle planer om mer oljeutvinning i Barentshavet. Verdens klima t\u00e5ler ikke ny oljeutvinning. V\u00e5rt krav til Equinor og resten av oljeindustrien er enkelt: La olja ligge og g\u00e5 tungt inn i fornybar energi!<strong> <\/strong>Slik redder vi klimaet og sikrer trygge arbeidsplasser.<\/p>\n\n<p>Australbukta er en unik naturperle og forskere mener at<a href=\"http:\/\/www.misa.net.au\/research\/collaborative_research_science_program_-_the_gab\"> 85 prosent av artene som bor der ikke finnes noe annet sted p\u00e5 jorden<\/a>. Den planlagte oljeboringen med seismikkskyting og oljes\u00f8l ville utvilsomt kunne hatt katastrofale f\u00f8lger for det unike havmilj\u00f8et. Den eneste m\u00e5ten man kan beskytte kystsamfunnene og de unike \u00f8kosystemene i Australbukta permanent, er ved \u00e5 slutte \u00e5 lete etter ny olje. Vi forventer at Australias regjering g\u00e5r inn for et boreforbud i bukta.<\/p>\n\n<p>Equinors exit fra Australbukta betyr at noen <em>milliarder <\/em>fat olje forblir i bakken, og at omlag 817 millioner tonn CO2-utslipp holdes unna atmosf\u00e6ren. Det er vanvittig gode nyheter for kloden.<br><\/p>\n","protected":false},"excerpt":{"rendered":"<p>Etter mange \u00e5r med massiv folkelig motstand mot oljeboring i den s\u00e5rbare Australbukta, varsler Equinor at de dropper planene om oljeboring.<\/p>\n","protected":false},"author":27,"featured_media":1632,"comment_status":"open","ping_status":"open","sticky":false,"template":"","format":"standard","meta":{"ep_exclude_from_search":false,"p4_og_title":"","p4_og_description":"","p4_og_image":"","p4_og_image_id":"","p4_seo_canonical_url":"","p4_campaign_name":"not set","p4_local_project":"not set","p4_basket_name":"not set","p4_department":"","footnotes":""},"categories":[58],"tags":[30,41,29,64,93],"p4-page-type":[16],"class_list":["post-3209","post","type-post","status-publish","format-standard","has-post-thumbnail","hentry","category-energi","tag-klimaeffekter","tag-sivilulydighet","tag-fossilenergi","tag-klimakrise","tag-seire","p4-page-type-nyheter"],"_links":{"self":[{"href":"https:\/\/www.greenpeace.org\/norway\/wp-json\/wp\/v2\/posts\/3209","targetHints":{"allow":["GET"]}}],"collection":[{"href":"https:\/\/www.greenpeace.org\/norway\/wp-json\/wp\/v2\/posts"}],"about":[{"href":"https:\/\/www.greenpeace.org\/norway\/wp-json\/wp\/v2\/types\/post"}],"author":[{"embeddable":true,"href":"https:\/\/www.greenpeace.org\/norway\/wp-json\/wp\/v2\/users\/27"}],"replies":[{"embeddable":true,"href":"https:\/\/www.greenpeace.org\/norway\/wp-json\/wp\/v2\/comments?post=3209"}],"version-history":[{"count":6,"href":"https:\/\/www.greenpeace.org\/norway\/wp-json\/wp\/v2\/posts\/3209\/revisions"}],"predecessor-version":[{"id":57427,"href":"https:\/\/www.greenpeace.org\/norway\/wp-json\/wp\/v2\/posts\/3209\/revisions\/57427"}],"wp:featuredmedia":[{"embeddable":true,"href":"https:\/\/www.greenpeace.org\/norway\/wp-json\/wp\/v2\/media\/1632"}],"wp:attachment":[{"href":"https:\/\/www.greenpeace.org\/norway\/wp-json\/wp\/v2\/media?parent=3209"}],"wp:term":[{"taxonomy":"category","embeddable":true,"href":"https:\/\/www.greenpeace.org\/norway\/wp-json\/wp\/v2\/categories?post=3209"},{"taxonomy":"post_tag","embeddable":true,"href":"https:\/\/www.greenpeace.org\/norway\/wp-json\/wp\/v2\/tags?post=3209"},{"taxonomy":"p4-page-type","embeddable":true,"href":"https:\/\/www.greenpeace.org\/norway\/wp-json\/wp\/v2\/p4-page-type?post=3209"}],"curies":[{"name":"wp","href":"https:\/\/api.w.org\/{rel}","templated":true}]}}