{"id":3561,"date":"2020-04-24T11:02:09","date_gmt":"2020-04-24T10:02:09","guid":{"rendered":"https:\/\/www.greenpeace.org\/norway\/?p=3561"},"modified":"2023-08-28T11:00:29","modified_gmt":"2023-08-28T10:00:29","slug":"raser-mot-miljofiendtlig-iskantdefinisjon","status":"publish","type":"post","link":"https:\/\/www.greenpeace.org\/norway\/nyheter\/energi\/raser-mot-miljofiendtlig-iskantdefinisjon\/","title":{"rendered":"Raser mot milj\u00f8fiendtlig iskantdefinisjon"},"content":{"rendered":"\n<figure class=\"wp-block-image size-large  caption-style-blue-overlay caption-alignment-center\"><img loading=\"lazy\" decoding=\"async\" width=\"800\" height=\"534\" src=\"https:\/\/www.greenpeace.org\/static\/planet4-norway-stateless\/2020\/04\/c321a78a-gp0stqyls_web_size_with_credit_line.jpg\" alt=\"\" class=\"wp-image-3562\" srcset=\"https:\/\/www.greenpeace.org\/static\/planet4-norway-stateless\/2020\/04\/c321a78a-gp0stqyls_web_size_with_credit_line.jpg 800w, https:\/\/www.greenpeace.org\/static\/planet4-norway-stateless\/2020\/04\/c321a78a-gp0stqyls_web_size_with_credit_line-300x200.jpg 300w, https:\/\/www.greenpeace.org\/static\/planet4-norway-stateless\/2020\/04\/c321a78a-gp0stqyls_web_size_with_credit_line-768x513.jpg 768w, https:\/\/www.greenpeace.org\/static\/planet4-norway-stateless\/2020\/04\/c321a78a-gp0stqyls_web_size_with_credit_line-510x340.jpg 510w\" sizes=\"auto, (max-width: 800px) 100vw, 800px\" \/><\/figure>\n\n<p>V\u00e5rens mest betent milj\u00f8sak har v\u00e6rt \u00e5 definere hvor <strong>iskantsonen <\/strong>er. N\u00e5 har regjeringen landet p\u00e5 et kompromiss ved \u00e5 flytte den omstridte iskanten s\u00f8rover i den nye forvaltningsplanen for Barentshavet. <strong>Iskanten<\/strong> skal heretter defineres som omr\u00e5det der det er 15 prosent sjanse for sj\u00f8is i april.<\/p>\n\n<p>Greenpeace er sv\u00e6rt kritiske til at de milj\u00f8faglige r\u00e5dene overkj\u00f8res og at regjeringen ikke har fulgt opp sin egen regjeringserkl\u00e6ring. I Granavolden-plattformen st\u00e5r det svart p\u00e5 hvitt at man skal lytte til milj\u00f8ekspertene i faglig forum. Det har ikke regjeringen fulgt, snarere har de trukket en vilk\u00e5rlig grense, definert av politikerne for \u00e5 tilfredsstille oljeindustrien. Greenpeace p\u00e5peker at den nye definisjonen av iskantsonen ikke tar inn over seg den nye kunnskapen om hvor s\u00e5rbar iskantsonen er.<\/p>\n\n<p>\u2013 Hensynet til den klimaskadelige oljeindustrien settes nok en gang foran vitenskapen. Havforskningsinstituttet og Polarinstituttet har advart mot oljeboring i disse omr\u00e5dene, og det er uakseptabel at regjeringen ikke h\u00f8rer p\u00e5 egne milj\u00f8eksperter og intensjonene i Granavolden-plattformen. Det lukter litt Trump av dette, sier Frode Pleym, leder i Greenpeace Norge.<\/p>\n\n<figure class=\"wp-block-image size-large  caption-style-blue-overlay caption-alignment-center\"><img loading=\"lazy\" decoding=\"async\" width=\"1024\" height=\"576\" src=\"https:\/\/www.greenpeace.org\/static\/planet4-norway-stateless\/2020\/04\/57f3b732-pasted-image-0-1024x576.png\" alt=\"\" class=\"wp-image-3566\" srcset=\"https:\/\/www.greenpeace.org\/static\/planet4-norway-stateless\/2020\/04\/57f3b732-pasted-image-0-1024x576.png 1024w, https:\/\/www.greenpeace.org\/static\/planet4-norway-stateless\/2020\/04\/57f3b732-pasted-image-0-300x169.png 300w, https:\/\/www.greenpeace.org\/static\/planet4-norway-stateless\/2020\/04\/57f3b732-pasted-image-0-768x432.png 768w, https:\/\/www.greenpeace.org\/static\/planet4-norway-stateless\/2020\/04\/57f3b732-pasted-image-0-1536x864.png 1536w, https:\/\/www.greenpeace.org\/static\/planet4-norway-stateless\/2020\/04\/57f3b732-pasted-image-0-510x287.png 510w, https:\/\/www.greenpeace.org\/static\/planet4-norway-stateless\/2020\/04\/57f3b732-pasted-image-0.png 1600w\" sizes=\"auto, (max-width: 1024px) 100vw, 1024px\" \/><\/figure>\n\n<p>Ap-leder Jonas Gahr St\u00f8re var tidligere i \u00e5r ute og sa at Ap ville ta mer hensyn til klima og milj\u00f8 i behandlingen av iskanten. N\u00e5 oppfordrer Greenpeace St\u00f8re til \u00e5 vise handlekraft.<\/p>\n\n<p>\u2013 Arbeiderpartiet har tidligere v\u00e6rt ute og sagt at milj\u00f8- og klimahensyn skal vektlegges tyngre. N\u00e5 er tiden inne for \u00e5 gj\u00f8re handling ut av ord, og Ap m\u00e5 sammen med opposisjonen si nei til oljeboring innenfor iskanten. Dette forventer vi ogs\u00e5 at Venstre og Krf blir med p\u00e5., fortsetter Pleym.<\/p>\n\n<p>De milj\u00f8faglige r\u00e5dene gikk alle inn for \u00e5 flytte iskanten s\u00f8rover, fordi ny kunnskap har vist at iskantsonen er mer s\u00e5rbar enn tidligere antatt. Den nye definisjonen har ikke lyttet til denne vitenskapen, men regjeringen har trukket en vilk\u00e5rlig grense for \u00e5 ikke komme i konflikt med oljeindustriens interesser. Hadde regjeringen lyttet til de milj\u00f8faglige r\u00e5dene og flyttet iskantsonen s\u00f8rover ville \u00e5tte allerede tildelte oljelisenser blitt liggende innenfor iskantsonen.&nbsp;<\/p>\n\n<p>\u2013 Troverdigheten til regjering og storting n\u00e5 p\u00e5 spill. Om de ikke h\u00f8rer p\u00e5 forskerne i denne ufattelig viktige saken kan de ikke si at de tar klima og omstilling p\u00e5 alvor. Du kan ikke fortsette som n\u00e5 og gj\u00f8re som oljeindustrien vil, og samtidig ta klima og arbeidsplasser p\u00e5 alvor, fortsetter Pleym.<\/p>\n\n<p>Greenpeace viser til den p\u00e5g\u00e5ende oljepriskrisen og Erna Solbergs uttalelser om at Norge n\u00e5 skal f\u00e5 fart p\u00e5 den gr\u00f8nne omstillingen, og poengterer at denne avgj\u00f8relsen ikke vil sette fart i omstillingen.<\/p>\n\n<p>\u2013 Et fortsatt knefall for oljeindustrien er en trussel mot trygge arbeidsplasser og norsk \u00f8konomi. Med dagens rekordlave oljepriser, og tidshorisonten mellom leting og utvinning, spesielt lengst nord, kommer oljeboring her aldri til \u00e5 gi staten en eneste krone, avslutter Pleym.<\/p>\n<div class=\"EmptyMessage\">Block content is empty. Check the block&#8217;s settings or remove it.<\/div>","protected":false},"excerpt":{"rendered":"<p>V\u00e5rens mest betent milj\u00f8sak har v\u00e6rt \u00e5 definere hvor iskantsonen er. N\u00e5 har regjeringen landet p\u00e5 et kompromiss ved \u00e5 flytte den omstridte iskanten s\u00f8rover.<\/p>\n","protected":false},"author":27,"featured_media":3562,"comment_status":"open","ping_status":"open","sticky":false,"template":"","format":"standard","meta":{"ep_exclude_from_search":false,"p4_og_title":"","p4_og_description":"","p4_og_image":"","p4_og_image_id":"","p4_seo_canonical_url":"","p4_campaign_name":"not set","p4_local_project":"not set","p4_basket_name":"not set","p4_department":"","footnotes":""},"categories":[58],"tags":[34,29,30,64],"p4-page-type":[16],"class_list":["post-3561","post","type-post","status-publish","format-standard","has-post-thumbnail","hentry","category-energi","tag-naturkrise","tag-fossilenergi","tag-klimaeffekter","tag-klimakrise","p4-page-type-nyheter"],"_links":{"self":[{"href":"https:\/\/www.greenpeace.org\/norway\/wp-json\/wp\/v2\/posts\/3561","targetHints":{"allow":["GET"]}}],"collection":[{"href":"https:\/\/www.greenpeace.org\/norway\/wp-json\/wp\/v2\/posts"}],"about":[{"href":"https:\/\/www.greenpeace.org\/norway\/wp-json\/wp\/v2\/types\/post"}],"author":[{"embeddable":true,"href":"https:\/\/www.greenpeace.org\/norway\/wp-json\/wp\/v2\/users\/27"}],"replies":[{"embeddable":true,"href":"https:\/\/www.greenpeace.org\/norway\/wp-json\/wp\/v2\/comments?post=3561"}],"version-history":[{"count":7,"href":"https:\/\/www.greenpeace.org\/norway\/wp-json\/wp\/v2\/posts\/3561\/revisions"}],"predecessor-version":[{"id":57386,"href":"https:\/\/www.greenpeace.org\/norway\/wp-json\/wp\/v2\/posts\/3561\/revisions\/57386"}],"wp:featuredmedia":[{"embeddable":true,"href":"https:\/\/www.greenpeace.org\/norway\/wp-json\/wp\/v2\/media\/3562"}],"wp:attachment":[{"href":"https:\/\/www.greenpeace.org\/norway\/wp-json\/wp\/v2\/media?parent=3561"}],"wp:term":[{"taxonomy":"category","embeddable":true,"href":"https:\/\/www.greenpeace.org\/norway\/wp-json\/wp\/v2\/categories?post=3561"},{"taxonomy":"post_tag","embeddable":true,"href":"https:\/\/www.greenpeace.org\/norway\/wp-json\/wp\/v2\/tags?post=3561"},{"taxonomy":"p4-page-type","embeddable":true,"href":"https:\/\/www.greenpeace.org\/norway\/wp-json\/wp\/v2\/p4-page-type?post=3561"}],"curies":[{"name":"wp","href":"https:\/\/api.w.org\/{rel}","templated":true}]}}