{"id":50183,"date":"2022-02-23T11:12:58","date_gmt":"2022-02-23T10:12:58","guid":{"rendered":"https:\/\/www.greenpeace.org\/norway\/?p=50183"},"modified":"2025-06-06T07:43:28","modified_gmt":"2025-06-06T06:43:28","slug":"klimakrisen-fire-ting-du-kan-gjore","status":"publish","type":"post","link":"https:\/\/www.greenpeace.org\/norway\/tips\/klimaendringer\/klimakrisen-fire-ting-du-kan-gjore\/","title":{"rendered":"Stoppe klimaendringene? Fem ting vi kan gj\u00f8re"},"content":{"rendered":"\n<figure class=\"wp-block-image size-large\"><img loading=\"lazy\" decoding=\"async\" width=\"1024\" height=\"683\" src=\"https:\/\/www.greenpeace.org\/static\/planet4-norway-stateless\/2022\/02\/f9a21404-gp0sttxay-1024x683.jpg\" title=\"Global Climate Strike in Bangkok. \u00a9 Tadchakorn  Kitchaiphon \/ Greenpeace\" alt=\"Aktivist med skilt under en klimademonstrasjon i Bangkok \u00a9 Tadchakorn  Kitchaiphon \/ Greenpeace\" class=\"wp-image-50190\" srcset=\"https:\/\/www.greenpeace.org\/static\/planet4-norway-stateless\/2022\/02\/f9a21404-gp0sttxay-1024x683.jpg 1024w, https:\/\/www.greenpeace.org\/static\/planet4-norway-stateless\/2022\/02\/f9a21404-gp0sttxay-300x200.jpg 300w, https:\/\/www.greenpeace.org\/static\/planet4-norway-stateless\/2022\/02\/f9a21404-gp0sttxay-768x512.jpg 768w, https:\/\/www.greenpeace.org\/static\/planet4-norway-stateless\/2022\/02\/f9a21404-gp0sttxay-510x340.jpg 510w, https:\/\/www.greenpeace.org\/static\/planet4-norway-stateless\/2022\/02\/f9a21404-gp0sttxay.jpg 1200w\" sizes=\"auto, (max-width: 1024px) 100vw, 1024px\" \/><figcaption class=\"wp-element-caption\">Bilde fra en klimademonstrasjon i Bangkok.<div class=\"credit icon-left\"> \u00a9 Tadchakorn  Kitchaiphon \/ Greenpeace<\/div><\/figcaption><\/figure>\n\n<p><em>Denne artikkelen ble sist oppdatert i januar 2025.<\/em><\/p>\n\n<p>Blir du stressa av \u00e5 lese om <a href=\"https:\/\/www.greenpeace.org\/norway\/klimaendringer\/\">klimaendringene<\/a>, klimakrise og naturkrise? F\u00e5r du lyst til \u00e5 gj\u00f8re noe for klima og milj\u00f8, men vet ikke helt hva? Noe av det viktigste du kan gj\u00f8re for \u00e5 bidra til \u00e5 stoppe <strong>klimaendringene<\/strong>, er \u00e5 bli med og legge press p\u00e5 politikere og n\u00e6ringsliv. Her er fire konkrete tips fra oss i Greenpeace.<\/p>\n\n<hr class=\"wp-block-separator has-alpha-channel-opacity\"\/>\n\n<p>F\u00f8ler du deg maktesl\u00f8s n\u00e5r du h\u00f8rer om ekstremv\u00e6r, forurensende selskaper og politikere som ikke handler?<\/p>\n\n<p>Det er ikke rart. Den gr\u00f8nne omstillingen g\u00e5r sakte, og politikere og selskaper tar ikke grep s\u00e5 raskt som planeten v\u00e5r trenger. Vi er allerede i en klimakrise. <a href=\"https:\/\/www.greenpeace.org\/norway\/klimaendringer\/\">Konsekvensene av&nbsp;menneskeskapte klimaendringer<\/a>&nbsp;er enorme. og verden opplever blant annet mer ekstremv\u00e6r, t\u00f8rrere sommere, og varmere og v\u00e5tere vintre.<\/p>\n\n<p>Men vi kan fortsatt begrense klimaendringene og klimakrisen. Her vil vi gjerne dele noen tips til hvordan du kan bli med og utgj\u00f8re en forskjell.<\/p>\n\n<h2 class=\"wp-block-heading\">Politikere og makthavere har ansvar for \u00e5 stoppe klimaendringene<\/h2>\n\n<p>I Greenpeace fokuserer vi mindre p\u00e5 ansvaret som enkeltmennesker har for \u00e5 ta klima- og milj\u00f8vennlige valg i hverdagen, og mer p\u00e5 ansvaret som politikerne og andre makthavere har for \u00e5 redusere CO2-utslippene og<strong> stoppe klimaendringene<\/strong>.<\/p>\n\n<p>Det er politikerne som i det store og det hele sitter p\u00e5 makten til \u00e5 gj\u00f8re endringer som utgj\u00f8r en stor forskjell, som \u00e5 regulere klimaskadelige industrier og innf\u00f8re milj\u00f8- og klimavennlige tiltak og lover.<\/p>\n\n<p>Men for at politikerne og andre makthavere skal handle, er det viktig at de f\u00f8ler p\u00e5 presset fra vanlige folk.<\/p>\n\n<blockquote class=\"bluesky-embed\" data-bluesky-uri=\"at:\/\/did:plc:u3qtwr3xni67et44ip5vov2z\/app.bsky.feed.post\/3lfd4fujys22u\" data-bluesky-cid=\"bafyreifchqobmxrmvy45sf4lvief62ohlwlowbdmlpkbwyj464jdik353i\"><p lang=\"en\">I\u2019m a scientist who studies how climate change impacts our lives and the places we love.\n\nMost of us are worried, but many feel stuck on what to do. If that&#x27;s the way you feel, check out this list below!\n\nWe can\u2019t fix it alone, but I know we can together. \ud83d\udc9a<br><br><a href=\"https:\/\/bsky.app\/profile\/did:plc:u3qtwr3xni67et44ip5vov2z\/post\/3lfd4fujys22u?ref_src=embed\">[image or embed]<\/a><\/p>&mdash; Katharine Hayhoe (<a href=\"https:\/\/bsky.app\/profile\/did:plc:u3qtwr3xni67et44ip5vov2z?ref_src=embed\">@katharinehayhoe.com<\/a>) <a href=\"https:\/\/bsky.app\/profile\/did:plc:u3qtwr3xni67et44ip5vov2z\/post\/3lfd4fujys22u?ref_src=embed\">January 9, 2025 at 5:37 PM<\/a><\/blockquote><script async src=\"https:\/\/embed.bsky.app\/static\/embed.js\" charset=\"utf-8\"><\/script>\n\n<p><em>I denne artikkelen fokuserer vi p\u00e5 endringen vi kan skape n\u00e5r vi st\u00e5r sammen for \u00e5 legge press p\u00e5 makthaverne. <\/em><a href=\"https:\/\/www.greenpeace.org\/norway\/nyheter\/9542\/5-tips-til-hva-du-kan-gjore-for-klimaet\/\"><em>Vil du ha tips til ting du kan gj\u00f8re i hverdagen for \u00e5 leve mer klima- og milj\u00f8vennlig, les denne artikkelen<\/em><\/a><em>.<\/em><\/p>\n\n<h2 class=\"wp-block-heading\">Hva vi kan gj\u00f8re for \u00e5 p\u00e5virke politikere og selskaper til \u00e5 stoppe klimaendringene:<\/h2>\n\n<h3 class=\"wp-block-heading\">1. Snakk med andre og delta i samfunnsdebatten<\/h3>\n\n<p>Snakk med andre om klima og milj\u00f8. Del bekymringer og inspirasjon, og snakk om hva dere kan gj\u00f8re, individuelt og sammen. Mange \u00f8nsker \u00e5 handle, men vet ikke helt hva de skal gj\u00f8re.<\/p>\n\n<p>Du kan ogs\u00e5 dele fakta og meninger om klima og milj\u00f8 i sosiale medier, eller skriv leserinnlegg i lokalavisa for \u00e5 p\u00e5virke politikere og n\u00e6ringsliv i en gr\u00f8nn retning.<\/p>\n\n<p>SE OGS\u00c5: <a href=\"https:\/\/www.greenpeace.org\/norway\/vare-saker\/gode-nyheter-for-klima-og-miljo\/\">Gode nyheter for klima og milj\u00f8<\/a><\/p>\n\n<h3 class=\"wp-block-heading\">2. Skriv under p\u00e5 underskriftskampanjer<\/h3>\n\n<p>En signatur kan kanskje virke liten og ubetydelig, men av erfaring kan underskriftskampanjer bidra til \u00e5 f\u00e5 politikere til \u00e5 handle. Politikerne bryr seg naturligvis om hva folk mener. N\u00e5r vi m\u00f8ter en politiker, er det st\u00f8rre tyngde bak kravene v\u00e5re hvis vi har med oss tusenvis av underskrifter.<br><br>I 2015 skrev 50 000 mennesker under et felles opprop for et kullfritt oljefond. Sammen vant vi fram. I Greenpeace jobber vi ut fra prinsippet om at vi er sterkere sammen. <a href=\"https:\/\/www.greenpeace.org\/norway\/vaer-med\/\">Se de aktive underskriftskampanjene v\u00e5re<\/a>.<\/p>\n\n<h3 class=\"wp-block-heading\">3. Bli med p\u00e5 klimademonstrasjon <\/h3>\n\n<p>Bli med p\u00e5 klimaarrangementer og demonstrasjon, eller arranger din egen demonstrasjon eller markering der du jobber, der du bor eller der du g\u00e5r p\u00e5 skole.<br><br>F\u00f8lg Greenpeace p\u00e5 <a href=\"https:\/\/www.instagram.com\/greenpeacenorge\/\">Instagram<\/a>, <a href=\"https:\/\/www.facebook.com\/greenpeacenorge\">Facebook<\/a>, <a href=\"https:\/\/bsky.app\/profile\/greenpeace.no\">Bluesky<\/a> eller <a href=\"https:\/\/www.tiktok.com\/@greenpeacenorge\">Tik Tok<\/a>, eller <a href=\"https:\/\/www.greenpeace.org\/norway\/vaer-med\/nyhetsbrev\/\">meld deg p\u00e5 nyhetsbrevet v\u00e5rt<\/a> for \u00e5 f\u00e5 tips til demonstrasjoner og markeringer.<\/p>\n\n<p><a href=\"https:\/\/www.greenpeace.org\/norway\/vaer-med\/bli-frivillig\/?utm_medium=email&amp;utm_source=smc&amp;utm_campaign=no_fr_others&amp;utm_content=no_fr_ntl-2021&amp;utm_term=none_none_journey\">Som frivillig i Greenpeace<\/a> kan du bli invitert til aktiviteter og demonstrasjoner som vi ikke annonserer offentlig. Du kan ogs\u00e5 bli med som aktivist.<\/p>\n\t\t\t<section\n\t\t\tclass=\"boxout post-56781 \"\n\t\t\t\n\t\t>\n\t\t\t<a\n\t\t\t\tdata-ga-category=\"Take Action Boxout\"\n\t\t\t\tdata-ga-action=\"Image\"\n\t\t\t\tdata-ga-label=\"n\/a\"\n\t\t\t\tclass=\"cover-card-overlay\"\n\t\t\t\thref=\"https:\/\/www.greenpeace.org\/norway\/vaer-med\/bli-greenpeace-aktivist\/\" \n\t\t\t><\/a>\n\t\t\t\t\t\t\t<img\n\t\t\t\t\t\tsrc=\"https:\/\/www.greenpeace.org\/static\/planet4-norway-stateless\/2023\/07\/ff64498d-09_topten_gp1sx8x8.webp\"\n\t\t\t\t\t\tsrcset=\"https:\/\/www.greenpeace.org\/static\/planet4-norway-stateless\/2023\/07\/ff64498d-09_topten_gp1sx8x8-300x169.webp 300w, https:\/\/www.greenpeace.org\/static\/planet4-norway-stateless\/2023\/07\/ff64498d-09_topten_gp1sx8x8-768x432.webp 768w, https:\/\/www.greenpeace.org\/static\/planet4-norway-stateless\/2023\/07\/ff64498d-09_topten_gp1sx8x8-510x287.webp 510w, https:\/\/www.greenpeace.org\/static\/planet4-norway-stateless\/2023\/07\/ff64498d-09_topten_gp1sx8x8.webp 800w\"\n\t\t\t\t\t\tsizes=\"(min-width: 1000px) 358px, (min-width: 780px) 313px, 88px\"\n\t\t\t\t\t\talt=\"\" title=\"\"\n\t\t\t\t\/>\n            \t\t\t<div class=\"boxout-content\">\n\t\t\t\t\t\t\t\t\t<a\n\t\t\t\t\t\tclass=\"boxout-heading medium\"\n\t\t\t\t\t\tdata-ga-category=\"Take Action Boxout\"\n\t\t\t\t\t\tdata-ga-action=\"Title\"\n\t\t\t\t\t\tdata-ga-label=\"n\/a\"\n\t\t\t\t\t\thref=\"https:\/\/www.greenpeace.org\/norway\/vaer-med\/bli-greenpeace-aktivist\/\"\n\t\t\t\t\t\t\n\t\t\t\t\t>\n\t\t\t\t\t\tBli Greenpeace-aktivist\n\t\t\t\t\t<\/a>\n\t\t\t\t\t\t\t\t\t\t\t\t\t<p class=\"boxout-excerpt\">Det f\u00f8rste steget mot \u00e5 bli Greenpeace-aktivist er \u00e5 delta i kurset \u201cIntroduksjon til sivil ulydighet\u201d. Her f\u00e5r du  l\u00e6re mer om sivil ulydighet og kraften i fredelige aksjoner. Registrer deg i dag.<\/p>\n\t\t\t\t                                    <a\n                        class=\"btn btn-primary\"\n                        data-ga-category=\"Take Action Boxout\"\n                        data-ga-action=\"Call to Action\"\n                        data-ga-label=\"n\/a\"\n                        href=\"https:\/\/www.greenpeace.org\/norway\/vaer-med\/bli-greenpeace-aktivist\/\"\n                        \n                    >\n                        V\u00e6r med\n                    <\/a>\n                \t\t\t<\/div>\n\t\t\t\t\t<\/section>\n\t\n<h3 class=\"wp-block-heading\">4. Bli med i en milj\u00f8organisasjon<\/h3>\n\n<figure class=\"wp-block-embed is-type-video is-provider-youtube wp-block-embed-youtube wp-embed-aspect-16-9 wp-has-aspect-ratio\"><div class=\"wp-block-embed__wrapper\">\n<iframe loading=\"lazy\" title=\"Gr\u00f8nt h\u00e5p, gr\u00f8nn styrke \u2013 framskritt for klima og milj\u00f8 i 2024\" width=\"500\" height=\"281\" src=\"https:\/\/www.youtube.com\/embed\/1lR9YJ4zAaw?feature=oembed\" frameborder=\"0\" allow=\"accelerometer; autoplay; clipboard-write; encrypted-media; gyroscope; picture-in-picture; web-share\" referrerpolicy=\"strict-origin-when-cross-origin\" allowfullscreen><\/iframe>\n<\/div><figcaption class=\"wp-element-caption\">Denne videoen viser noen gode nyheter for klima og milj\u00f8 fra 2024. Vi vinner gr\u00f8nne seire n\u00e5r vi er mange som st\u00e5r sammen og legger press p\u00e5 politikere og selskaper. Med videoen vil vi takke alle som har v\u00e6rt med og st\u00f8ttet Greenpeace sitt arbeid.<\/figcaption><\/figure>\n\n<p>N\u00e5r mange nok mennesker kjemper for samme sak, kan vi skape de store endringene. Finn en milj\u00f8organisasjon som jobber med saker du bryr deg om, og finn ut hvordan du kan engasjere deg. <strong>Les mer om:<\/strong><\/p>\n\n<ul class=\"wp-block-list\">\n<li><a href=\"https:\/\/www.greenpeace.org\/norway\/vaer-med\/bli-frivillig\/\">\u00e5 bli frivillig i Greenpeace<\/a><\/li>\n\n\n\n<li><a href=\"https:\/\/www.greenpeace.org\/norway\/om-oss\/sivil-ulydighet-hva-er-det-og-hvordan-bruker-vi-det\/\">\u00e5 bli Greenpeace-aktivist<\/a><\/li>\n\n\n\n<li><a href=\"https:\/\/nordic.jobs.greenpeace.org\/no\">\u00e5 <\/a><a href=\"https:\/\/nordic.jobs.greenpeace.org\/no\" target=\"_blank\" rel=\"noreferrer noopener\">jobbe<\/a><a href=\"https:\/\/nordic.jobs.greenpeace.org\/no\"> i Greenpeace<\/a><\/li>\n\n\n\n<li><a href=\"https:\/\/www.greenpeace.org\/norway\/vaer-med\/stott-oss\/\">\u00e5 st\u00f8tte Greenpeace<\/a><\/li>\n<\/ul>\n\n<h3 class=\"wp-block-heading\">5. Stem for klima og milj\u00f8 i valget 2025<\/h3>\n\n<p>H\u00f8sten 2025 er det stortingsvalg i Norge. Stem p\u00e5 et parti som tar klima- og naturkrisen p\u00e5 alvor, og snakk med andre om valget og oppfordre dem til \u00e5 stemme!<\/p>\n\n<p><a href=\"https:\/\/www.greenpeace.org\/norway\/klimaendringer\/valg-2025-gronne-partier-som-er-best-pa-klima-og-miljo\/\">Velgerguiden v\u00e5r f\u00f8r valget 2025 viser hvem du b\u00f8r stemme p\u00e5 om du bryr deg om klima og milj\u00f8<\/a>. Guiden viser fire gr\u00f8nne partier med god politikk for klima og milj\u00f8.<\/p>\n\n<p><strong>Klar for \u00e5 handle?<\/strong><\/p>\n\t\t\t<section\n\t\t\tclass=\"boxout post-1229  sticky-bottom-mobile collapse show\"\n\t\t\tid=\"action-card\"\n\t\t>\n\t\t\t<a\n\t\t\t\tdata-ga-category=\"Take Action Boxout\"\n\t\t\t\tdata-ga-action=\"Image\"\n\t\t\t\tdata-ga-label=\"n\/a\"\n\t\t\t\tclass=\"cover-card-overlay\"\n\t\t\t\thref=\"https:\/\/www.greenpeace.org\/norway\/vaer-med\/stott-oss\/\" \n\t\t\t><\/a>\n\t\t\t\t\t\t\t<img\n\t\t\t\t\t\tsrc=\"https:\/\/www.greenpeace.org\/static\/planet4-norway-stateless\/2022\/02\/487ac5d0-gp1swsny-1024x767.jpg\"\n\t\t\t\t\t\tsrcset=\"https:\/\/www.greenpeace.org\/static\/planet4-norway-stateless\/2022\/02\/487ac5d0-gp1swsny-300x225.jpg 300w, https:\/\/www.greenpeace.org\/static\/planet4-norway-stateless\/2022\/02\/487ac5d0-gp1swsny-1024x767.jpg 1024w, https:\/\/www.greenpeace.org\/static\/planet4-norway-stateless\/2022\/02\/487ac5d0-gp1swsny-768x575.jpg 768w, https:\/\/www.greenpeace.org\/static\/planet4-norway-stateless\/2022\/02\/487ac5d0-gp1swsny-454x340.jpg 454w, https:\/\/www.greenpeace.org\/static\/planet4-norway-stateless\/2022\/02\/487ac5d0-gp1swsny.jpg 1200w\"\n\t\t\t\t\t\tsizes=\"(min-width: 1000px) 358px, (min-width: 780px) 313px, 88px\"\n\t\t\t\t\t\talt=\"Flyfoto av en \u00f8y formet som et hjerte\" title=\"Flyfoto av en \u00f8y formet som et hjerte\"\n\t\t\t\t\/>\n            \t\t\t<div class=\"boxout-content\">\n\t\t\t\t\t\t\t\t\t<a\n\t\t\t\t\t\tclass=\"boxout-heading medium\"\n\t\t\t\t\t\tdata-ga-category=\"Take Action Boxout\"\n\t\t\t\t\t\tdata-ga-action=\"Title\"\n\t\t\t\t\t\tdata-ga-label=\"n\/a\"\n\t\t\t\t\t\thref=\"https:\/\/www.greenpeace.org\/norway\/vaer-med\/stott-oss\/\"\n\t\t\t\t\t\t\n\t\t\t\t\t>\n\t\t\t\t\t\tSt\u00f8tt arbeidet v\u00e5rt for klima og milj\u00f8\n\t\t\t\t\t<\/a>\n\t\t\t\t\t\t\t\t\t\t\t\t\t<p class=\"boxout-excerpt\">Sammen utgj\u00f8r vi en forskjell for den s\u00e5rbare planeten v\u00e5r.<\/p>\n\t\t\t\t                                    <a\n                        class=\"btn btn-primary\"\n                        data-ga-category=\"Take Action Boxout\"\n                        data-ga-action=\"Call to Action\"\n                        data-ga-label=\"n\/a\"\n                        href=\"https:\/\/www.greenpeace.org\/norway\/vaer-med\/stott-oss\/\"\n                        \n                    >\n                        V\u00e6r med\n                    <\/a>\n                \t\t\t<\/div>\n\t\t\t\t\t\t\t<a\n\t\t\t\t\tclass=\"not-now\"\n\t\t\t\t\trole=\"button\"\n\t\t\t\t\tdata-bs-toggle=\"collapse\"\n\t\t\t\t\thref=\"#action-card\"\n\t\t\t\t><\/a>\n\t\t\t\t\t<\/section>\n\t\n<h2 class=\"wp-block-heading\">Video: Hva kan verden gj\u00f8re for \u00e5 stoppe klimaendringer?<\/h2>\n\n<figure class=\"wp-block-embed is-type-video is-provider-youtube wp-block-embed-youtube wp-embed-aspect-16-9 wp-has-aspect-ratio\"><div class=\"wp-block-embed__wrapper\">\n<iframe loading=\"lazy\" title=\"Climate solutions are here! Let\u2019s go!\" width=\"500\" height=\"281\" src=\"https:\/\/www.youtube.com\/embed\/d5BZFrfgQn8?feature=oembed\" frameborder=\"0\" allow=\"accelerometer; autoplay; clipboard-write; encrypted-media; gyroscope; picture-in-picture; web-share\" referrerpolicy=\"strict-origin-when-cross-origin\" allowfullscreen><\/iframe>\n<\/div><figcaption class=\"wp-element-caption\"><a href=\"https:\/\/www.greenpeace.org\/norway\/klimaendringer\/klimaavtaler\/fns-klimarapport\/\">FNs klimapanels delrapport fra april 2022<\/a>&nbsp;handler om hvordan vi kan redusere verdens CO2-utslipp, og klimal\u00f8sningene som m\u00e5 innf\u00f8res raskt.<\/figcaption><\/figure>\n\n<h2 class=\"wp-block-heading\">Hva kan Norge gj\u00f8re for \u00e5 bidra til \u00e5 stoppe klimaendringene?<\/h2>\n\n<p>Olje- og gassutvinning er&nbsp;<a href=\"https:\/\/www.greenpeace.org\/norway\/fakta\/klimaendringer\/co2-utslipp-i-norge-dette-ma-du-vite\/\">den st\u00f8rste kilden til CO2-utslipp i Norge<\/a>. Utslippene fra forbrenningen av oljen og gassen i utlandet er ti ganger h\u00f8yere enn Norges utslipp innenlands.<\/p>\n\n<p>Det viktigste vi kan gj\u00f8re her i Norge for \u00e5 beskytte klimaet og stoppe klimaendringene, er derfor \u00e5 stanse ny leting etter olje p\u00e5 norsk sokkel og satse p\u00e5 mer fornybar energi.<\/p>\n\n<p>Politikere og oljelobbyen liker gjerne \u00e5 fremstille norsk olje som ren, og p\u00e5st\u00e5r at det er bra for klima at Norge fortsetter \u00e5 lete etter mer olje og gass. <a href=\"https:\/\/www.greenpeace.org\/norway\/fakta\/energi\/norsk-olje-er-miljovennlig-og-ni-andre-oljemyter\/\">L\u00e6r gjerne mer om noen av disse oljemytene her<\/a>.<\/p>\n","protected":false},"excerpt":{"rendered":"<p>Vil du gj\u00f8re noe for klima og milj\u00f8, men vet ikke helt hva? Noe av det viktigste du kan gj\u00f8re, er \u00e5 bli med og legge press p\u00e5 makthaverne. Les v\u00e5re fire tips.<\/p>\n","protected":false},"author":27,"featured_media":50190,"comment_status":"closed","ping_status":"open","sticky":false,"template":"","format":"standard","meta":{"ep_exclude_from_search":false,"p4_og_title":"","p4_og_description":"","p4_og_image":"","p4_og_image_id":"","p4_seo_canonical_url":"","p4_campaign_name":"not set","p4_local_project":"not set","p4_basket_name":"not set","p4_department":"","footnotes":""},"categories":[1],"tags":[30,41],"p4-page-type":[54],"class_list":["post-50183","post","type-post","status-publish","format-standard","has-post-thumbnail","hentry","category-klimaendringer","tag-klimaeffekter","tag-sivilulydighet","p4-page-type-tips"],"_links":{"self":[{"href":"https:\/\/www.greenpeace.org\/norway\/wp-json\/wp\/v2\/posts\/50183","targetHints":{"allow":["GET"]}}],"collection":[{"href":"https:\/\/www.greenpeace.org\/norway\/wp-json\/wp\/v2\/posts"}],"about":[{"href":"https:\/\/www.greenpeace.org\/norway\/wp-json\/wp\/v2\/types\/post"}],"author":[{"embeddable":true,"href":"https:\/\/www.greenpeace.org\/norway\/wp-json\/wp\/v2\/users\/27"}],"replies":[{"embeddable":true,"href":"https:\/\/www.greenpeace.org\/norway\/wp-json\/wp\/v2\/comments?post=50183"}],"version-history":[{"count":20,"href":"https:\/\/www.greenpeace.org\/norway\/wp-json\/wp\/v2\/posts\/50183\/revisions"}],"predecessor-version":[{"id":66881,"href":"https:\/\/www.greenpeace.org\/norway\/wp-json\/wp\/v2\/posts\/50183\/revisions\/66881"}],"wp:featuredmedia":[{"embeddable":true,"href":"https:\/\/www.greenpeace.org\/norway\/wp-json\/wp\/v2\/media\/50190"}],"wp:attachment":[{"href":"https:\/\/www.greenpeace.org\/norway\/wp-json\/wp\/v2\/media?parent=50183"}],"wp:term":[{"taxonomy":"category","embeddable":true,"href":"https:\/\/www.greenpeace.org\/norway\/wp-json\/wp\/v2\/categories?post=50183"},{"taxonomy":"post_tag","embeddable":true,"href":"https:\/\/www.greenpeace.org\/norway\/wp-json\/wp\/v2\/tags?post=50183"},{"taxonomy":"p4-page-type","embeddable":true,"href":"https:\/\/www.greenpeace.org\/norway\/wp-json\/wp\/v2\/p4-page-type?post=50183"}],"curies":[{"name":"wp","href":"https:\/\/api.w.org\/{rel}","templated":true}]}}