{"id":51184,"date":"2022-06-03T12:45:28","date_gmt":"2022-06-03T11:45:28","guid":{"rendered":"https:\/\/www.greenpeace.org\/norway\/?p=51184"},"modified":"2023-10-19T13:03:49","modified_gmt":"2023-10-19T12:03:49","slug":"lo-vedtar-ny-politikk-om-a-la-noe-olje-ligge","status":"publish","type":"post","link":"https:\/\/www.greenpeace.org\/norway\/nyheter\/energi\/lo-vedtar-ny-politikk-om-a-la-noe-olje-ligge\/","title":{"rendered":"Ny LO-politikk: Vil la noe olje ligge"},"content":{"rendered":"\n<figure class=\"wp-block-image size-large\"><img loading=\"lazy\" decoding=\"async\" width=\"1024\" height=\"683\" src=\"https:\/\/www.greenpeace.org\/static\/planet4-norway-stateless\/2022\/06\/9e253839-gp0stpg79-1024x683.jpg\" alt=\"\" class=\"wp-image-51186\" srcset=\"https:\/\/www.greenpeace.org\/static\/planet4-norway-stateless\/2022\/06\/9e253839-gp0stpg79-1024x683.jpg 1024w, https:\/\/www.greenpeace.org\/static\/planet4-norway-stateless\/2022\/06\/9e253839-gp0stpg79-300x200.jpg 300w, https:\/\/www.greenpeace.org\/static\/planet4-norway-stateless\/2022\/06\/9e253839-gp0stpg79-768x512.jpg 768w, https:\/\/www.greenpeace.org\/static\/planet4-norway-stateless\/2022\/06\/9e253839-gp0stpg79-510x340.jpg 510w, https:\/\/www.greenpeace.org\/static\/planet4-norway-stateless\/2022\/06\/9e253839-gp0stpg79.jpg 1200w\" sizes=\"auto, (max-width: 1024px) 100vw, 1024px\" \/><\/figure>\n\n<p><strong>Greenpeace, Naturvernforbundet og Natur og Ungdom reagerer positivt p\u00e5 vedtakene p\u00e5 LOs kongress, som for f\u00f8rste gang gj\u00f8r at LO skal jobbe for at noen olje- og gassressurser blir liggende av hensyn til klima og \u00f8konomi.<\/strong><\/p>\n\n<p>\u2013 I dag har LO endelig anerkjent hva FN og Det internasjonale energibyr\u00e5et har sagt lenge, nemlig at olje og gass m\u00e5 bli liggende for at vi skal n\u00e5 klimam\u00e5lene. Det betyr at det haster \u00e5 sette i gang en gr\u00f8nn og rettferdig omstilling, hvor arbeiderne g\u00e5r fra \u00e5 jobbe i olja og over i fornybare n\u00e6ringer. Med LO p\u00e5 laget kan Norge kutte klimagassutslipp og skape trygge jobber. Dette er et historisk steg i riktig retning, selv om LO fortsatt har en lang vei \u00e5 g\u00e5, sier&nbsp;<strong>Frode Pleym, leder i Greenpeace Norge<\/strong>.<\/p>\n\n<p>\u2013 Fagbevegelsen kan bli en p\u00e5driver for en rettferdig omstilling som n\u00e5r Norges klima-, natur- og b\u00e6rekraftsm\u00e5l. Retningsskiftet i LO m\u00e5 bare bli begynnelsen av planleggingen for et Norge etter olje og gass. Utgangspunktet for denne planen m\u00e5 v\u00e6re samstemt faglige r\u00e5d, fra FN til IEA, om at ny leting ikke er klimamessig eller \u00f8konomisk b\u00e6rekraftig. Vi ser frem til \u00e5 diskutere alternativer som kan gi b\u00e6rekraftige arbeidsplasser med fagbevegelsen, og LOs nye politikk gir enda mer mening at milj\u00f8bevegelsen blir invitert inn i rettferdige omstillingsr\u00e5d, sier&nbsp;<strong>Truls Gulowsen, leder i Naturvernforbundet<\/strong>.<\/p>\n\n<p>\u2013 Ungdom er framtidas arbeidere. Det er avgj\u00f8rende for oss \u00e5 sikre et levelig klima og trygge arbeidsplasser. N\u00f8kkelen til begge deler er en rettferdig omstilling med utdanningsl\u00f8p og \u00f8konomiske tiltak som skaper gr\u00f8nne arbeidsplasser i alle sektorer &#8211; og mindre avhengighet av olje og gass. Vi gleder oss til \u00e5 jobbe for dette sammen med LO. Takk til de gode kreftene som har jobbet for at LO sender h\u00e5p til dagens unge, sier&nbsp;<strong>Gina Gylver, leder i Natur og Ungdom<\/strong>.<\/p>\n\n<h2 class=\"wp-block-heading\">Viktige milj\u00f8vedtak p\u00e5 LO-kongressen<\/h2>\n\n<h5 class=\"wp-block-heading\">Olje:<\/h5>\n\n<ul class=\"wp-block-list\">\n<li>LOs nye energipolitikk er at \u00abressursene som kan bygges ut m\u00e5 v\u00e6re \u00f8konomiske og klimamessige b\u00e6rekraftige\u00bb og at \u00abdet vil medf\u00f8re at deler av ressursene p\u00e5 norsk sokkel vil ligge ur\u00f8rt\u00bb.<\/li>\n\n\n\n<li>LO har fjernet tidligere politikk om a) trinnvis \u00e5pning av nye omr\u00e5der for petroleumsvirksomhet og b) at ingen usikkerhet skal skapes om langsiktig tilgang p\u00e5 leteareal.<\/li>\n\n\n\n<li>LOs nye politikk er at petroleumsn\u00e6ringen skal utvikles med hensyn til arbeidsplasser, klimam\u00e5lsetningene og behovene til v\u00e5re viktigste handelspartnere og at arealtilgang skal styres slik at hensynet til fornybare n\u00e6ringer, klima og milj\u00f8 veier tungt.<\/li>\n<\/ul>\n\n<h5 class=\"wp-block-heading\">Klima og natur:<\/h5>\n\n<ul class=\"wp-block-list\">\n<li>LO programfester utslippskutt p\u00e5 55 prosent innen 2030 (noe de allerede gikk ut og st\u00f8ttet i 2020) og fjerner tidligere formuleringer om \u00e5 prioritere kutt i ikke-kvotepliktig sektor, det vil si at klimam\u00e5lene gjelder for hele \u00f8konomien.<\/li>\n\n\n\n<li>FNs b\u00e6rekraftsm\u00e5l er n\u00e5 nevnt mange ganger i arbeidsprogrammet, med <a href=\"https:\/\/www.fn.no\/om-fn\/fns-baerekraftsmaal\/stoppe-klimaendringene\">b\u00e6rekraftsm\u00e5l 13 om klima<\/a> prioritert.<\/li>\n\n\n\n<li>LOs mener alle land m\u00e5 bidra til b\u00e5de nasjonale og globale utslippskutt, og at nasjonale klimatiltak m\u00e5 ha effekt globalt.<\/li>\n\n\n\n<li>LO legger til grunn f\u00f8re-var-prinsippet, en kunnskapsbasert tiln\u00e6rming og FNs b\u00e6rekraftsm\u00e5l i milj\u00f8- og klimapolitikken.<\/li>\n<\/ul>\n","protected":false},"excerpt":{"rendered":"<p>Greenpeace reagerer positivt p\u00e5 nye LO-vedtak. For f\u00f8rste gang skal LO jobbe for at noen olje- og gassressurser blir liggende av hensyn til klima og \u00f8konomi.<\/p>\n","protected":false},"author":27,"featured_media":51186,"comment_status":"closed","ping_status":"open","sticky":false,"template":"","format":"standard","meta":{"ep_exclude_from_search":false,"p4_og_title":"Ny LO-politikk: Vil la noe olje ligge","p4_og_description":"Greenpeace, Naturvernforbundet, Natur og Ungdom og  reagerer positivt til vedtakene p\u00e5 LOs Kongress, som for f\u00f8rste gang gj\u00f8r at LO skal jobbe for at noen olje- og gassressurser blir liggende av hensyn til klima og \u00f8konomi.","p4_og_image":"","p4_og_image_id":"","p4_seo_canonical_url":"","p4_campaign_name":"not set","p4_local_project":"not set","p4_basket_name":"not set","p4_department":"","footnotes":""},"categories":[58],"tags":[29,25],"p4-page-type":[16],"class_list":["post-51184","post","type-post","status-publish","format-standard","has-post-thumbnail","hentry","category-energi","tag-fossilenergi","tag-losninger","p4-page-type-nyheter"],"_links":{"self":[{"href":"https:\/\/www.greenpeace.org\/norway\/wp-json\/wp\/v2\/posts\/51184","targetHints":{"allow":["GET"]}}],"collection":[{"href":"https:\/\/www.greenpeace.org\/norway\/wp-json\/wp\/v2\/posts"}],"about":[{"href":"https:\/\/www.greenpeace.org\/norway\/wp-json\/wp\/v2\/types\/post"}],"author":[{"embeddable":true,"href":"https:\/\/www.greenpeace.org\/norway\/wp-json\/wp\/v2\/users\/27"}],"replies":[{"embeddable":true,"href":"https:\/\/www.greenpeace.org\/norway\/wp-json\/wp\/v2\/comments?post=51184"}],"version-history":[{"count":12,"href":"https:\/\/www.greenpeace.org\/norway\/wp-json\/wp\/v2\/posts\/51184\/revisions"}],"predecessor-version":[{"id":56981,"href":"https:\/\/www.greenpeace.org\/norway\/wp-json\/wp\/v2\/posts\/51184\/revisions\/56981"}],"wp:featuredmedia":[{"embeddable":true,"href":"https:\/\/www.greenpeace.org\/norway\/wp-json\/wp\/v2\/media\/51186"}],"wp:attachment":[{"href":"https:\/\/www.greenpeace.org\/norway\/wp-json\/wp\/v2\/media?parent=51184"}],"wp:term":[{"taxonomy":"category","embeddable":true,"href":"https:\/\/www.greenpeace.org\/norway\/wp-json\/wp\/v2\/categories?post=51184"},{"taxonomy":"post_tag","embeddable":true,"href":"https:\/\/www.greenpeace.org\/norway\/wp-json\/wp\/v2\/tags?post=51184"},{"taxonomy":"p4-page-type","embeddable":true,"href":"https:\/\/www.greenpeace.org\/norway\/wp-json\/wp\/v2\/p4-page-type?post=51184"}],"curies":[{"name":"wp","href":"https:\/\/api.w.org\/{rel}","templated":true}]}}