{"id":51245,"date":"2022-06-16T15:38:18","date_gmt":"2022-06-16T14:38:18","guid":{"rendered":"https:\/\/www.greenpeace.org\/norway\/?p=51245"},"modified":"2023-08-10T12:56:26","modified_gmt":"2023-08-10T11:56:26","slug":"urfolksekspert-og-journalist-funnet-drept-i-amazonas","status":"publish","type":"post","link":"https:\/\/www.greenpeace.org\/norway\/nyheter\/klimaendringer\/urfolksekspert-og-journalist-funnet-drept-i-amazonas\/","title":{"rendered":"Urfolksekspert og journalist funnet drept i Amazonas"},"content":{"rendered":"\n<figure class=\"wp-block-image size-large is-resized\"><img loading=\"lazy\" decoding=\"async\" src=\"https:\/\/www.greenpeace.org\/static\/planet4-norway-stateless\/2022\/06\/b0d2e926-gp1sxmkv-1024x683.jpg\" title=\"Vigil for Dom Phillips and Bruno Ara\u00fajo Pereira at the Brazilian Embassy in London. \u00a9 Chris J Ratcliffe \/ Greenpeace\" alt=\"Vake for Dom Phillips and Bruno Ara\u00fajo Pereira utenfor Brasils ambassade i London etter at forsvinningen ble kjent. \u00a9 Chris J Ratcliffe \/ Greenpeace\" class=\"wp-image-51248\" width=\"737\" height=\"491\" srcset=\"https:\/\/www.greenpeace.org\/static\/planet4-norway-stateless\/2022\/06\/b0d2e926-gp1sxmkv-1024x683.jpg 1024w, https:\/\/www.greenpeace.org\/static\/planet4-norway-stateless\/2022\/06\/b0d2e926-gp1sxmkv-300x200.jpg 300w, https:\/\/www.greenpeace.org\/static\/planet4-norway-stateless\/2022\/06\/b0d2e926-gp1sxmkv-768x512.jpg 768w, https:\/\/www.greenpeace.org\/static\/planet4-norway-stateless\/2022\/06\/b0d2e926-gp1sxmkv-510x340.jpg 510w, https:\/\/www.greenpeace.org\/static\/planet4-norway-stateless\/2022\/06\/b0d2e926-gp1sxmkv.jpg 1200w\" sizes=\"auto, (max-width: 737px) 100vw, 737px\" \/><figcaption class=\"wp-element-caption\">Vake utenfor Brasils ambassade i London etter at forsvinningen ble kjent. Dom Phillips og Bruno Ara\u00fajo Pereira hadde v\u00e6rt savnet siden s\u00f8ndag 5. juni. <div class=\"credit icon-left\"> \u00a9 Chris J Ratcliffe \/ Greenpeace<\/div><\/figcaption><\/figure>\n\n<p><strong>Urfolkseksperten Bruno Ara\u00fajo Pereira og den britiske journalisten Dom Phillips er funnet drept i Amazonas.<\/strong><\/p>\n\n<h3 class=\"wp-block-heading\"><\/h3>\n\n<p>Bruno Ara\u00fajo Pereira og Dom Phillips hadde v\u00e6rt savnet siden s\u00f8ndag 5. juni. De var p\u00e5 vei tilbake fra et bes\u00f8k hos et lokalt overv\u00e5kningsteam n\u00e6r Jaburu-sj\u00f8en i Amazonas. If\u00f8lge den lokale urfolksorganisasjonen Univaja hadde de mottatt drapstrusler f\u00f8r de forsvant. <a href=\"https:\/\/www.nrk.no\/urix\/brodre-tilstar-drapet-pa-britisk-journalist-og-urfolksekspert-i-amazonas-1.16004399\">To personer er p\u00e5grepet og har tilst\u00e5tt drapene<\/a>.<\/p>\n\n<p>Bruno og Doms d\u00f8dsfall er ikke en tilfeldighet, men et direkte resultat av president Bolsonaros milj\u00f8- og menneskefiendtlige agenda. Denne agendaen g\u00e5r ganske enkelt ut p\u00e5 \u00e5 \u00e5pne regnskogen for destruktiv industri og \u00e5 la grov, organisert kriminalitet mot milj\u00f8forkjempere og natur g\u00e5 ustraffet.<\/p>\n\n<p>\u2013 Volden mot aktivister, urfolksledere og journalister er en konsekvens av at regjeringen konsekvent har fremmet en \u00f8deleggelses\u00f8konomi og brudd p\u00e5 menneskerettighetene i Amazonas, har lederen i Greenpeace Brasil, Carolina Pasquali, tidligere uttalt.<\/p>\n\n<h2 class=\"wp-block-heading\">Brasil er blitt mer lovl\u00f8st<\/h2>\n\n<p><strong>Hva har skjedd med Brasil? <\/strong>I l\u00f8pet av de siste tre \u00e5rene har landet blitt stadig mer lovl\u00f8st. Pengegriske industrier forsyner seg uhemmet av urfolks og fattige b\u00f8nders landomr\u00e5der for \u00e5 tjene seg rike p\u00e5 gruvedrift og ulovlig t\u00f8mmerhogst, regnskogen raseres, og antallet voldelige landkonflikter har skutt i v\u00e6ret.&nbsp;<\/p>\n\n<p>Samtidig risikerer folk som pr\u00f8ver \u00e5 forhindre disse ulovlige handlingene \u00e5 miste livet. Alt dette skjer p\u00e5 grunn av den brasilianske regjeringens handlinger \u2013 og mangel p\u00e5 handling. N\u00e5r de som tar til orde for en gr\u00f8nnere, mer rettferdig og mer fredfull verden er n\u00f8dt til \u00e5 risikere livet, er det ingen tvil om at det unge brasilianske demokratiet balanserer p\u00e5 en knivsegg.<\/p>\n\n<h2 class=\"wp-block-heading\">Verden s\u00f8rger tapet av Pereira og Phillips<\/h2>\n\n<p>Mens verden s\u00f8rger over tapet av Bruno Ara\u00fajo Pereira, Dom Phillips, og s\u00e5 altfor mange andre som har mistet alt p\u00e5 grunn av Bolsonaros korstog mot Amazonas, blir situasjonen verre for hver dag som g\u00e5r. <strong>N\u00e5r lover og rettigheter g\u00e5r tapt, er det veldig vanskelig \u00e5 f\u00e5 dem tilbake igjen.<\/strong><\/p>\n\n<p>Vi sender v\u00e5r dypeste medf\u00f8lelse og solidaritet til familiene, vennene, aktivister, urfolk og alle andre som kjemper for en mer rettferdig verden.<\/p>\n\n<p><strong>LES OGS\u00c5: <a href=\"https:\/\/www.greenpeace.org\/norway\/nyheter\/49983\/greenpeace-knallhardt-ut-mot-bolsonaro-om-regnskog\/\">Greenpeace knallhardt ut mot Bolsonaro om regnskog<\/a><\/strong><\/p>\n","protected":false},"excerpt":{"rendered":"<p>Urfolkseksperten Bruno Ara\u00fajo Pereira og den britiske journalisten Dom Phillips er funnet drept i Amazonas. Bruno og Doms d\u00f8dsfall er ikke en tilfeldighet.<\/p>\n","protected":false},"author":27,"featured_media":51248,"comment_status":"closed","ping_status":"closed","sticky":false,"template":"","format":"standard","meta":{"ep_exclude_from_search":false,"p4_og_title":"Ekspert og journalist drept i Amazonas","p4_og_description":"","p4_og_image":"","p4_og_image_id":"","p4_seo_canonical_url":"","p4_campaign_name":"not set","p4_local_project":"not set","p4_basket_name":"not set","p4_department":"","footnotes":""},"categories":[1,31],"tags":[37],"p4-page-type":[16],"class_list":["post-51245","post","type-post","status-publish","format-standard","has-post-thumbnail","hentry","category-klimaendringer","category-natur","tag-skogbruk","p4-page-type-nyheter"],"_links":{"self":[{"href":"https:\/\/www.greenpeace.org\/norway\/wp-json\/wp\/v2\/posts\/51245","targetHints":{"allow":["GET"]}}],"collection":[{"href":"https:\/\/www.greenpeace.org\/norway\/wp-json\/wp\/v2\/posts"}],"about":[{"href":"https:\/\/www.greenpeace.org\/norway\/wp-json\/wp\/v2\/types\/post"}],"author":[{"embeddable":true,"href":"https:\/\/www.greenpeace.org\/norway\/wp-json\/wp\/v2\/users\/27"}],"replies":[{"embeddable":true,"href":"https:\/\/www.greenpeace.org\/norway\/wp-json\/wp\/v2\/comments?post=51245"}],"version-history":[{"count":16,"href":"https:\/\/www.greenpeace.org\/norway\/wp-json\/wp\/v2\/posts\/51245\/revisions"}],"predecessor-version":[{"id":57006,"href":"https:\/\/www.greenpeace.org\/norway\/wp-json\/wp\/v2\/posts\/51245\/revisions\/57006"}],"wp:featuredmedia":[{"embeddable":true,"href":"https:\/\/www.greenpeace.org\/norway\/wp-json\/wp\/v2\/media\/51248"}],"wp:attachment":[{"href":"https:\/\/www.greenpeace.org\/norway\/wp-json\/wp\/v2\/media?parent=51245"}],"wp:term":[{"taxonomy":"category","embeddable":true,"href":"https:\/\/www.greenpeace.org\/norway\/wp-json\/wp\/v2\/categories?post=51245"},{"taxonomy":"post_tag","embeddable":true,"href":"https:\/\/www.greenpeace.org\/norway\/wp-json\/wp\/v2\/tags?post=51245"},{"taxonomy":"p4-page-type","embeddable":true,"href":"https:\/\/www.greenpeace.org\/norway\/wp-json\/wp\/v2\/p4-page-type?post=51245"}],"curies":[{"name":"wp","href":"https:\/\/api.w.org\/{rel}","templated":true}]}}