{"id":51921,"date":"2022-11-25T14:04:26","date_gmt":"2022-11-25T13:04:26","guid":{"rendered":"https:\/\/www.greenpeace.org\/norway\/?p=51921"},"modified":"2023-08-28T09:17:24","modified_gmt":"2023-08-28T08:17:24","slug":"vold-har-ingen-plass-i-miljokampen","status":"publish","type":"post","link":"https:\/\/www.greenpeace.org\/norway\/fakta\/greenpeace\/vold-har-ingen-plass-i-miljokampen\/","title":{"rendered":"Vold har ingen plass i milj\u00f8kampen"},"content":{"rendered":"\n<p>All vold, b\u00e5de i ord og handling, er totalt uakseptable virkemidler i enhver politisk sak i et demokratisk land, ogs\u00e5 i milj\u00f8saken, uttaler Naturvernforbundet, Framtiden i v\u00e5re hender, Natur og Ungdom, Greenpeace Norge og WWF Verdens naturfond i et felles opprop.<\/p>\n\n<figure class=\"wp-block-image size-full\"><img loading=\"lazy\" decoding=\"async\" width=\"960\" height=\"1200\" src=\"https:\/\/www.greenpeace.org\/static\/planet4-norway-stateless\/2020\/02\/92186d88-gp04tej_medium_res.jpg\" alt=\"\" class=\"wp-image-3136\"\/><figcaption class=\"wp-element-caption\">Et blad som p\u00e5 naturlig m\u00e5te har blitt et fredstegn.<\/figcaption><\/figure>\n\n<p>I hele norsk milj\u00f8historie har faglighet, skikkelighet og ikke-vold v\u00e6rt sentrale og b\u00e6rende prinsipper. Slik skal det fortsatt v\u00e6re.&nbsp;<\/p>\n\n<p>Heldigvis er det bred enighet om dette i milj\u00f8bevegelsen. Sivil ulydighet er en viktig del av demokratiet, men vi tar total avstand fra enhver handling med vold som virkemiddel. Slike handlinger har ingen plass i v\u00e5r bevegelse.<\/p>\n\n<p>Som ikkevoldelige organisasjoner vil vi fortsette arbeidet for \u00e5 bygge en stadig sterkere milj\u00f8bevegelse, i jakten p\u00e5 n\u00f8dvendige politiske milj\u00f8gjennomslag. Det trengs, og vi trenger flere p\u00e5 laget, men uten voldsromantikk.<\/p>\n\n<p><em>Truls Gulowsen<\/em>, Naturvernforbundet&nbsp;<\/p>\n\n<p><em>Anja Bakken Riise<\/em>, Framtiden i v\u00e5re hender<\/p>\n\n<p><em>Gina Gylver<\/em>, Natur og Ungdom<\/p>\n\n<p><em>Frode Pleym<\/em>, Greenpeace Norge<\/p>\n\n<p><em>Karoline Andaur,<\/em> WWF Verdens naturfond<\/p>\n\n<p><\/p>\n\n<div class=\"wp-block-group is-layout-flow wp-block-group-is-layout-flow\"><\/div>\n\t\t\t<section\n\t\t\tclass=\"boxout post-1229  sticky-bottom-mobile collapse show\"\n\t\t\tid=\"action-card\"\n\t\t>\n\t\t\t<a\n\t\t\t\tdata-ga-category=\"Take Action Boxout\"\n\t\t\t\tdata-ga-action=\"Image\"\n\t\t\t\tdata-ga-label=\"n\/a\"\n\t\t\t\tclass=\"cover-card-overlay\"\n\t\t\t\thref=\"https:\/\/www.greenpeace.org\/norway\/vaer-med\/stott-oss\/\" \n\t\t\t><\/a>\n\t\t\t\t\t\t\t<img\n\t\t\t\t\t\tsrc=\"https:\/\/www.greenpeace.org\/static\/planet4-norway-stateless\/2022\/02\/487ac5d0-gp1swsny-1024x767.jpg\"\n\t\t\t\t\t\tsrcset=\"https:\/\/www.greenpeace.org\/static\/planet4-norway-stateless\/2022\/02\/487ac5d0-gp1swsny-300x225.jpg 300w, https:\/\/www.greenpeace.org\/static\/planet4-norway-stateless\/2022\/02\/487ac5d0-gp1swsny-1024x767.jpg 1024w, https:\/\/www.greenpeace.org\/static\/planet4-norway-stateless\/2022\/02\/487ac5d0-gp1swsny-768x575.jpg 768w, https:\/\/www.greenpeace.org\/static\/planet4-norway-stateless\/2022\/02\/487ac5d0-gp1swsny-454x340.jpg 454w, https:\/\/www.greenpeace.org\/static\/planet4-norway-stateless\/2022\/02\/487ac5d0-gp1swsny.jpg 1200w\"\n\t\t\t\t\t\tsizes=\"(min-width: 1000px) 358px, (min-width: 780px) 313px, 88px\"\n\t\t\t\t\t\talt=\"Flyfoto av en \u00f8y formet som et hjerte\" title=\"Flyfoto av en \u00f8y formet som et hjerte\"\n\t\t\t\t\/>\n            \t\t\t<div class=\"boxout-content\">\n\t\t\t\t\t\t\t\t\t<a\n\t\t\t\t\t\tclass=\"boxout-heading medium\"\n\t\t\t\t\t\tdata-ga-category=\"Take Action Boxout\"\n\t\t\t\t\t\tdata-ga-action=\"Title\"\n\t\t\t\t\t\tdata-ga-label=\"n\/a\"\n\t\t\t\t\t\thref=\"https:\/\/www.greenpeace.org\/norway\/vaer-med\/stott-oss\/\"\n\t\t\t\t\t\t\n\t\t\t\t\t>\n\t\t\t\t\t\tSt\u00f8tt arbeidet v\u00e5rt for klima og milj\u00f8\n\t\t\t\t\t<\/a>\n\t\t\t\t\t\t\t\t\t\t\t\t\t<p class=\"boxout-excerpt\">Sammen utgj\u00f8r vi en forskjell for den s\u00e5rbare planeten v\u00e5r.<\/p>\n\t\t\t\t                                    <a\n                        class=\"btn btn-primary\"\n                        data-ga-category=\"Take Action Boxout\"\n                        data-ga-action=\"Call to Action\"\n                        data-ga-label=\"n\/a\"\n                        href=\"https:\/\/www.greenpeace.org\/norway\/vaer-med\/stott-oss\/\"\n                        \n                    >\n                        V\u00e6r med\n                    <\/a>\n                \t\t\t<\/div>\n\t\t\t\t\t\t\t<a\n\t\t\t\t\tclass=\"not-now\"\n\t\t\t\t\trole=\"button\"\n\t\t\t\t\tdata-bs-toggle=\"collapse\"\n\t\t\t\t\thref=\"#action-card\"\n\t\t\t\t><\/a>\n\t\t\t\t\t<\/section>\n\t","protected":false},"excerpt":{"rendered":"<p>All vold, b\u00e5de i ord og handling, er totalt uakseptable virkemidler i enhver politisk sak i et demokratisk land, ogs\u00e5 i milj\u00f8saken.<\/p>\n","protected":false},"author":27,"featured_media":51943,"comment_status":"closed","ping_status":"closed","sticky":false,"template":"","format":"standard","meta":{"ep_exclude_from_search":false,"p4_og_title":"","p4_og_description":"","p4_og_image":"","p4_og_image_id":"","p4_seo_canonical_url":"","p4_campaign_name":"not set","p4_local_project":"not set","p4_basket_name":"not set","p4_department":"","footnotes":""},"categories":[26],"tags":[41,56,25,53],"p4-page-type":[49],"class_list":["post-51921","post","type-post","status-publish","format-standard","has-post-thumbnail","hentry","category-greenpeace","tag-sivilulydighet","tag-fred","tag-losninger","tag-greenpeacefakta","p4-page-type-fakta"],"_links":{"self":[{"href":"https:\/\/www.greenpeace.org\/norway\/wp-json\/wp\/v2\/posts\/51921","targetHints":{"allow":["GET"]}}],"collection":[{"href":"https:\/\/www.greenpeace.org\/norway\/wp-json\/wp\/v2\/posts"}],"about":[{"href":"https:\/\/www.greenpeace.org\/norway\/wp-json\/wp\/v2\/types\/post"}],"author":[{"embeddable":true,"href":"https:\/\/www.greenpeace.org\/norway\/wp-json\/wp\/v2\/users\/27"}],"replies":[{"embeddable":true,"href":"https:\/\/www.greenpeace.org\/norway\/wp-json\/wp\/v2\/comments?post=51921"}],"version-history":[{"count":11,"href":"https:\/\/www.greenpeace.org\/norway\/wp-json\/wp\/v2\/posts\/51921\/revisions"}],"predecessor-version":[{"id":57317,"href":"https:\/\/www.greenpeace.org\/norway\/wp-json\/wp\/v2\/posts\/51921\/revisions\/57317"}],"wp:featuredmedia":[{"embeddable":true,"href":"https:\/\/www.greenpeace.org\/norway\/wp-json\/wp\/v2\/media\/51943"}],"wp:attachment":[{"href":"https:\/\/www.greenpeace.org\/norway\/wp-json\/wp\/v2\/media?parent=51921"}],"wp:term":[{"taxonomy":"category","embeddable":true,"href":"https:\/\/www.greenpeace.org\/norway\/wp-json\/wp\/v2\/categories?post=51921"},{"taxonomy":"post_tag","embeddable":true,"href":"https:\/\/www.greenpeace.org\/norway\/wp-json\/wp\/v2\/tags?post=51921"},{"taxonomy":"p4-page-type","embeddable":true,"href":"https:\/\/www.greenpeace.org\/norway\/wp-json\/wp\/v2\/p4-page-type?post=51921"}],"curies":[{"name":"wp","href":"https:\/\/api.w.org\/{rel}","templated":true}]}}