{"id":524,"date":"2017-11-01T00:00:00","date_gmt":"2017-11-01T00:00:00","guid":{"rendered":"https:\/\/master.k8s.p4.greenpeace.org\/norway\/nyheter\/524\/klimasoksmalet\/"},"modified":"2023-08-09T12:27:04","modified_gmt":"2023-08-09T11:27:04","slug":"klimasoksmalet","status":"publish","type":"post","link":"https:\/\/www.greenpeace.org\/norway\/fakta\/energi\/klimasoksmalet\/","title":{"rendered":"Klimas\u00f8ksm\u00e5let"},"content":{"rendered":"\n<p>Den 14. november starter Norges f\u00f8rste klimarettssak. Oslo tingrett skal avgj\u00f8re om regjeringens utdeling av nye oljelisenser i Barentshavet strider mot Grunnlovens milj\u00f8paragraf. Her finner du mer informasjon om saken, hvordan du kan bidra samt alle de juridiske dokumentene.<strong>Les ogs\u00e5: <a href=\"https:\/\/www.greenpeace.org\/norway\/nyheter\/7491\/klimasoksmalet-dette-ma-du-vite\/\">7 ting du m\u00e5 vite om klimas\u00f8ksm\u00e5let f\u00f8r \u00e5rhundrets rettssak i H\u00f8yesterett<\/a><\/strong><\/p>\n\n<h3 class=\"wp-block-heading\">P\u00e5 denne siden finner du<\/h3>\n\n<ul class=\"wp-block-list\">\n<li>Kort innf\u00f8ring i saken<\/li>\n\n\n\n<li>Praktisk informasjon om h\u00f8ringen<\/li>\n\n\n\n<li>Program for rettssaken<\/li>\n\n\n\n<li>Pressekontakter<\/li>\n\n\n\n<li>Oversikt over vitner<\/li>\n\n\n\n<li>Juridiske dokumenter<\/li>\n<\/ul>\n\n<h3 class=\"wp-block-heading\">Dette er saken<\/h3>\n\n<p>Grunnlovens \u00a7 112 sl\u00e5r fast at borgerne har rett til et \u00abmilj\u00f8 som sikrer helsen, og til en natur der produksjonsevne og mangfold bevares\u00bb og at staten skal iverksette tiltak som sikrer denne retten. I tillegg st\u00e5r det at \u00abnaturens ressurser skal disponeres ut fra en langsiktig og allsidig betraktning som ivaretar denne rett ogs\u00e5 for etterslekten\u00bb.<\/p>\n\n<p>Klimas\u00f8ksm\u00e5let omhandler ti nye utvinningstillatelser i Arktis som regjeringen tildelte oljeindustrien i 2016. Omr\u00e5dene ligger i s\u00e6rlig s\u00e5rbare naturomr\u00e5der i Arktis, og vil kunne gi klimagassutslipp mange ti\u00e5r inn i fremtiden.<\/p>\n\n<p>Det er v\u00e5r plikt \u00e5 handle n\u00e5r politikerne svikter. Klimas\u00f8ksm\u00e5let er folkets rettssak. Den er fremmet for domstolen for \u00e5 sikre ikke bare nordmenns, men alle menneskers rett til et sunt milj\u00f8 og et levelig klima.<\/p>\n\n<h3 class=\"wp-block-heading\">H\u00f8ring i Oslo tingrett<\/h3>\n\n<p>Den 14. november til 23. november skal Natur og Ungdom og Greenpeace m\u00f8te den norske stat i Oslo tingrett. Vi representeres av advokatene Cathrine Hambro ved Wahl-Larsen Advokatfirma og Emanuel Feinberg ved advokatfirmaet Glittertind. Besteforeldrenes klimaaksjon er partshjelp p\u00e5 v\u00e5r side i saken og representeres av tidligere h\u00f8yesterettsdommer Ketil Lund ved advokatfirmaet Lund &amp; Co. Regjeringsadvokat Fredrik Sejersted f\u00f8rer saken for staten.<\/p>\n\n<p>Rettssaken vil vare i om lag syv dager. I l\u00f8pet av disse dagene skal v\u00e5re advokater og deres vitner forklare hvorfor det er skadelig for verdens klima \u00e5 \u00e5pne nye omr\u00e5der for norsk oljeboring.<\/p>\n\n<p>For oss er det viktig \u00e5 spre informasjon om hva som skjer inne i rettssalen til alle interesserte. Derfor vil vi mens h\u00f8ringen p\u00e5g\u00e5r gi jevnlige oppdateringer gjennom livestreaming p\u00e5 Facebook og Instagram, samt oppdatere gjennom daglige foredrag og arrangementer p\u00e5 Kulturhuset i Oslo. Programmet legges ut p\u00e5 Klimas\u00f8ksm\u00e5l.no s\u00e5 snart det er klart.<\/p>\n\n<p>Det kommer jevnlige oppdateringer p\u00e5 facebook-sidene til <a href=\"https:\/\/www.facebook.com\/greenpeacenorge\/?fref=ts\">Greenpeace<\/a>,<a href=\"https:\/\/www.facebook.com\/naturogungdom\/\"> Natur og Ungdom<\/a> og<a href=\"https:\/\/www.facebook.com\/klimasoksmal\/?ref=br_rs\"> Klimas\u00f8ksm\u00e5l Arktis.<\/a><\/p>\n\n<p>Rettssaken er \u00e5pen for alle, men det er begrensede plasser i tingretten, s\u00e5 m\u00f8t opp i god tid om du \u00f8nsker \u00e5 v\u00e6re tilstede i retten.<\/p>\n\n<p>Se ogs\u00e5 v\u00e5r advokat Cathrine Hambro sitt <a href=\"https:\/\/www.youtube.com\/watch?v=yLi-Y7aPPjY&amp;feature=youtu.be\">hovedinnlegg om paragraf 112.<\/a><\/p>\n\n<h3 class=\"wp-block-heading\">Programmet i retten<\/h3>\n\n<p>Daglige h\u00f8ringer fra kl 9 til 16. Rettssaken er \u00e5pen for alle, men det er begrensede plasser i tingretten, s\u00e5 m\u00f8t opp i god tid om du \u00f8nsker \u00e5 v\u00e6re tilstede i retten.<\/p>\n\n<h4 class=\"wp-block-heading\">Tirsdag 14.11<\/h4>\n\n<p>0900-1030 Saks\u00f8kers innledning v\/advokatene Cathrine Hambro og Emanuel Feinberg<\/p>\n\n<p>1045-1215 Saks\u00f8ktes innledning v\/Regjeringsadvokat Fredrik Sejersted<\/p>\n\n<p>1215-1300 Lunsj<\/p>\n\n<p>1300-1530 Parts- og vitneforklaringer. (Ingrid Skjoldv\u00e6r (NU), Truls Gulowsen (GP) og Ketil Lund (BKA) presenterer hvorfor partene har g\u00e5tt til sak, samt vitnesbyrd fra Eystein Jansen (Bjerknessenteret) om det blir tid)<\/p>\n\n<h4 class=\"wp-block-heading\">Onsdag 15.11<\/h4>\n\n<p>0900-1530 Vitneforklaringer (Rekkef\u00f8lgen blir Eystein Jansen, Bj\u00f8rn Samset, Knut Einar Rosendahl og Mads Greaker. Tidspunkter\/dager for dette er vanskelig \u00e5 forutsi)<\/p>\n\n<h4 class=\"wp-block-heading\">Torsdag 16.11<\/h4>\n\n<p>0900-1200 Saks\u00f8kers hovedinnlegg v\/advokatene Cathrine Hambro og Emanuel Feinberg<\/p>\n\n<p>1200-1245 Lunsj<\/p>\n\n<p>1245-1530 Saks\u00f8kers hovedinnlegg v\/advokatene Cathrine Hambro og Emanuel Feinberg<\/p>\n\n<h4 class=\"wp-block-heading\">Fredag 16.11<\/h4>\n\n<p>0900-1530 Saks\u00f8kers hovedinnlegg v\/advokatene Cathrine Hambro og Emanuel Feinberg<\/p>\n\n<h4 class=\"wp-block-heading\">Mandag 20.11<\/h4>\n\n<p>0900-1200 Saks\u00f8ktes hovedinnlegg v\/Regjeringsadvokat Fredrik Sejersted<\/p>\n\n<p>1200-1245 Lunsj<\/p>\n\n<p>1245-1530 Saks\u00f8ktes hovedinnlegg v\/Regjeringsadvokat Fredrik Sejersted<\/p>\n\n<h4 class=\"wp-block-heading\">Tirsdag 21.11<\/h4>\n\n<p>0900-1530 Saks\u00f8ktes hovedinnlegg v\/Regjeringsadvokat Fredrik Sejersted<\/p>\n\n<h4 class=\"wp-block-heading\">Onsdag 22.11<\/h4>\n\n<p>0900-1530 Avsluttende innlegg fra begge parter.<\/p>\n\n<h3 class=\"wp-block-heading\">Pressekontakter<\/h3>\n\n<ul class=\"wp-block-list\">\n<li>Ingrid Skjoldv\u00e6r, leder i Natur og Ungdom, <a href=\"mailto:ingridsk@nu.org\" target=\"_blank\" rel=\"noreferrer noopener\">ingridsk@nu.org<\/a> \/ 97702181<\/li>\n<\/ul>\n\n<ul class=\"wp-block-list\">\n<li>Truls Gulowsen, leder i Greenpeace Norge, <a href=\"mailto:truls.gulowsen@greenpeace.org\" target=\"_blank\" rel=\"noreferrer noopener\">truls.gulowsen@greenpeace.org<\/a> \/ 90107904<\/li>\n\n\n\n<li>Aud Hegli Nord\u00f8, kommunikasjonssjef i Greenpeace Norge, <a rel=\"noreferrer noopener\" href=\"mailto:aud.nordoOgreenpeace.org\" target=\"_blank\">aud.nordo@greenpeace.org<\/a> \/ 41470649<\/li>\n\n\n\n<li>Steinar H\u00f8iback, leder i Besteforeldrenes klimaaksjon, <a href=\"mailto:steinarhoiback@outlook.org\" target=\"_blank\" rel=\"noreferrer noopener\">steinarhoiback@outlook.org<\/a> \/ 91174848<\/li>\n<\/ul>\n\n<h3 class=\"wp-block-heading\">Oversikt over vitner<\/h3>\n\n<ul class=\"wp-block-list\">\n<li>Eystein Jansen, professor i klimaforskning ved Bjerknessenteret<\/li>\n\n\n\n<li>Bj\u00f8rn Samset, klimaforsker ved CICERO<\/li>\n\n\n\n<li>Knut Einar Rosendahl, professor i samfunns\u00f8konomi ved Handelsh\u00f8yskolen ved Norges milj\u00f8- og biovitenskapelige universitet (NMBU)<\/li>\n\n\n\n<li>Mads Greaker, seniorforsker ved Statistisk sentralbyr\u00e5<\/li>\n<\/ul>\n\n<h3 class=\"wp-block-heading\">Pressekonferanse om klimarettssaken<\/h3>\n\n<p>Mandag 13. november kl 10 blir det pressekonferanse om rettssaken utenfor Oslo tinghus. For mer info, kontakt Aud Hegli Nord\u00f8, kommunikasjonssjef i Greenpeace Norge, <a rel=\"noreferrer noopener\" href=\"mailto:aud.nordoOgreenpeace.org\" target=\"_blank\">aud.nordo@greenpeace.org<\/a> \/ 41470649<\/p>\n\n<h3 class=\"wp-block-heading\">Vil du vite mer?<\/h3>\n\n<p>Du kan l\u00e6re mer ved \u00e5 lytte til podcasten<a href=\"https:\/\/www.facebook.com\/events\/1441854835898094\/\"> \u00abUnburnable: The People vs. Arctic Oil\u00bb<\/a> som er laget av Radio Wolfgang og handler om s\u00f8ksm\u00e5let.<\/p>\n\n<figure class=\"wp-block-image\"><img decoding=\"async\" src=\"https:\/\/www.greenpeace.org\/static\/planet4-norway-stateless\/2019\/04\/a6c89efa-a6c89efa-logo_rund.jpg\" alt=\"\"\/><\/figure>\n","protected":false},"excerpt":{"rendered":"<p>Den 14. november starter Norges f\u00f8rste klimarettssak. Her finner du mer informasjon om saken, hvordan du kan bidra samt alle de juridiske dokumentene.<\/p>\n","protected":false},"author":27,"featured_media":862,"comment_status":"open","ping_status":"open","sticky":false,"template":"","format":"standard","meta":{"ep_exclude_from_search":false,"p4_og_title":"","p4_og_description":"","p4_og_image":"","p4_og_image_id":"","p4_seo_canonical_url":"","p4_campaign_name":"not set","p4_local_project":"not set","p4_basket_name":"not set","p4_department":"","footnotes":""},"categories":[58],"tags":[23],"p4-page-type":[49],"class_list":["post-524","post","type-post","status-publish","format-standard","has-post-thumbnail","hentry","category-energi","tag-klimaklagen","p4-page-type-fakta"],"_links":{"self":[{"href":"https:\/\/www.greenpeace.org\/norway\/wp-json\/wp\/v2\/posts\/524","targetHints":{"allow":["GET"]}}],"collection":[{"href":"https:\/\/www.greenpeace.org\/norway\/wp-json\/wp\/v2\/posts"}],"about":[{"href":"https:\/\/www.greenpeace.org\/norway\/wp-json\/wp\/v2\/types\/post"}],"author":[{"embeddable":true,"href":"https:\/\/www.greenpeace.org\/norway\/wp-json\/wp\/v2\/users\/27"}],"replies":[{"embeddable":true,"href":"https:\/\/www.greenpeace.org\/norway\/wp-json\/wp\/v2\/comments?post=524"}],"version-history":[{"count":11,"href":"https:\/\/www.greenpeace.org\/norway\/wp-json\/wp\/v2\/posts\/524\/revisions"}],"predecessor-version":[{"id":56911,"href":"https:\/\/www.greenpeace.org\/norway\/wp-json\/wp\/v2\/posts\/524\/revisions\/56911"}],"wp:featuredmedia":[{"embeddable":true,"href":"https:\/\/www.greenpeace.org\/norway\/wp-json\/wp\/v2\/media\/862"}],"wp:attachment":[{"href":"https:\/\/www.greenpeace.org\/norway\/wp-json\/wp\/v2\/media?parent=524"}],"wp:term":[{"taxonomy":"category","embeddable":true,"href":"https:\/\/www.greenpeace.org\/norway\/wp-json\/wp\/v2\/categories?post=524"},{"taxonomy":"post_tag","embeddable":true,"href":"https:\/\/www.greenpeace.org\/norway\/wp-json\/wp\/v2\/tags?post=524"},{"taxonomy":"p4-page-type","embeddable":true,"href":"https:\/\/www.greenpeace.org\/norway\/wp-json\/wp\/v2\/p4-page-type?post=524"}],"curies":[{"name":"wp","href":"https:\/\/api.w.org\/{rel}","templated":true}]}}