{"id":54814,"date":"2023-03-14T15:36:08","date_gmt":"2023-03-14T14:36:08","guid":{"rendered":"https:\/\/www.greenpeace.org\/norway\/?p=54814"},"modified":"2023-12-19T15:13:34","modified_gmt":"2023-12-19T14:13:34","slug":"slik-sikret-vi-en-historisk-global-havavtale","status":"publish","type":"post","link":"https:\/\/www.greenpeace.org\/norway\/fakta\/hav\/slik-sikret-vi-en-historisk-global-havavtale\/","title":{"rendered":"Slik sikret vi en historisk global havavtale"},"content":{"rendered":"\n<p><\/p>\n\n<figure class=\"wp-block-image size-large is-resized\"><img loading=\"lazy\" decoding=\"async\" src=\"https:\/\/www.greenpeace.org\/static\/planet4-norway-stateless\/2023\/03\/d363ad48-gp1sttsq-1024x683.jpg\" title=\"Mannskapet p\u00e5 Greenpeace-skipet Esperanza under skipsturen i Antarktis, med et banner som sier &quot;thank you&quot;, &quot;takk&quot;. \u00a9 Andrew McConnell \/ Greenpeace\" alt=\"Mannskapet p\u00e5 Greenpeace-skipet Esperanza under skipsturen i Antarktis, med et banner som sier &quot;thank you&quot;, &quot;takk&quot;.\" class=\"wp-image-54824\" width=\"736\" height=\"490\" srcset=\"https:\/\/www.greenpeace.org\/static\/planet4-norway-stateless\/2023\/03\/d363ad48-gp1sttsq-1024x683.jpg 1024w, https:\/\/www.greenpeace.org\/static\/planet4-norway-stateless\/2023\/03\/d363ad48-gp1sttsq-300x200.jpg 300w, https:\/\/www.greenpeace.org\/static\/planet4-norway-stateless\/2023\/03\/d363ad48-gp1sttsq-768x512.jpg 768w, https:\/\/www.greenpeace.org\/static\/planet4-norway-stateless\/2023\/03\/d363ad48-gp1sttsq-510x340.jpg 510w, https:\/\/www.greenpeace.org\/static\/planet4-norway-stateless\/2023\/03\/d363ad48-gp1sttsq.jpg 1200w\" sizes=\"auto, (max-width: 736px) 100vw, 736px\" \/><figcaption class=\"wp-element-caption\">Mannskapet p\u00e5 Greenpeace-skipet Esperanza under skipsturen i Antarktis, v\u00e5r mest ambisi\u00f8se skipstur noensinne.<div class=\"credit icon-left\"> \u00a9 Andrew McConnell \/ Greenpeace<\/div><\/figcaption><\/figure>\n\n<p><strong>Etter nesten 20 \u00e5r med diskusjon og kampanjevirksomhet har landene i FN blitt enige om en global havavtale! Det er en enorm seier for havet. Greenpeace har v\u00e6rt en del av bevegelsen som har kjempet for en havavtale i mange \u00e5r \u2013 slik gjorde vi det.<\/strong><\/p>\n\n<p>Den globale havavtalen, The High Seas Treaty, gir oss det juridiske rammeverket vi trenger for \u00e5 beskytte internasjonale farvann.&nbsp;<\/p>\n\n<p>Havet trues av forurensing fra plast og andre giftige stoffer, klimaendringer, overfiske og andre menneskelige aktiviteter som gruvedrift p\u00e5 havbunnen. Til tross for dette er i dag kun en liten andel av verdens havomr\u00e5der beskyttet mot destruktive aktiviteter. Forskerne er enige om at minst 30 prosent av verdens hav m\u00e5 beskyttes innen 2030 for at livet i havet skal komme seg til hektene igjen. Med havavtalen i boks vil det faktisk v\u00e6re mulig.<\/p>\n\n<p>Greenpeace har v\u00e6rt en del av bevegelsen som har kjempet for en global havavtale siden 2005. F\u00f8rst for at FN faktisk skulle begynne \u00e5 forhandle om en global havavtale, og s\u00e5 siden forhandlingene startet i 2019, for en avtale som <em>faktisk<\/em> bidrar til \u00e5 beskytte havet. Etter mange \u00e5r med kampanjevirksomhet over hele verden er vi endelig i m\u00e5l. Det er et stort \u00f8yeblikk for \u00e5 beskytte planeten v\u00e5r.<\/p>\n\n<p><strong>LES OGS\u00c5: <a href=\"https:\/\/www.greenpeace.org\/norway\/nyheter\/hav\/seier-fn-enige-om-en-global-havavtale\/\">Seier: FN enige om en global havavtale<\/a><\/strong><\/p>\n\n<p>Vi har vunnet takket v\u00e6re mange \u00e5r med hardt arbeid fra mennesker og allierte rundt om i verden. Ikke minst viser denne seieren hvor mye vi kan oppn\u00e5 n\u00e5r vi kjemper sammen. 5,5 millioner folk i hele verden har st\u00f8ttet kravet v\u00e5rt om en global havavtale \u2013 n\u00e5 er den i havn!<\/p>\n\n<h2 class=\"wp-block-heading\">Hva har vi gjort for \u00e5 oppn\u00e5 denne historiske avtalen?<\/h2>\n\n<h3 class=\"wp-block-heading\">2019<\/h3>\n\n<p><strong>Vi sparket i gang kampanjen for en global havavtale med \u00e5 lansere rapporten <a href=\"https:\/\/www.greenpeace.org\/international\/publication\/21604\/30x30-a-blueprint-for-ocean-protection\/\"><em>30&#215;30 \u2013 a blueprint for ocean protection<\/em><\/a><\/strong>, som kort oppsummert er et konkret forslag til hvilke havomr\u00e5der i internasjonalt farvann som m\u00e5 vernes p\u00e5 veien mot 30 prosent vern. Vi hadde ogs\u00e5 en debatt med Arbeiderpartiet, H\u00f8yre, SV, Venstre og MDG om marint vern.&nbsp;&nbsp;<\/p>\n\n<figure class=\"wp-block-image size-large\"><img loading=\"lazy\" decoding=\"async\" width=\"1024\" height=\"570\" src=\"https:\/\/www.greenpeace.org\/static\/planet4-norway-stateless\/2023\/03\/a0e66667-gp0sttreq-1024x570.jpg\" title=\"Skuespiller Javier Bardem med et banner som sier &quot;Protect the Oceans&quot; - &quot;Beskytt havet&quot; p\u00e5 Times Square i New York. \u00a9 Jason Miczek \/ Greenpeace\" alt=\"Skuespiller Javier Bardem med et banner som sier &quot;Protect the Oceans&quot; - &quot;Beskytt havet&quot; p\u00e5 Times Square i New York.\" class=\"wp-image-54818\" srcset=\"https:\/\/www.greenpeace.org\/static\/planet4-norway-stateless\/2023\/03\/a0e66667-gp0sttreq-1024x570.jpg 1024w, https:\/\/www.greenpeace.org\/static\/planet4-norway-stateless\/2023\/03\/a0e66667-gp0sttreq-300x167.jpg 300w, https:\/\/www.greenpeace.org\/static\/planet4-norway-stateless\/2023\/03\/a0e66667-gp0sttreq-768x428.jpg 768w, https:\/\/www.greenpeace.org\/static\/planet4-norway-stateless\/2023\/03\/a0e66667-gp0sttreq-510x284.jpg 510w, https:\/\/www.greenpeace.org\/static\/planet4-norway-stateless\/2023\/03\/a0e66667-gp0sttreq.jpg 1200w\" sizes=\"auto, (max-width: 1024px) 100vw, 1024px\" \/><figcaption class=\"wp-element-caption\">Vi har f\u00e5tt med oss innflytelsesrike kjendiser som den Oscar-vinnende spanske skuespilleren Javier Bardem p\u00e5 \u00e5 legge press p\u00e5 FN-landene. Her er Bardem med et Greenpeace-banner p\u00e5 Times Square i New York.<div class=\"credit icon-left\"> \u00a9 Jason Miczek \/ Greenpeace<\/div><\/figcaption><\/figure>\n\n<p><strong>I 2019 lanserte vi ogs\u00e5 v\u00e5r mest ambisi\u00f8se skipstur noensinne<\/strong>. Vi tok med skipene v\u00e5re hele veien fra Arktis til Antarktis. Vi bidro til forskning p\u00e5 verneverdige havomr\u00e5der og sammen med blant annet <a href=\"https:\/\/www.greenpeace.org\/norway\/historier\/natur\/javier-bardem-havet-vart-trenger-oss\/\">innflytelsesrike kjendiser<\/a> skapte vi oppmerksomhet om s\u00e5rbare havomr\u00e5der, vi stelte i stand <a href=\"https:\/\/www.greenpeace.org\/norway\/historier\/hav\/en-nesten-umulig-konsert\/\">verdens nordligste konsert, spilt inn med instrumenter laget av is<\/a>.<\/p>\n\n<figure class=\"wp-block-embed is-type-video is-provider-youtube wp-block-embed-youtube wp-embed-aspect-16-9 wp-has-aspect-ratio\"><div class=\"wp-block-embed__wrapper\">\n<lite-youtube style=\"background-image: url('https:\/\/i.ytimg.com\/vi\/M7qDWpEhr8o\/hqdefault.jpg');\" videoid=\"M7qDWpEhr8o\" params=\"rel=0\"><\/lite-youtube>\n<\/div><\/figure>\n\n<p><strong>For \u00e5 f\u00e5 med oss folk, opprettet vi en global underskriftskampanje. <\/strong>Til sammen 5,5 millioner mennesker fra hele verden st\u00f8ttet kravet v\u00e5rt om en sterk, global havavtale.&nbsp;<\/p>\n\n<p>I tillegg til \u00e5 m\u00f8te den norske delegasjonen, en samling byr\u00e5krater fra Utenriksdepartementet, Klima- og milj\u00f8departementet og N\u00e6rings- og fiskeridepartementet om FN-forhandlingene for havavtalen, <strong>tok vi med oss den Oscar-vinnende skuespilleren Javier Bardem til forhandlingene i New York<\/strong> \u2013 hvor han holdt <a href=\"https:\/\/www.greenpeace.org\/norway\/historier\/natur\/javier-bardem-havet-vart-trenger-oss\/\">denne sterke talen<\/a> til alle FN-landene.<\/p>\n\n<p>I 2019 var Norge vertsnasjon for den internasjonale havkonferansen <em>Our Oceans<\/em>. <strong>I tillegg til \u00e5 <a href=\"https:\/\/www.greenpeace.org\/norway\/historier\/hav\/erna-du-ma-lytte-til-vitenskapen\/\">lyse opp Operahuset og en rekke andre bygg i Oslo<\/a> med budskap om at havet m\u00e5 vernes, <a href=\"https:\/\/www.aftenposten.no\/oslo\/i\/4qG946\/politiet-aksjonerte-mot-aktivister-i-stillas-paa-byporten-kjoepesenter-i-oslo\">aksjonerte vi mot konferansen<\/a>. <\/strong><\/p>\n\n<p><strong>Vi organiserte ogs\u00e5 en e-postaksjon<\/strong> mot dav\u00e6rende statsminister og leder av Det internasjonale havpanelet, Erna Solberg \u2013 og til sammen sendte over 3000 nordmenn e-post til Solberg og etterlyste \u00f8kt innsats for \u00e5 verne havet.<\/p>\n\n<p><strong>LES OGS\u00c5: <\/strong><a href=\"https:\/\/www.greenpeace.org\/norway\/fakta\/hav\/fire-grunner-til-at-vi-trenger-en-ny-fn-avtale-for-a-redde-havet\/\">Fire grunner til at vi trenger en ny FN-avtale for \u00e5 redde havet<\/a><\/p>\n\n<h3 class=\"wp-block-heading\">2020:<\/h3>\n\n<p><strong>I 2020 endte vi skipsturen fra pol til pol i Antarktis.<\/strong> Sammen med et forskerteam dokumenterte vi hvordan klimakrisen rammer disse unike omr\u00e5dene.&nbsp;<\/p>\n\n<p><strong>Sammen med skaperne av <em>Wallace and Grommit <\/em>og <em>Sauen Shaun<\/em> laget vi en flott animasjonsvideo for \u00e5 n\u00e5 ut til flere folk med budskapet om at havet er truet:<br><\/strong><\/p>\n\n<figure class=\"wp-block-embed is-type-video is-provider-youtube wp-block-embed-youtube wp-embed-aspect-16-9 wp-has-aspect-ratio\"><div class=\"wp-block-embed__wrapper\">\n<lite-youtube style=\"background-image: url('https:\/\/i.ytimg.com\/vi\/Ghr3M6dyZh4\/hqdefault.jpg');\" videoid=\"Ghr3M6dyZh4\" params=\"rel=0\"><\/lite-youtube>\n<\/div><\/figure>\n\n<p>Vi fortsatte \u00e5 holde trykket opp p\u00e5 statsministerens manglende innsats for havvern. <a href=\"https:\/\/www.nrk.no\/nordland\/greenpeace-mener-statsminister-erna-solberg-bor-folge-radene-fra-havpanelet-om-vern-av-havomrader-1.15054394\"><strong>Vi konfronterte Erna Solberg<\/strong><\/a> for \u00e5 ikke f\u00f8lge opp anbefalingene til hennes eget havapanel.<\/p>\n\n<p>Mens koronapandemien utsatte videre forhandlinger om en global havavtale, <strong>sikret vi nye fremskritt for havet gjennom <a href=\"https:\/\/www.greenpeace.org\/norway\/nyheter\/hav\/fiskeomrader-i-antarktis-blir-marine-verneomrader\/\">vern av store havomr\u00e5der i Antarktis<\/a>.<\/strong><\/p>\n\n<h3 class=\"wp-block-heading\">2021:<\/h3>\n\n<p>I 2021 hadde fikk vi et <a href=\"https:\/\/www.greenpeace.org\/norway\/nyheter\/natur\/norge-slutter-seg-til-allianser-for-a-verne-30-prosent-av-naturen-innen-2030-na-ma-tempoet-for-naturvern-skrus-kraftig-opp\/\">viktig gjennombrudd i kampanjen for \u00e5 ta vare p\u00e5 livet i havet<\/a> \u2013 <strong>vi snudde Norge fra \u00e5 v\u00e6re motstander av et m\u00e5l om \u00e5 verne 30 prosent av havet innen 2030 til \u00e5 st\u00f8tte det<\/strong>!&nbsp;<\/p>\n\n<p><strong>Dette \u00e5ret gjennomf\u00f8rte vi en <a href=\"https:\/\/www.youtube.com\/watch?v=J-18n_LT37w\">ny skipsekspedisjon<\/a><\/strong>, denne gangen til sj\u00f8gress-engene ved Saya de Malha-bankene i Det indiske hav.<\/p>\n\n<figure class=\"wp-block-image size-large\"><img decoding=\"async\" src=\"https:\/\/www.greenpeace.org\/static\/planet4-norway-stateless\/2023\/03\/17ce6b8c-gp1sux1e-1024x683.jpg\" title=\"Klimaaktivist og forsker Shaama Sandooyea p\u00e5 Greenpeace-skipet Arctic Sunrise i Det indiske hav.<div class=\"credit icon-left\"> \u00a9 Tommy Trenchard \/ Greenpeace<\/div> \u00a9 Tommy Trenchard \/ Greenpeace&raquo; alt=&raquo;Klimaaktivist og forsker Shaama Sandooyea p\u00e5 Greenpeace-skipet Arctic Sunrise i Det indiske hav.<div class=\"credit icon-left\"> \u00a9 Tommy Trenchard \/ Greenpeace<\/div>&raquo; class=&raquo;wp-image-54821&#8243;\/><figcaption class=\"wp-element-caption\">Klimaaktivist og forsker Shaama Sandooyea p\u00e5 Greenpeace-skipet Arctic Sunrise i Det indiske hav.<div class=\"credit icon-left\"> \u00a9 Tommy Trenchard \/ Greenpeace<\/div><\/figcaption><\/figure>\n\n<h2 class=\"wp-block-heading\"><\/h2>\n\n<p><strong>Med ny regjering og en ny statsminister bidro vi til \u00e5 sette marint vern p\u00e5 agendaen<\/strong> ikke lenge etter at den nye regjeringen ble annonsert. Etter innspill fra oss fikk <a href=\"https:\/\/www.stortinget.no\/no\/Saker-og-publikasjoner\/Sporsmal\/Skriftlige-sporsmal-og-svar\/Skriftlig-sporsmal\/?qid=86936\">Jonas Gahr St\u00f8re skriftlig sp\u00f8rsm\u00e5l fra Stortinget<\/a> om hva han og Norge ville gj\u00f8re for \u00e5 sikre at verden ble enige om en globale havavtale p\u00e5 de neste FN-forhandlingene i mars 2022.<\/p>\n\n<h3 class=\"wp-block-heading\">2022:<\/h3>\n\n<p>Etter lang tids utsettelse av forhandlingene p\u00e5 grunn av pandemien, var det endelig duket for nye havforhandlinger i FN. <strong>Vi m\u00f8tte med den norske delegasjonen i forkant av det som skulle v\u00e6re de siste forhandlingene i mars 2022, og overrakte underskriftene fra 20 000 nordmenn. <\/strong><\/p>\n\n<p><strong>Vi hadde ogs\u00e5 en <a href=\"https:\/\/www.facebook.com\/watch\/?v=474708427708063\">reklamekampanje<\/a><\/strong> rettet mot Jonas Gahr St\u00f8re som var synlig i Oslo, Trondheim og Bergen. <\/p>\n\n<iframe loading=\"lazy\" src=\"https:\/\/www.facebook.com\/plugins\/video.php?height=476&#038;href=https%3A%2F%2Fwww.facebook.com%2Fgreenpeacenorge%2Fvideos%2F474708427708063%2F&#038;show_text=false&#038;width=380&#038;t=0\" width=\"380\" height=\"476\" style=\"border:none;overflow:hidden\" scrolling=\"no\" frameborder=\"0\" allowfullscreen=\"true\" allow=\"autoplay; clipboard-write; encrypted-media; picture-in-picture; web-share\" allowFullScreen=\"true\"><\/iframe>\n\n<p><strong>Og i <a href=\"https:\/\/www.greenpeace.org\/usa\/news\/greenpeace-shines-spotlight-on-un-global-ocean-treaty-negotiations-with-projections-across-nyc\/\">New York lyste vi opp byen<\/a> under forhandlingene med v\u00e5re krav om en sterk global havavtale<\/strong>.&nbsp;<\/p>\n\n<p>Det ble dessverre ikke enighet om en avtale i mars.<strong> Sammen med Utenriksdepartementet avholdt vi et innspillsm\u00f8te om hvilke posisjoner Norge burde ta i forhandlingene. D<\/strong>ette var, sammen med en <a href=\"https:\/\/www.greenpeace.org\/static\/planet4-norway-stateless\/2023\/03\/6330e5fb-0g4a9793-1-scaled.jpg\">ny reklamekampanje<\/a>, med p\u00e5 \u00e5 dra Norge i riktig retning i den nye forhandlingsrunden i august. Likevel fikk vi ikke noen avtale denne gangen heller.<\/p>\n\n<p><strong>En annen enormt viktig seier i 2022 <a href=\"https:\/\/www.greenpeace.org\/international\/story\/57694\/bandage-biodiversity-protection\/\">var derimot at verden ble enige om en ny naturavtale<\/a><\/strong> \u2013 hele verden kom sammen bak m\u00e5let om at minst 30 prosent av havet m\u00e5 vernes innen 2030. Da vi startet kampanjen for dette i 2019, hadde vi ikke trodd at vi skulle f\u00e5 med oss hele verden p\u00e5 dette n\u00f8dvendige m\u00e5let.<\/p>\n\n<h3 class=\"wp-block-heading\">2023:<\/h3>\n\n<p>Etter flere \u00e5rs arbeid fikk vi endelig den etterlengtede globale havavtalen vi hadde jobbet s\u00e5 lenge for. Avtalen er en historisk seier for beskyttelse av biologisk mangfold, men det var ingen selvf\u00f8lge at den skulle komme. <strong>Vi hadde igjen en reklamekampanje i Norge for \u00e5 minne Jonas Gahr St\u00f8re og regjeringen p\u00e5 at Norge m\u00e5tte g\u00e5 foran<\/strong>.<\/p>\n\n<p><strong>Underveis i forhandlingene sendte vi innspill til den norske delegasjonen<\/strong>, ettersom vi erfarte at forhandlingene gikk alt for sakte. <strong>Og i en rekke <a href=\"https:\/\/media.greenpeace.org\/C.aspx?VP3=SearchResult&amp;ALID=27MZIFJLEEXXG\">andre land presset vi ogs\u00e5 p\u00e5<\/a> for at forhandlingene m\u00e5tte ende i en avtale<\/strong>, inkludert at vi <a href=\"https:\/\/media.greenpeace.org\/C.aspx?VP3=SearchResult&amp;ALID=27MZIFJLEA9DJ\">igjen lyste opp New York<\/a> hvor forhandlingene fant sted \u2013 og denne gangen lyktes vi endelig!<\/p>\n","protected":false},"excerpt":{"rendered":"<p>Landene i FN har endelig blitt enige om en global havavtale. Greenpeace har v\u00e6rt en del av bevegelsen som har kjempet for \u00e5 sikre avtalen \u2013 slik gjorde vi det.<\/p>\n","protected":false},"author":27,"featured_media":54824,"comment_status":"closed","ping_status":"closed","sticky":false,"template":"","format":"standard","meta":{"ep_exclude_from_search":false,"p4_og_title":"","p4_og_description":"","p4_og_image":"","p4_og_image_id":"","p4_seo_canonical_url":"","p4_campaign_name":"","p4_local_project":"","p4_basket_name":"","p4_department":"","footnotes":""},"categories":[59],"tags":[32,93,63],"p4-page-type":[49],"class_list":["post-54814","post","type-post","status-publish","format-standard","has-post-thumbnail","hentry","category-hav","tag-beskytthavet","tag-seire","tag-vareskip","p4-page-type-fakta"],"_links":{"self":[{"href":"https:\/\/www.greenpeace.org\/norway\/wp-json\/wp\/v2\/posts\/54814","targetHints":{"allow":["GET"]}}],"collection":[{"href":"https:\/\/www.greenpeace.org\/norway\/wp-json\/wp\/v2\/posts"}],"about":[{"href":"https:\/\/www.greenpeace.org\/norway\/wp-json\/wp\/v2\/types\/post"}],"author":[{"embeddable":true,"href":"https:\/\/www.greenpeace.org\/norway\/wp-json\/wp\/v2\/users\/27"}],"replies":[{"embeddable":true,"href":"https:\/\/www.greenpeace.org\/norway\/wp-json\/wp\/v2\/comments?post=54814"}],"version-history":[{"count":11,"href":"https:\/\/www.greenpeace.org\/norway\/wp-json\/wp\/v2\/posts\/54814\/revisions"}],"predecessor-version":[{"id":58824,"href":"https:\/\/www.greenpeace.org\/norway\/wp-json\/wp\/v2\/posts\/54814\/revisions\/58824"}],"wp:featuredmedia":[{"embeddable":true,"href":"https:\/\/www.greenpeace.org\/norway\/wp-json\/wp\/v2\/media\/54824"}],"wp:attachment":[{"href":"https:\/\/www.greenpeace.org\/norway\/wp-json\/wp\/v2\/media?parent=54814"}],"wp:term":[{"taxonomy":"category","embeddable":true,"href":"https:\/\/www.greenpeace.org\/norway\/wp-json\/wp\/v2\/categories?post=54814"},{"taxonomy":"post_tag","embeddable":true,"href":"https:\/\/www.greenpeace.org\/norway\/wp-json\/wp\/v2\/tags?post=54814"},{"taxonomy":"p4-page-type","embeddable":true,"href":"https:\/\/www.greenpeace.org\/norway\/wp-json\/wp\/v2\/p4-page-type?post=54814"}],"curies":[{"name":"wp","href":"https:\/\/api.w.org\/{rel}","templated":true}]}}