{"id":55835,"date":"2023-06-05T11:10:03","date_gmt":"2023-06-05T10:10:03","guid":{"rendered":"https:\/\/www.greenpeace.org\/norway\/?p=55835"},"modified":"2023-12-19T15:04:26","modified_gmt":"2023-12-19T14:04:26","slug":"18-natur-og-friluftslivsorganisasjoner-gar-sammen-for-en-renere-oslofjord","status":"publish","type":"post","link":"https:\/\/www.greenpeace.org\/norway\/nyheter\/hav\/18-natur-og-friluftslivsorganisasjoner-gar-sammen-for-en-renere-oslofjord\/","title":{"rendered":"18 natur- og friluftslivsorganisasjoner g\u00e5r sammen for en renere Oslofjord"},"content":{"rendered":"\n<figure class=\"wp-block-image size-full is-resized\"><img loading=\"lazy\" decoding=\"async\" src=\"https:\/\/www.greenpeace.org\/static\/planet4-norway-stateless\/2023\/06\/4c9fe451-bygdoy_med_huk_i_oslo_fjord_oslofjorden_3.jpg\" alt=\"\" class=\"wp-image-55865\" width=\"736\" height=\"490\" srcset=\"https:\/\/www.greenpeace.org\/static\/planet4-norway-stateless\/2023\/06\/4c9fe451-bygdoy_med_huk_i_oslo_fjord_oslofjorden_3.jpg 800w, https:\/\/www.greenpeace.org\/static\/planet4-norway-stateless\/2023\/06\/4c9fe451-bygdoy_med_huk_i_oslo_fjord_oslofjorden_3-300x200.jpg 300w, https:\/\/www.greenpeace.org\/static\/planet4-norway-stateless\/2023\/06\/4c9fe451-bygdoy_med_huk_i_oslo_fjord_oslofjorden_3-768x512.jpg 768w, https:\/\/www.greenpeace.org\/static\/planet4-norway-stateless\/2023\/06\/4c9fe451-bygdoy_med_huk_i_oslo_fjord_oslofjorden_3-510x340.jpg 510w\" sizes=\"auto, (max-width: 736px) 100vw, 736px\" \/><figcaption class=\"wp-element-caption\">Bygd\u00f8y med Huk i Oslofjorden. Foto: <a href=\"https:\/\/commons.wikimedia.org\/wiki\/File:Bygd%C3%B8y_med_Huk_i_Oslo_Fjord_Oslofjorden_3.JPG\">\u00d8yvind Holmstad<\/a>, <a href=\"https:\/\/creativecommons.org\/licenses\/by-sa\/3.0\">CC BY-SA 3.0<\/a>, via Wikimedia Commons<a href=\"https:\/\/commons.wikimedia.org\/wiki\/File:Bygd%C3%B8y_med_Huk_i_Oslo_Fjord_Oslofjorden_3.JPG\"><\/a><a href=\"https:\/\/commons.wikimedia.org\/wiki\/File:Bygd%C3%B8y_med_Huk_i_Oslo_Fjord_Oslofjorden_3.JPG\"><\/a><\/figcaption><\/figure>\n\n<p>En bred allianse av nasjonale og lokale organisasjoner er ut\u00e5lmodige p\u00e5 <strong>Oslofjordens <\/strong>vegne: \u2013 Det haster \u00e5 ta grep, om vi skal ha en fjord der b\u00e5de folk, dyr og planter kan trives.<\/p>\n\n<p>18 nasjonale og lokale natur- og friluftslivsorganisasjoner, med til sammen over en million medlemskap, har n\u00e5 g\u00e5tt sammen om initiativet &laquo;Nettverk for en levende Oslofjord&raquo;. Norsk Friluftsliv er sammen med Oslofjorden Friluftsr\u00e5d initiativtaker til nettverket.<\/p>\n\n<p>\u2013 Vi er alt fra turg\u00e5ere, padlere og fiskere til folk som brenner for natur og milj\u00f8, som n\u00e5 mener det haster \u00e5 ta grep for Oslofjorden og de godt over to millioner menneskene som har den som sitt viktigste friluftslivsomr\u00e5de, sier Hans Erik Lerkelund i Norsk Friluftsliv.<\/p>\n\n<p><strong>H\u00d8R MER:<\/strong> Bli med p\u00e5 et dypdykk i Oslofjorden i podkasten v\u00e5r, <a href=\"https:\/\/www.greenpeace.org\/norway\/nyheter\/hav\/kode-gronn-oslofjorden-i-krise\/\">Kode Gr\u00f8nn: Oslofjorden i krise<\/a><\/p>\n\n<iframe style=\"border-radius:12px\" src=\"https:\/\/open.spotify.com\/embed\/episode\/7eS7c2qBcSntTCizia9Rlg?utm_source=generator&#038;theme=0\" width=\"100%\" height=\"352\" frameBorder=\"0\" allowfullscreen=\"\" allow=\"autoplay; clipboard-write; encrypted-media; fullscreen; picture-in-picture\" loading=\"lazy\"><\/iframe>\n\n<h2 class=\"wp-block-heading\">Alle vet at Oslofjorden er syk<\/h2>\n\n<p><strong>Oslofjorden <\/strong>er en av Norges mest artsrike fjorder, men de siste \u00e5rene har milj\u00f8tilstanden i fjorden blitt sv\u00e6rt alvorlig.<\/p>\n\n<p>P\u00e5 1980-tallet ville ikke kommunene i ytre Oslofjord rense avl\u00f8pet sitt, og f\u00f8lgen er at fjorden er blitt fylt opp av gj\u00f8dsel i 40 \u00e5r. Dette, sammen med avrenning fra jordbruket, fysiske forstyrrelser og utbygging, overfiske og utslipp av milj\u00f8gifter, er de viktigste \u00e5rsakene til den alvorlige milj\u00f8situasjonen for fjorden.&nbsp;<\/p>\n\n<p>Dette har igjen medf\u00f8rt at torsk, bl\u00e5skjell og \u00e5legress har forsvunnet og bunnvannet har blitt oksygenfritt flere steder<\/p>\n\n<p>\u2013 Alle er enige om at fjorden er syk, og blir stadig sykere, men det gj\u00f8res for lite for \u00e5 snu sykdomsforl\u00f8pet. Vi er mange som er ut\u00e5lmodige, og form\u00e5let med nettverket er \u00e5 s\u00f8rge for raskere tempo og st\u00f8rre aktivitet for \u00e5 redde fjorden, forteller Henning R\u00f8ed fra Oslofjordens Friluftsr\u00e5d.<\/p>\n\n<p><strong>LES OGS\u00c5: <\/strong><a href=\"https:\/\/www.greenpeace.org\/norway\/fakta\/hav\/hva-er-greia-med-fns-havavtale-11-sporsmal-og-svar\/\">Hva er greia med FNs havavtale? 11 sp\u00f8rsm\u00e5l og svar<\/a><\/p>\n\n<h2 class=\"wp-block-heading\">18 organisasjoner for en renere Oslofjord<\/h2>\n\n<p>Nettverk for en levende Oslofjord er startet opp av f\u00f8lgende organisasjoner:<\/p>\n\n<p>Den Norske Turistforening, Greenpeace, Naturvernforbundet, Fjordgruppa til Naturvernforbundet i Oslo, Forum for natur og Friluftsliv rundt Oslofjorden, Forbundet Kysten, Natur og ungdom, Norges Dykkerforbund, Norges Jeger og Fiskerforbund, Norges Padlerforbund, Sabima, WWF, Oslofjordens friluftsr\u00e5d, Norsk Friluftsliv, Norges seilforbund, Bellona, B\u00e6rum Elveforum og B\u00e5tforbundet (KNMB).<\/p>\n\n<p>Organisasjonene vil samles i arbeidsgrupper, der de blant annet vil sikre at <a href=\"https:\/\/www.regjeringen.no\/contentassets\/7e80a758716344cbbb97adc5c7c27f18\/t-1571b.pdf\">regjeringens tiltaksplan for Oslofjorden<\/a>, blir fulgt opp p\u00e5 en effektiv m\u00e5te.<\/p>\n\n<p>\u2013 Det handler b\u00e5de om \u00e5 ha levedyktige bestander av artene, som torsk, bl\u00e5skjell og \u00e5legras, og om at folk har tilgang til strandsonen og trygge og rene sj\u00f8omr\u00e5der der de kan bade og drive med alle slags fritidsaktivitet, forteller Lerkelund.<\/p>\n\n<p>Kontaktperson: Henning R\u00f8ed, Oslofjordens Friluftsr\u00e5d, tlf: 91 82 60 87<br><\/p>\n\n<p><\/p>\n","protected":false},"excerpt":{"rendered":"<p>18 nasjonale og lokale natur- og friluftslivsorganisasjoner har g\u00e5tt sammen om initiativet &laquo;Nettverk for en levende Oslofjord&raquo;.<\/p>\n","protected":false},"author":27,"featured_media":55865,"comment_status":"closed","ping_status":"closed","sticky":false,"template":"","format":"standard","meta":{"ep_exclude_from_search":false,"p4_og_title":"G\u00e5r sammen for en renere Oslofjord","p4_og_description":"","p4_og_image":"","p4_og_image_id":"","p4_seo_canonical_url":"","p4_campaign_name":"","p4_local_project":"","p4_basket_name":"","p4_department":"","footnotes":""},"categories":[59],"tags":[32,33,75,34],"p4-page-type":[16],"class_list":["post-55835","post","type-post","status-publish","format-standard","has-post-thumbnail","hentry","category-hav","tag-beskytthavet","tag-biologiskmangfold","tag-havindustri","tag-naturkrise","p4-page-type-nyheter"],"_links":{"self":[{"href":"https:\/\/www.greenpeace.org\/norway\/wp-json\/wp\/v2\/posts\/55835","targetHints":{"allow":["GET"]}}],"collection":[{"href":"https:\/\/www.greenpeace.org\/norway\/wp-json\/wp\/v2\/posts"}],"about":[{"href":"https:\/\/www.greenpeace.org\/norway\/wp-json\/wp\/v2\/types\/post"}],"author":[{"embeddable":true,"href":"https:\/\/www.greenpeace.org\/norway\/wp-json\/wp\/v2\/users\/27"}],"replies":[{"embeddable":true,"href":"https:\/\/www.greenpeace.org\/norway\/wp-json\/wp\/v2\/comments?post=55835"}],"version-history":[{"count":9,"href":"https:\/\/www.greenpeace.org\/norway\/wp-json\/wp\/v2\/posts\/55835\/revisions"}],"predecessor-version":[{"id":57327,"href":"https:\/\/www.greenpeace.org\/norway\/wp-json\/wp\/v2\/posts\/55835\/revisions\/57327"}],"wp:featuredmedia":[{"embeddable":true,"href":"https:\/\/www.greenpeace.org\/norway\/wp-json\/wp\/v2\/media\/55865"}],"wp:attachment":[{"href":"https:\/\/www.greenpeace.org\/norway\/wp-json\/wp\/v2\/media?parent=55835"}],"wp:term":[{"taxonomy":"category","embeddable":true,"href":"https:\/\/www.greenpeace.org\/norway\/wp-json\/wp\/v2\/categories?post=55835"},{"taxonomy":"post_tag","embeddable":true,"href":"https:\/\/www.greenpeace.org\/norway\/wp-json\/wp\/v2\/tags?post=55835"},{"taxonomy":"p4-page-type","embeddable":true,"href":"https:\/\/www.greenpeace.org\/norway\/wp-json\/wp\/v2\/p4-page-type?post=55835"}],"curies":[{"name":"wp","href":"https:\/\/api.w.org\/{rel}","templated":true}]}}