{"id":560,"date":"2017-05-09T00:00:00","date_gmt":"2017-05-09T00:00:00","guid":{"rendered":"https:\/\/master.k8s.p4.greenpeace.org\/norway\/nyheter\/560\/220-000-mennesker-verden-over-ber-norge-beskytte-havet\/"},"modified":"2023-08-30T11:39:38","modified_gmt":"2023-08-30T10:39:38","slug":"220-000-mennesker-verden-over-ber-norge-beskytte-havet","status":"publish","type":"post","link":"https:\/\/www.greenpeace.org\/norway\/nyheter\/hav\/220-000-mennesker-verden-over-ber-norge-beskytte-havet\/","title":{"rendered":"220 000 mennesker verden over ber Norge beskytte havet"},"content":{"rendered":"\n<figure class=\"wp-block-image\"><img decoding=\"async\" src=\"https:\/\/www.greenpeace.org\/static\/planet4-norway-stateless\/2019\/04\/06c523d9-06c523d9-overrekking-croppa.png\" alt=\"Overrekkelse\"\/><\/figure>\n\n<p>I fjor vant vi en historisk seier, da vi fikk en samlet fiskerin\u00e6ring med p\u00e5 \u00e5 beskytte s\u00e5rbare havomr\u00e5der i Arktis. N\u00e5 krever vi at Klima- og milj\u00f8minister Vidar Helgesen f\u00f8lger opp og verner omr\u00e5dene \u2013 og med oss i ryggen har vi over 220 000 folk.<\/p>\n\n<p>Denne v\u00e5ren gikk et flertall p\u00e5 Stortinget inn for \u00e5 be regjeringen om \u00e5 vurdere \u00e5 innf\u00f8re et moratorium p\u00e5 utvidelsen av bunntr\u00e5ling i Arktis frem til 2020, da forvaltningsplanen for Barentshavet skal oppdateres. I april m\u00f8tte vi Klima- og milj\u00f8minister Vidar Helgesen og overrakte over 220 000 underskifter fra mennesker verden over, som alle ber Norge verne s\u00e5rbare havomr\u00e5der i Arktis.<\/p>\n\n<p>Havfiskefl\u00e5ten i Norge og Russland gikk i fjor sammen med den europeiske sj\u00f8matindustrien i en historisk avtale for \u00e5 bevare det marine milj\u00f8et i Arktis. Ingen nye omr\u00e5der rundt Svalbard og nordover i Arktis skal tr\u00e5les f\u00f8r en grundig milj\u00f8kartlegging er gjort. Den avtalen m\u00e5 Vidar Helgesen f\u00f8lge opp.<\/p>\n\n<figure class=\"wp-block-embed is-type-video is-provider-youtube wp-block-embed-youtube wp-embed-aspect-16-9 wp-has-aspect-ratio\"><div class=\"wp-block-embed__wrapper\">\n<lite-youtube style=\"background-image: url('https:\/\/i.ytimg.com\/vi\/uqcFQQ9KMTg\/hqdefault.jpg');\" videoid=\"uqcFQQ9KMTg\" params=\"rel=0\"><\/lite-youtube>\n<\/div><\/figure>\n\n<p>\u2013 Norge har forpliktet seg til \u00e5 verne s\u00e5rbare havomr\u00e5der. N\u00e5 har Vidar Helgesen en unik sjanse til dette. En samlet fiskerin\u00e6ring st\u00f8tter det midlertidige vernet frem til 2020. Deretter forventer vi selvsagt at de s\u00e5rbare omr\u00e5dene f\u00e5r varig vern mot all skadelig virksomhet, n\u00e5r forvaltningsplanen skal oppdateres, sa Truls Gulowsen, leder i Greenpeace Norge, i forbindelse med overrekkelsen.<\/p>\n\n<p>\u2013 Vi vil rose fiskerin\u00e6ringa for \u00e5 g\u00e5 foran sammen med oss for \u00e5 verne s\u00e5rbart liv i havet. At regjeringa s\u00e5 langt har v\u00e6rt mindre offensive enn fiskerin\u00e6ringa er pinlig, og vi forventer at Helgesen etter den klare anmodningen fra Stortinget n\u00e5 tar ansvar for \u00e5 rette opp dette, fortsatte Gulowsen.<\/p>\n\n<p>Stortinget har i tillegg til \u00e5 be Helgesen vurdere et moratorium mot bunntr\u00e5ling i Arktis, bedt ministeren levere en plan for marint vern i naturmangfoldsmeldinga fra 2016. Norge har gjennom konvensjonen for biologisk mangfold forpliktet seg til \u00e5 verne 10 prosent av v\u00e5re havomr\u00e5der innen 2020. S\u00e5 langt har Norge vernet mindre enn 1 prosent, og Helgesen har forel\u00f8pig ikke levert noen plan for hvordan man skal komme opp til 10 prosent vern.<\/p>\n\n<p>\u2013 Norske myndigheter skryter ofte av hvor flinke vi er til \u00e5 verne skogomr\u00e5der i andre land. Samtidig greier vi ikke \u00e5 verne v\u00e5re egne s\u00e5rbare omr\u00e5der. Vi forventer at Helgesen kommer med en plan for marint vern for norske havomr\u00e5der. I tillegg til at Stortinget har bedt ministeren vurdere dette spesielt i Arktis, har Stortinget ogs\u00e5 bedt Helgesen levere en generell plan. Den har vi forel\u00f8pig ikke sett snurten av, avsluttet Gulowsen.<\/p>\n\n<p><a href=\"http:\/\/bit.ly\/2qXih3z\">Her<\/a> kan du st\u00f8tte v\u00e5rt arbeid for et sunt og b\u00e6rekraftig hav.<\/p>\n","protected":false},"excerpt":{"rendered":"<p>N\u00e5 krever vi at klima- og milj\u00f8minister Vidar Helgesen f\u00f8lger opp og beskytter s\u00e5rbare havomr\u00e5der i Arktis \u2013 og med oss i ryggen har vi over 220 000 folk.<\/p>\n","protected":false},"author":27,"featured_media":898,"comment_status":"open","ping_status":"open","sticky":false,"template":"","format":"standard","meta":{"ep_exclude_from_search":false,"p4_og_title":"220 000 ber Norge beskytte havet","p4_og_description":"","p4_og_image":"","p4_og_image_id":"","p4_seo_canonical_url":"","p4_campaign_name":"not set","p4_local_project":"not set","p4_basket_name":"not set","p4_department":"","footnotes":""},"categories":[59],"tags":[32,33,75,34],"p4-page-type":[16],"class_list":["post-560","post","type-post","status-publish","format-standard","has-post-thumbnail","hentry","category-hav","tag-beskytthavet","tag-biologiskmangfold","tag-havindustri","tag-naturkrise","p4-page-type-nyheter"],"_links":{"self":[{"href":"https:\/\/www.greenpeace.org\/norway\/wp-json\/wp\/v2\/posts\/560","targetHints":{"allow":["GET"]}}],"collection":[{"href":"https:\/\/www.greenpeace.org\/norway\/wp-json\/wp\/v2\/posts"}],"about":[{"href":"https:\/\/www.greenpeace.org\/norway\/wp-json\/wp\/v2\/types\/post"}],"author":[{"embeddable":true,"href":"https:\/\/www.greenpeace.org\/norway\/wp-json\/wp\/v2\/users\/27"}],"replies":[{"embeddable":true,"href":"https:\/\/www.greenpeace.org\/norway\/wp-json\/wp\/v2\/comments?post=560"}],"version-history":[{"count":11,"href":"https:\/\/www.greenpeace.org\/norway\/wp-json\/wp\/v2\/posts\/560\/revisions"}],"predecessor-version":[{"id":57485,"href":"https:\/\/www.greenpeace.org\/norway\/wp-json\/wp\/v2\/posts\/560\/revisions\/57485"}],"wp:featuredmedia":[{"embeddable":true,"href":"https:\/\/www.greenpeace.org\/norway\/wp-json\/wp\/v2\/media\/898"}],"wp:attachment":[{"href":"https:\/\/www.greenpeace.org\/norway\/wp-json\/wp\/v2\/media?parent=560"}],"wp:term":[{"taxonomy":"category","embeddable":true,"href":"https:\/\/www.greenpeace.org\/norway\/wp-json\/wp\/v2\/categories?post=560"},{"taxonomy":"post_tag","embeddable":true,"href":"https:\/\/www.greenpeace.org\/norway\/wp-json\/wp\/v2\/tags?post=560"},{"taxonomy":"p4-page-type","embeddable":true,"href":"https:\/\/www.greenpeace.org\/norway\/wp-json\/wp\/v2\/p4-page-type?post=560"}],"curies":[{"name":"wp","href":"https:\/\/api.w.org\/{rel}","templated":true}]}}