{"id":56161,"date":"2023-06-20T18:08:24","date_gmt":"2023-06-20T17:08:24","guid":{"rendered":"https:\/\/www.greenpeace.org\/norway\/?p=56161"},"modified":"2023-12-22T14:04:25","modified_gmt":"2023-12-22T13:04:25","slug":"greenpeace-aksjonen-pa-mongstad-dag-for-dag","status":"publish","type":"post","link":"https:\/\/www.greenpeace.org\/norway\/nyheter\/energi\/greenpeace-aksjonen-pa-mongstad-dag-for-dag\/","title":{"rendered":"Greenpeace-aksjonen p\u00e5 Mongstad, dag for dag"},"content":{"rendered":"\n<figure class=\"wp-block-embed is-type-video is-provider-youtube wp-block-embed-youtube wp-embed-aspect-16-9 wp-has-aspect-ratio\"><div class=\"wp-block-embed__wrapper\">\n<lite-youtube style=\"background-image: url('https:\/\/i.ytimg.com\/vi\/-IiTNs4piUY\/hqdefault.jpg');\" videoid=\"-IiTNs4piUY\" params=\"rel=0\"><\/lite-youtube>\n<\/div><\/figure>\n\n<p>Fire Greenpeace-aktivister aksjonerte i 69 timer mot kjemikalietankskipet Bothnia p\u00e5 Mongstad. Her er oppdateringer fra aksjonen dag for dag.<\/p>\n\n<p>Den fredelige aksjonen er en protest mot at&nbsp;<a href=\"https:\/\/www.greenpeace.org\/norway\/nyheter\/energi\/equinor-sender-giftig-oljevann-ulovlig-til-danmark\/\">norsk oljeindustri, med Equinor i spissen, i tjuefem \u00e5r har eksportert giftig oljevann til Danmark<\/a>.<\/p>\n\n<p><em><strong>Oppdatering: <\/strong>Aktivistene valgte ved 17.30-tiden onsdag \u00e5 <a href=\"https:\/\/www.greenpeace.org\/norway\/nyheter\/energi\/aksjonen-pa-mongstad-avbrutt-etter-69-timer\/\">avbryte aksjonen p\u00e5 grunn av risikable v\u00e6rforhold.<\/a><\/em><\/p>\n\n<p>Skipet skal etter planen frakte opptil 9000 tonn giftig oljevann fra Equinor og deres oljeraffineri p\u00e5 Mongstad, til Danmark for dumping. Ledende norske jurister mener eksporten bryter med Baselkonvensjonen, som regulerer eksport av farlig avfall.<\/p>\n\n<p>\u00c5rlig er det snakk om opptil 150.000 tonn med oljevann, som inneholder giftige og kreftfremkallende kjemikalier som PFOS og PAH-er. Dette oljevannet slippes ut i danske havomr\u00e5der etter en utilstrekkelig renseprosess, og lokale fiskere melder om massed\u00f8d i fiskebestandene.&nbsp;<\/p>\n\n<p>Greenpeace mener eksporten m\u00e5 opph\u00f8re umiddelbart, og at Equinor m\u00e5 ta h\u00e5nd om sitt eget avfall selv, p\u00e5 forsvarlig vis, og ikke sende problemet videre til Danmark.<\/p>\n\n<p><a href=\"https:\/\/www.greenpeace.org\/norway\/nyheter\/hav\/seier-danmark-stopper-importen-av-giftig-norsk-oljevann\/\">LES OGS\u00c5: Seier! Danmark stopper importen av giftig norsk oljevann<\/a><\/p>\n\n<h2 class=\"wp-block-heading\">Oppdateringer fra aksjonen p\u00e5 Mongstad, dag for dag:<\/h2>\n\n<p><strong>18.6 kl 20.30: <\/strong>Ved hjelp av kraftige magneter og dykkerutstyr forankrer de fire aktivistene den lille Greenpeace-seilb\u00e5trn Tanker Tracker til kjemikalietankskipet Bothnia for \u00e5 hindre det i \u00e5 forlate Mongstad.<\/p>\n\n<figure class=\"wp-block-image size-full\"><img loading=\"lazy\" decoding=\"async\" width=\"800\" height=\"533\" src=\"https:\/\/www.greenpeace.org\/static\/planet4-norway-stateless\/2023\/06\/982f79fd-gp0stwpun_web_size.jpg\" alt=\"Ved hjelp av kraftige magneter og dykkerutstyr forankret en av Greenpeace-aktivistene seilb\u00e5ten til kjemikalietankskipet Bothnia for \u00e5 hindre det i \u00e5 forlate Mongstad.\" class=\"wp-image-56124\" srcset=\"https:\/\/www.greenpeace.org\/static\/planet4-norway-stateless\/2023\/06\/982f79fd-gp0stwpun_web_size.jpg 800w, https:\/\/www.greenpeace.org\/static\/planet4-norway-stateless\/2023\/06\/982f79fd-gp0stwpun_web_size-300x200.jpg 300w, https:\/\/www.greenpeace.org\/static\/planet4-norway-stateless\/2023\/06\/982f79fd-gp0stwpun_web_size-768x512.jpg 768w, https:\/\/www.greenpeace.org\/static\/planet4-norway-stateless\/2023\/06\/982f79fd-gp0stwpun_web_size-510x340.jpg 510w\" sizes=\"auto, (max-width: 800px) 100vw, 800px\" \/><\/figure>\n\n<p><strong>18.6 kl 22.00: <\/strong>Greenpeace-aktivistene har malt teksten &laquo;Equitoxic&raquo; p\u00e5 siden av skipet, men malingen blir spylt bort. <\/p>\n\n<figure class=\"wp-block-image aligncenter size-full\"><img loading=\"lazy\" decoding=\"async\" width=\"800\" height=\"533\" src=\"https:\/\/www.greenpeace.org\/static\/planet4-norway-stateless\/2023\/06\/b7c61a9e-gp0stwpua_web_size.jpg\" title=\"Greenpeace-aksjon p\u00e5 Mongstad mot kjemikalietankskipet Bothnia\" alt=\"Greenpeace-aktivistene malte &quot;Equitoxic&quot; p\u00e5 siden av skipet, men malingen ble spylt bort. Aktivistene krever at Equinor stanser eksporten av giftig oljeavfall til Danmark.\" class=\"wp-image-56120\" srcset=\"https:\/\/www.greenpeace.org\/static\/planet4-norway-stateless\/2023\/06\/b7c61a9e-gp0stwpua_web_size.jpg 800w, https:\/\/www.greenpeace.org\/static\/planet4-norway-stateless\/2023\/06\/b7c61a9e-gp0stwpua_web_size-300x200.jpg 300w, https:\/\/www.greenpeace.org\/static\/planet4-norway-stateless\/2023\/06\/b7c61a9e-gp0stwpua_web_size-768x512.jpg 768w, https:\/\/www.greenpeace.org\/static\/planet4-norway-stateless\/2023\/06\/b7c61a9e-gp0stwpua_web_size-510x340.jpg 510w\" sizes=\"auto, (max-width: 800px) 100vw, 800px\" \/><\/figure>\n\n<p><strong>19.6 kl 00.20:<\/strong> Politiet ankommer Mongstad med tjenestebiler og b\u00e5t, men forlater stedet. <\/p>\n\n<p><strong>19.6 kl 07.00: <\/strong>Aktivistene har hatt en rolig natt hvor de har sovet p\u00e5 skift. Tanker Tracker forhindrer fortsatt lastingen av avfallet.<\/p>\n\n<figure class=\"wp-block-image size-full\"><img loading=\"lazy\" decoding=\"async\" width=\"800\" height=\"533\" src=\"https:\/\/www.greenpeace.org\/static\/planet4-norway-stateless\/2023\/06\/54f266ed-gp0stwpvg_web_size.jpg\" alt=\"Greenpeace-aktivist om bord p\u00e5 seilb\u00e5ten Tanker Tracker under aksjon p\u00e5 Mongstad mot Equinors eksport av giftig oljevann til Danmark.\" class=\"wp-image-56166\" srcset=\"https:\/\/www.greenpeace.org\/static\/planet4-norway-stateless\/2023\/06\/54f266ed-gp0stwpvg_web_size.jpg 800w, https:\/\/www.greenpeace.org\/static\/planet4-norway-stateless\/2023\/06\/54f266ed-gp0stwpvg_web_size-300x200.jpg 300w, https:\/\/www.greenpeace.org\/static\/planet4-norway-stateless\/2023\/06\/54f266ed-gp0stwpvg_web_size-768x512.jpg 768w, https:\/\/www.greenpeace.org\/static\/planet4-norway-stateless\/2023\/06\/54f266ed-gp0stwpvg_web_size-510x340.jpg 510w\" sizes=\"auto, (max-width: 800px) 100vw, 800px\" \/><\/figure>\n\n<p><strong>19.6 kl 10.05: <\/strong>Medlemmer av Folketinget, det danske parlamentet, viser st\u00f8tte til aksjonen.<\/p>\n\n<figure class=\"wp-block-image size-large is-resized\"><img loading=\"lazy\" decoding=\"async\" src=\"https:\/\/www.greenpeace.org\/static\/planet4-norway-stateless\/2023\/06\/68e995aa-fzfhgduwacmdtjd-694x1024.jpg\" alt=\"\" class=\"wp-image-56204\" width=\"347\" height=\"512\" srcset=\"https:\/\/www.greenpeace.org\/static\/planet4-norway-stateless\/2023\/06\/68e995aa-fzfhgduwacmdtjd-694x1024.jpg 694w, https:\/\/www.greenpeace.org\/static\/planet4-norway-stateless\/2023\/06\/68e995aa-fzfhgduwacmdtjd-203x300.jpg 203w, https:\/\/www.greenpeace.org\/static\/planet4-norway-stateless\/2023\/06\/68e995aa-fzfhgduwacmdtjd-230x340.jpg 230w, https:\/\/www.greenpeace.org\/static\/planet4-norway-stateless\/2023\/06\/68e995aa-fzfhgduwacmdtjd.jpg 750w\" sizes=\"auto, (max-width: 347px) 100vw, 347px\" \/><\/figure>\n\n<p><strong>19.6 kl 10.30:<\/strong> Politiet uttaler til <a href=\"https:\/\/www.bt.no\/hendelser\/i\/abeW0M\/kai-sjefen-vil-ikke-be-politiet-fjerne-demonstranter-som-blokkerer-tankskip-sikkerhet-er-det-viktigste\">Bergens Tidende <\/a>at aktivistene har rett til \u00e5 demonstrere, og at politiet ikke vil g\u00e5 til aksjon mot demonstrantene med mindre liv og helse er truet.<\/p>\n\n<figure class=\"wp-block-image aligncenter size-full\"><img loading=\"lazy\" decoding=\"async\" width=\"340\" height=\"331\" src=\"https:\/\/www.greenpeace.org\/static\/planet4-norway-stateless\/2023\/06\/7da22ce5-greenpeace-aksjon-mongstad-bergens-tidende.webp\" alt=\"\" class=\"wp-image-56162\"\/><\/figure>\n\n<p><strong>19.6 kl 12.30<\/strong>: Aktivistene maler igjen p\u00e5 siden av tankskipet, denne gangen &laquo;End Fossil Crimes&raquo;.<\/p>\n\n<figure class=\"wp-block-image size-full\"><img loading=\"lazy\" decoding=\"async\" width=\"800\" height=\"599\" src=\"https:\/\/www.greenpeace.org\/static\/planet4-norway-stateless\/2023\/06\/b0581b0c-gp0stwqd2_web_size.jpg\" alt=\"Greenpeace-aktivister om bord p\u00e5 Tanker Tracker har malt teksten &quot;End Fossil Crimes&quot; p\u00e5 siden av kjemikalietankskipet Bothnia p\u00e5 Mongstad.\" class=\"wp-image-56167\" srcset=\"https:\/\/www.greenpeace.org\/static\/planet4-norway-stateless\/2023\/06\/b0581b0c-gp0stwqd2_web_size.jpg 800w, https:\/\/www.greenpeace.org\/static\/planet4-norway-stateless\/2023\/06\/b0581b0c-gp0stwqd2_web_size-300x225.jpg 300w, https:\/\/www.greenpeace.org\/static\/planet4-norway-stateless\/2023\/06\/b0581b0c-gp0stwqd2_web_size-768x575.jpg 768w, https:\/\/www.greenpeace.org\/static\/planet4-norway-stateless\/2023\/06\/b0581b0c-gp0stwqd2_web_size-454x340.jpg 454w\" sizes=\"auto, (max-width: 800px) 100vw, 800px\" \/><\/figure>\n\n<p><strong>19.6 kl 20.30: <\/strong>Aksjonen har vart i 24 timer, og aksjonistene g\u00e5r dermed inn i sitt andre d\u00f8gn om bord p\u00e5 Tanker Tracker. Aktivistene er ved godt mot og har forsyninger nok til \u00e5 bli en lang stund. De takker for all st\u00f8tten de har f\u00e5tt fra nordmenn og dansker.<\/p>\n\n<figure class=\"wp-block-image aligncenter size-full is-resized\"><img loading=\"lazy\" decoding=\"async\" src=\"https:\/\/www.greenpeace.org\/static\/planet4-norway-stateless\/2023\/06\/e1b1f6b2-signal-2023-06-19-211849.jpeg\" alt=\"\" class=\"wp-image-56173\" width=\"375\" height=\"467\" srcset=\"https:\/\/www.greenpeace.org\/static\/planet4-norway-stateless\/2023\/06\/e1b1f6b2-signal-2023-06-19-211849.jpeg 749w, https:\/\/www.greenpeace.org\/static\/planet4-norway-stateless\/2023\/06\/e1b1f6b2-signal-2023-06-19-211849-241x300.jpeg 241w, https:\/\/www.greenpeace.org\/static\/planet4-norway-stateless\/2023\/06\/e1b1f6b2-signal-2023-06-19-211849-273x340.jpeg 273w\" sizes=\"auto, (max-width: 375px) 100vw, 375px\" \/><\/figure>\n\n<p><strong>20.6 kl 08.40<\/strong>:&nbsp;\u2013 Aktivistene, Hanna Boman fra Sverige, Hanna Jauhiainen fra Finland og Amanda Louise Helle og Cinta Hondsmark fra Norge, melder om en rolig natt til tross for en del b\u00f8lger p\u00e5 vannet.<\/p>\n\n<figure class=\"wp-block-image size-full\"><img loading=\"lazy\" decoding=\"async\" width=\"800\" height=\"600\" src=\"https:\/\/www.greenpeace.org\/static\/planet4-norway-stateless\/2023\/06\/f739cc5b-gp0stwq8q_web_size.jpg\" title=\"Greenpeace-aktivistene Hanna Boman fra Sverige, Hanna Jauhiainen fra Finland. Amanda Louise Helle og Cinta Hondsmark fra Norge.\" alt=\"\" class=\"wp-image-56168\" srcset=\"https:\/\/www.greenpeace.org\/static\/planet4-norway-stateless\/2023\/06\/f739cc5b-gp0stwq8q_web_size.jpg 800w, https:\/\/www.greenpeace.org\/static\/planet4-norway-stateless\/2023\/06\/f739cc5b-gp0stwq8q_web_size-300x225.jpg 300w, https:\/\/www.greenpeace.org\/static\/planet4-norway-stateless\/2023\/06\/f739cc5b-gp0stwq8q_web_size-768x576.jpg 768w, https:\/\/www.greenpeace.org\/static\/planet4-norway-stateless\/2023\/06\/f739cc5b-gp0stwq8q_web_size-453x340.jpg 453w\" sizes=\"auto, (max-width: 800px) 100vw, 800px\" \/><\/figure>\n\n<p><strong>20.6 kl 12.30:<\/strong> En b\u00e5t fra Naturvernforbundet kj\u00f8rer forbi Tanker Tracker og aktivistene for \u00e5 vise st\u00f8tte til aksjonen.<\/p>\n\n<figure class=\"wp-block-image size-large is-resized\"><img loading=\"lazy\" decoding=\"async\" src=\"https:\/\/www.greenpeace.org\/static\/planet4-norway-stateless\/2023\/06\/1ad886d0-img_3587-622x1024.jpg\" alt=\"Naturvernforbundet viser sin st\u00f8tte til aktivistene p\u00e5 Mongstad med b\u00e5t og banner.\" class=\"wp-image-56208\" width=\"467\" height=\"768\" srcset=\"https:\/\/www.greenpeace.org\/static\/planet4-norway-stateless\/2023\/06\/1ad886d0-img_3587-622x1024.jpg 622w, https:\/\/www.greenpeace.org\/static\/planet4-norway-stateless\/2023\/06\/1ad886d0-img_3587-182x300.jpg 182w, https:\/\/www.greenpeace.org\/static\/planet4-norway-stateless\/2023\/06\/1ad886d0-img_3587-206x340.jpg 206w, https:\/\/www.greenpeace.org\/static\/planet4-norway-stateless\/2023\/06\/1ad886d0-img_3587.jpg 750w\" sizes=\"auto, (max-width: 467px) 100vw, 467px\" \/><\/figure>\n\n<figure class=\"wp-block-embed is-type-video is-provider-youtube wp-block-embed-youtube wp-embed-aspect-16-9 wp-has-aspect-ratio\"><div class=\"wp-block-embed__wrapper\">\n<lite-youtube style=\"background-image: url('https:\/\/i.ytimg.com\/vi\/OGHqFIzWqms\/hqdefault.jpg');\" videoid=\"OGHqFIzWqms\" params=\"rel=0\"><\/lite-youtube>\n<\/div><\/figure>\n\n<p><strong>20.6 kl 17.30: <\/strong>Aktivistene mottar et brev fra Mongstad forsyningsbase der de blir anmodet til \u00e5 avslutte protesten og forlate omr\u00e5det.<\/p>\n\n<p><strong>20.6 kl 20.30: <\/strong>Aksjonen har vart i 48 timer og fortsetter.<\/p>\n\n<figure class=\"wp-block-image size-large\"><img loading=\"lazy\" decoding=\"async\" width=\"1024\" height=\"768\" src=\"https:\/\/www.greenpeace.org\/static\/planet4-norway-stateless\/2023\/06\/ac7a2586-signal-2023-06-20-220212_004-1024x768.jpeg\" alt=\"De norske aktivistene Amanda og Cinta hviler p\u00e5 Tanker Tracker, som er festet til kjemikalietankskipet Bothnia p\u00e5 Mongstad.\" class=\"wp-image-56206\" srcset=\"https:\/\/www.greenpeace.org\/static\/planet4-norway-stateless\/2023\/06\/ac7a2586-signal-2023-06-20-220212_004-1024x768.jpeg 1024w, https:\/\/www.greenpeace.org\/static\/planet4-norway-stateless\/2023\/06\/ac7a2586-signal-2023-06-20-220212_004-300x225.jpeg 300w, https:\/\/www.greenpeace.org\/static\/planet4-norway-stateless\/2023\/06\/ac7a2586-signal-2023-06-20-220212_004-768x576.jpeg 768w, https:\/\/www.greenpeace.org\/static\/planet4-norway-stateless\/2023\/06\/ac7a2586-signal-2023-06-20-220212_004-1536x1152.jpeg 1536w, https:\/\/www.greenpeace.org\/static\/planet4-norway-stateless\/2023\/06\/ac7a2586-signal-2023-06-20-220212_004-453x340.jpeg 453w, https:\/\/www.greenpeace.org\/static\/planet4-norway-stateless\/2023\/06\/ac7a2586-signal-2023-06-20-220212_004.jpeg 1600w\" sizes=\"auto, (max-width: 1024px) 100vw, 1024px\" \/><\/figure>\n\n<p><strong>21.6 kl 06.47:<\/strong> Aksjonen p\u00e5g\u00e5r fortsatt. Stortingspolitiker Sofie Marhaug (R\u00f8dt) sympatiserer med aktivistene og krever svar fra n\u00e6ringsministeren.<\/p>\n\n<figure class=\"wp-block-embed aligncenter is-type-rich is-provider-twitter wp-block-embed-twitter\"><div class=\"wp-block-embed__wrapper\">\n<blockquote class=\"twitter-tweet\" data-width=\"500\" data-dnt=\"true\"><p lang=\"no\" dir=\"ltr\">\u00abN\u00e5r vi eksporterer til utlandet, s\u00e5 kan ikke vi drite i hva som skjer med det. Vi har et internasjonalt milj\u00f8ansvar, sier Sofie Marhaug.\u00bb<a href=\"https:\/\/twitter.com\/GreenpeaceNorge?ref_src=twsrc%5Etfw\">@GreenpeaceNorge<\/a> <a href=\"https:\/\/t.co\/2YR5zqlG8R\">https:\/\/t.co\/2YR5zqlG8R<\/a><\/p>&mdash; Sofie Marhaug (@SofieMarhaug) <a href=\"https:\/\/twitter.com\/SofieMarhaug\/status\/1671379329597440001?ref_src=twsrc%5Etfw\">June 21, 2023<\/a><\/blockquote><script async src=\"https:\/\/platform.twitter.com\/widgets.js\" charset=\"utf-8\"><\/script>\n<\/div><\/figure>\n\n<p><strong>21.6 kl. 09.00: <\/strong>Aktivistene sender et brev til Equinor der de ber selskapet om \u00e5 stanse eksporten av giftig oljevann. Aksjonen har n\u00e5 vart i over 60 timer.<\/p>\n\n<div data-wp-interactive=\"core\/file\" class=\"wp-block-file aligncenter\"><object data-wp-bind--hidden=\"!state.hasPdfPreview\" hidden class=\"wp-block-file__embed\" data=\"https:\/\/www.greenpeace.org\/static\/planet4-norway-stateless\/2023\/06\/1038ce65-brev-til-equinor.pdf\" type=\"application\/pdf\" style=\"width:100%;height:451px\" aria-label=\"Innbygging av Brev til Equinor\"><\/object><a id=\"wp-block-file--media-1c7bf17f-b788-4fc9-b18f-c4b59f7eab12\" href=\"https:\/\/www.greenpeace.org\/static\/planet4-norway-stateless\/2023\/06\/1038ce65-brev-til-equinor.pdf\" target=\"_blank\" rel=\"noreferrer noopener\">Brev til Equinor<\/a><a href=\"https:\/\/www.greenpeace.org\/static\/planet4-norway-stateless\/2023\/06\/1038ce65-brev-til-equinor.pdf\" class=\"wp-block-file__button wp-element-button\" download aria-describedby=\"wp-block-file--media-1c7bf17f-b788-4fc9-b18f-c4b59f7eab12\">Download<\/a><\/div>\n\n<p><strong>21.6 kl 17.30:<\/strong> De fire Greenpeace-aktivistene velger ved 17.30-tiden \u00e5 avbryte aksjonen p\u00e5 grunn av risikable v\u00e6rforhold. Aktivistene er forn\u00f8yde med \u00e5 ha blokkert Equinors ulovlige eksport av giftig oljeavfall til Danmark i 69 timer.<\/p>\n\n<p>\u2013 Sikkerhet er selvf\u00f8lgelig v\u00e5r h\u00f8yeste prioritet, og n\u00e5 s\u00e5 vi at det var p\u00e5 tide \u00e5 avbryte aksjonen etter nesten tre d\u00f8gn med vellykket blokade. Det betyr ikke at kampen mot Equinors giftige oljevann er over, og vi forventer et hastem\u00f8te med Equinor, sier aktivist Amanda Louise Helle.<\/p>\n\n<hr class=\"wp-block-separator has-alpha-channel-opacity\"\/>\n\n<p><strong>28. juni: <\/strong>Danmarks milj\u00f8minister Magnus Heunicke <a href=\"https:\/\/www.greenpeace.org\/norway\/nyheter\/energi\/danmarks-miljominister-kaller-import-av-giftig-norsk-oljevann-ulovlig\/\">kaller importen av norsk oljevann ulovlig<\/a>, og sier han vil jobbe for \u00e5 stoppe importen.<\/p>\n\n<hr class=\"wp-block-separator has-alpha-channel-opacity\"\/>\n\n<h2 class=\"wp-block-heading\">Slik kan du engasjere deg:<\/h2>\n\n<h3 class=\"wp-block-heading\">1. Bli med og gi Equinor klar beskjed om \u00e5 stanse eksporten av giftig&nbsp;oljevann&nbsp;til Danmark<\/h3>\n\n<p>La oss fylle Equinors sosiale medier-kontoer med kommentarer om denne saken, s\u00e5 det blir umulig for dem \u00e5 ignorere oss.&nbsp;<strong>Dette kan du gj\u00f8re:<br><br>G\u00e5 til Equinors&nbsp;<a rel=\"noreferrer noopener\" href=\"https:\/\/click.norden.greenpeace.org\/?qs=5806c8c92031522f8ed508a3017bfc8ed3f8d9eff722feec71212a461929911b054346c924526f2458d61c1848f865efb052cf8786faaeaefc899c6729234cdf\" target=\"_blank\">Instagram<\/a>-,&nbsp;<a rel=\"noreferrer noopener\" href=\"https:\/\/click.norden.greenpeace.org\/?qs=5806c8c92031522f5a26aec8511624a5680e34ded599a9bb6a5059b6491a5751d96712b0dfff6043eef15fdbff26df8732629c99696cd13b8c33e4575ca693a3\" target=\"_blank\">Twitter<\/a>&#8211; eller&nbsp;<a rel=\"noreferrer noopener\" href=\"https:\/\/click.norden.greenpeace.org\/?qs=5806c8c92031522f97e3ccaccd140c2f843a46f7591ce7eae119b59de5aa8caab052db3a31912d189f69ab66818798ba65f2efd6d07a6f8d1b4d73b3a73ecd67\" target=\"_blank\">Facebook&nbsp;<\/a>-side og kommenter p\u00e5 en av de siste postene deres.&nbsp;<\/strong>Her er forslag til tekst \u2013 bruk gjerne et par minutter p\u00e5 \u00e5 gj\u00f8re teksten mer personlig:<\/p>\n\n<ul class=\"wp-block-list\">\n<li><em>Equinor, slutt \u00e5 eksportere giftig&nbsp;oljevann&nbsp;til Danmark!<\/em><\/li>\n\n\n\n<li><em>Equinor m\u00e5 stoppe den ulovlige eksporten av farlig avfall til Danmark umiddelbart!<\/em><\/li>\n\n\n\n<li><em>Equinor, hvordan kan dere forsvare utslipp av giftig&nbsp;oljevann&nbsp;i danske havomr\u00e5der? Lokale fiskere melder om massed\u00f8d i fiskebestandene.&nbsp;<\/em><\/li>\n\n\n\n<li><em>Det giftige oljevannet deres \u00f8delegger danske farvann og dreper fisken. F\u00e5 en slutt p\u00e5 det med en eneste gang!<\/em><\/li>\n\n\n\n<li><em>Equinor, ta ansvar for de 120.000 tonnene med giftig&nbsp;vann&nbsp;dere sender til Danmark<\/em><\/li>\n<\/ul>\n\n<h3 class=\"wp-block-heading\">2. Bli Greenpeace-aktivist<\/h3>\n\n<p><strong>\u00d8nsker du \u00e5 l\u00e6re mer om sivil ulydighet og kanskje bli frivillig eller aktivist i Greenpeace?&nbsp;<\/strong><a href=\"https:\/\/www.greenpeace.org\/norway\/om-oss\/sivil-ulydighet-hva-er-det-og-hvordan-bruker-vi-det\/\"><strong>Les mer om<\/strong> <strong>sivil ulydighet og bli Greenpeace-aktivist her.<\/strong><\/a><\/p>\n\n<p>Du trenger ikke v\u00e6re ekstra modig eller i veldig god fysisk form for \u00e5 v\u00e6re Greenpeace-aktivist. I Greenpeace mener vi at det er mange m\u00e5ter \u00e5 v\u00e6re aktivist p\u00e5 \u2013 \u00e5 klatre p\u00e5 oljerigger eller blokkere et stort skip er ikke for alle. Greenpeace sine frivillige er ogs\u00e5 aktivister som gj\u00f8r fantastisk arbeid for \u00e5 \u00f8ke bevisstheten og kunnskapen om klima- og milj\u00f8saker. Aktivisme handler ogs\u00e5 om \u00e5 male bannere, p\u00e5virke politikere gjennom \u00e5 skrive brev, holde foredrag p\u00e5 skoler eller hjelpe til med unders\u00f8kelser p\u00e5 Greenpeace-kontorene eller ute i felt.<\/p>\n\n<p><strong>\u00c5 v\u00e6re aktivist handler f\u00f8rst og fremst om dedikasjon og vilje til \u00e5 gj\u00f8re en innsats for framtiden v\u00e5r og skape forandring. Jo flere vi er, desto sterkere er vi<\/strong>.<a href=\"https:\/\/www.facebook.com\/events\/2379514695555839?paipv=0&amp;eav=AfbQisi52FGUGoAqJ1BDxyPeQluUobEzLDisVzgfLnNbRyWPArpwsnL1_qMgcduRTWw&amp;_rdr\"> <\/a><\/p>\n\n<section class=\"block accordion-block wp-block-planet4-blocks-accordion is-style-light\"><header><h2 class=\"page-section-header\">Sp\u00f8rsm\u00e5l og svar om eksporten av oljevann til Danmark<\/h2><\/header><div class=\"accordion-content\"><div class=\"accordion-headline\" name=\"Hva er alternativet til \u00e5 sende oljeavfallet til Danmark?\">Hva er alternativet til \u00e5 sende oljeavfallet til Danmark?<\/div><div class=\"panel panel-hidden\"><p class=\"accordion-text\">Alternativet er at Equinor bygger opp kapasitet for \u00e5 h\u00e5ndtere avfallet her hjemme i Norge, slik Baselkonvensjonen krever.<br><br>Equinor har ikke tatt kostnadene ved \u00e5 bygge opp kapasiteten til \u00e5 h\u00e5ndtere dette avfallet i l\u00f8pet av de 24 \u00e5rene som har g\u00e5tt. I stedet har de eksportert problemet til Danmark. <br><br>Ved behandling av produsert vann i Norge m\u00e5 det stilles strenge milj\u00f8krav. I Danmark har danske medier rapportert om at rensingen ikke har skjedd ved bruk av den best tilgjengelige teknologien. Det kan ikke tillates i Norge. Om Equinor ikke greier \u00e5 rense oljevannet p\u00e5 en tilfredsstillende m\u00e5te, s\u00e5 m\u00e5 oljeproduksjonen begrenses.<\/p><\/div><\/div><div class=\"accordion-content\"><div class=\"accordion-headline\" name=\"Hva sier myndighetene i Danmark?\">Hva sier myndighetene i Danmark?<\/div><div class=\"panel panel-hidden\"><p class=\"accordion-text\">I Danmark har debatten om importen av Equinors giftige oljeavfall tiltatt siden i fjor h\u00f8st. Saken endte opp p\u00e5 milj\u00f8ministeren bord, og i midten av april besluttet danskene i framtiden \u00e5 si nei til importen av Equinors giftige avfall. Den danske milj\u00f8ministeren, Magnus Heunicke, brukte de voldsomme milj\u00f8p\u00e5virkningene som begrunnelse for at landet n\u00e5 sier nei.<br><br>Danmarks nei til nye importtillatelser betyr at den n\u00e5v\u00e6rende tillatelsen vil bli den siste. Men den l\u00f8per ikke ut f\u00f8r om 2,5 \u00e5r. Det betyr at Equinor kan fortsette \u00e5 snike seg unna ansvaret for avfallet sitt i lang tid framover.<\/p><\/div><\/div><div class=\"accordion-content\"><div class=\"accordion-headline\" name=\"Er praksisen lovlig?\">Er praksisen lovlig?<\/div><div class=\"panel panel-hidden\"><p class=\"accordion-text\">Jusprofessor Ole Kristian Fauchald har uttalt til<a href=\"https:\/\/www.nrk.no\/klima\/norge-eksporterer-farlig-oljeavfall-til-danmark_-_-ulovlig_-mener-jusprofessor-1.16252622?fbclid=IwAR0pKca70He2aVHpNOp1tGLhrLiXxVo_DwBwY6KcIR0ENTyxm29ta8r7L-4\"> NRK<\/a> at han mener eksporten bryter med Baselkonvensjonen, en internasjonal konvensjon som regulerer eksport av farlig avfall. Fauchald p\u00e5peker at Norge har en plikt til \u00e5 gripe inn og stanse eksporten n\u00e5r det kommer fram at avfallet ikke behandles tilstrekkelig. Ogs\u00e5 i Danmark har jusseksperter landet p\u00e5 at regelverket brytes, b\u00e5de ved at importen tillates inn til Danmark, og at RGS, selskapet som behandler avfallet, har en milj\u00f8godkjenning til tross for at utslippene bryter med milj\u00f8kvalitetskrav.<\/p><\/div><\/div><\/section>\n\t\t\t<section\n\t\t\tclass=\"boxout post-56781 \"\n\t\t\t\n\t\t>\n\t\t\t<a\n\t\t\t\tdata-ga-category=\"Take Action Boxout\"\n\t\t\t\tdata-ga-action=\"Image\"\n\t\t\t\tdata-ga-label=\"n\/a\"\n\t\t\t\tclass=\"cover-card-overlay\"\n\t\t\t\thref=\"https:\/\/www.greenpeace.org\/norway\/vaer-med\/bli-greenpeace-aktivist\/\" \n\t\t\t><\/a>\n\t\t\t\t\t\t\t<img\n\t\t\t\t\t\tsrc=\"https:\/\/www.greenpeace.org\/static\/planet4-norway-stateless\/2023\/07\/ff64498d-09_topten_gp1sx8x8.webp\"\n\t\t\t\t\t\tsrcset=\"https:\/\/www.greenpeace.org\/static\/planet4-norway-stateless\/2023\/07\/ff64498d-09_topten_gp1sx8x8-300x169.webp 300w, https:\/\/www.greenpeace.org\/static\/planet4-norway-stateless\/2023\/07\/ff64498d-09_topten_gp1sx8x8-768x432.webp 768w, https:\/\/www.greenpeace.org\/static\/planet4-norway-stateless\/2023\/07\/ff64498d-09_topten_gp1sx8x8-510x287.webp 510w, https:\/\/www.greenpeace.org\/static\/planet4-norway-stateless\/2023\/07\/ff64498d-09_topten_gp1sx8x8.webp 800w\"\n\t\t\t\t\t\tsizes=\"(min-width: 1000px) 358px, (min-width: 780px) 313px, 88px\"\n\t\t\t\t\t\talt=\"\" title=\"\"\n\t\t\t\t\/>\n            \t\t\t<div class=\"boxout-content\">\n\t\t\t\t\t\t\t\t\t<a\n\t\t\t\t\t\tclass=\"boxout-heading medium\"\n\t\t\t\t\t\tdata-ga-category=\"Take Action Boxout\"\n\t\t\t\t\t\tdata-ga-action=\"Title\"\n\t\t\t\t\t\tdata-ga-label=\"n\/a\"\n\t\t\t\t\t\thref=\"https:\/\/www.greenpeace.org\/norway\/vaer-med\/bli-greenpeace-aktivist\/\"\n\t\t\t\t\t\t\n\t\t\t\t\t>\n\t\t\t\t\t\tBli Greenpeace-aktivist\n\t\t\t\t\t<\/a>\n\t\t\t\t\t\t\t\t\t\t\t\t\t<p class=\"boxout-excerpt\">Det f\u00f8rste steget mot \u00e5 bli Greenpeace-aktivist er \u00e5 delta i kurset \u201cIntroduksjon til sivil ulydighet\u201d. Her f\u00e5r du  l\u00e6re mer om sivil ulydighet og kraften i fredelige aksjoner. Registrer deg i dag.<\/p>\n\t\t\t\t                                    <a\n                        class=\"btn btn-primary\"\n                        data-ga-category=\"Take Action Boxout\"\n                        data-ga-action=\"Call to Action\"\n                        data-ga-label=\"n\/a\"\n                        href=\"https:\/\/www.greenpeace.org\/norway\/vaer-med\/bli-greenpeace-aktivist\/\"\n                        \n                    >\n                        V\u00e6r med\n                    <\/a>\n                \t\t\t<\/div>\n\t\t\t\t\t<\/section>\n\t","protected":false},"excerpt":{"rendered":"<p>Fire Greenpeace-aktivister aksjonerte i 69 timer mot kjemikalietankskipet Bothnia p\u00e5 Mongstad. Her er oppdateringer fra aksjonen dag for dag.<\/p>\n","protected":false},"author":27,"featured_media":56168,"comment_status":"closed","ping_status":"closed","sticky":false,"template":"","format":"standard","meta":{"ep_exclude_from_search":false,"p4_og_title":"","p4_og_description":"","p4_og_image":"","p4_og_image_id":"","p4_seo_canonical_url":"","p4_campaign_name":"","p4_local_project":"","p4_basket_name":"","p4_department":"","footnotes":""},"categories":[58,59],"tags":[41,29,94,32,38],"p4-page-type":[16],"class_list":["post-56161","post","type-post","status-publish","format-standard","has-post-thumbnail","hentry","category-energi","category-hav","tag-sivilulydighet","tag-fossilenergi","tag-equinor","tag-beskytthavet","tag-forurensning","p4-page-type-nyheter"],"_links":{"self":[{"href":"https:\/\/www.greenpeace.org\/norway\/wp-json\/wp\/v2\/posts\/56161","targetHints":{"allow":["GET"]}}],"collection":[{"href":"https:\/\/www.greenpeace.org\/norway\/wp-json\/wp\/v2\/posts"}],"about":[{"href":"https:\/\/www.greenpeace.org\/norway\/wp-json\/wp\/v2\/types\/post"}],"author":[{"embeddable":true,"href":"https:\/\/www.greenpeace.org\/norway\/wp-json\/wp\/v2\/users\/27"}],"replies":[{"embeddable":true,"href":"https:\/\/www.greenpeace.org\/norway\/wp-json\/wp\/v2\/comments?post=56161"}],"version-history":[{"count":20,"href":"https:\/\/www.greenpeace.org\/norway\/wp-json\/wp\/v2\/posts\/56161\/revisions"}],"predecessor-version":[{"id":58883,"href":"https:\/\/www.greenpeace.org\/norway\/wp-json\/wp\/v2\/posts\/56161\/revisions\/58883"}],"wp:featuredmedia":[{"embeddable":true,"href":"https:\/\/www.greenpeace.org\/norway\/wp-json\/wp\/v2\/media\/56168"}],"wp:attachment":[{"href":"https:\/\/www.greenpeace.org\/norway\/wp-json\/wp\/v2\/media?parent=56161"}],"wp:term":[{"taxonomy":"category","embeddable":true,"href":"https:\/\/www.greenpeace.org\/norway\/wp-json\/wp\/v2\/categories?post=56161"},{"taxonomy":"post_tag","embeddable":true,"href":"https:\/\/www.greenpeace.org\/norway\/wp-json\/wp\/v2\/tags?post=56161"},{"taxonomy":"p4-page-type","embeddable":true,"href":"https:\/\/www.greenpeace.org\/norway\/wp-json\/wp\/v2\/p4-page-type?post=56161"}],"curies":[{"name":"wp","href":"https:\/\/api.w.org\/{rel}","templated":true}]}}