{"id":56282,"date":"2023-07-03T13:57:25","date_gmt":"2023-07-03T12:57:25","guid":{"rendered":"https:\/\/www.greenpeace.org\/norway\/?p=56282"},"modified":"2023-12-19T15:05:39","modified_gmt":"2023-12-19T14:05:39","slug":"danmarks-miljominister-kaller-import-av-giftig-norsk-oljevann-ulovlig","status":"publish","type":"post","link":"https:\/\/www.greenpeace.org\/norway\/nyheter\/energi\/danmarks-miljominister-kaller-import-av-giftig-norsk-oljevann-ulovlig\/","title":{"rendered":"Kaller importen av norsk oljevann ulovlig"},"content":{"rendered":"\n<figure class=\"wp-block-image size-large\"><img loading=\"lazy\" decoding=\"async\" width=\"1024\" height=\"683\" src=\"https:\/\/www.greenpeace.org\/static\/planet4-norway-stateless\/2023\/07\/04395337-gp0stwwgb-1024x683.jpg\" title=\"Toxic Waste Water Tanker Blocked in Protest in Danish Waters. \u00a9 Greenpeace \/ Jason White\" alt=\"Aktivister blokkerer skipet Boyne utenfor Danmark, i en protest mot eksport av norsk oljevann til Danmark. Aktivist holder banner med teksten &quot;Ja, vi elsker dette vannet&quot;.\" class=\"wp-image-56284\" srcset=\"https:\/\/www.greenpeace.org\/static\/planet4-norway-stateless\/2023\/07\/04395337-gp0stwwgb-1024x683.jpg 1024w, https:\/\/www.greenpeace.org\/static\/planet4-norway-stateless\/2023\/07\/04395337-gp0stwwgb-300x200.jpg 300w, https:\/\/www.greenpeace.org\/static\/planet4-norway-stateless\/2023\/07\/04395337-gp0stwwgb-768x512.jpg 768w, https:\/\/www.greenpeace.org\/static\/planet4-norway-stateless\/2023\/07\/04395337-gp0stwwgb-510x340.jpg 510w, https:\/\/www.greenpeace.org\/static\/planet4-norway-stateless\/2023\/07\/04395337-gp0stwwgb.jpg 1200w\" sizes=\"auto, (max-width: 1024px) 100vw, 1024px\" \/><figcaption><div class=\"credit icon-left\"> \u00a9 Greenpeace \/ Jason White<\/div><\/figcaption><\/figure>\n\n<p><strong>Danmarks milj\u00f8minister lytter til bekymrede dansker, Greenpeace og andre organisasjoner som har advart mot importen av giftig norsk oljevann. Magnus Heunicke<\/strong> <strong>kaller importen av oljevannet fra Equinor og norsk oljeindustri ulovlig, og \u00f8nsker en umiddelbar stopp av importen.<\/strong><\/p>\n\n<p>Etter flere dager med aksjoner og lokale protesterer mot Equinors eksport av giftig oljevann til Danmark har presset p\u00e5 den danske milj\u00f8ministeren, som sitter p\u00e5 importtillatelsen, eksplodert. <a href=\"https:\/\/www.facebook.com\/photo?fbid=800295191449778&amp;set=pb.100044079143932.-2207520000.\">Danskene tok til sosiale medier<\/a> og ba den danske milj\u00f8ministeren, Magnus Heunicke, om \u00e5 stoppe importen av <a href=\"https:\/\/www.greenpeace.org\/norway\/nyheter\/energi\/equinor-sender-giftig-oljevann-ulovlig-til-danmark\/\">giftig oljevann fra Equinor og den norske oljeindustrien<\/a>. <\/p>\n\n<p>I forrige uke tok ministeren kontakt med Greenpeace i Danmark, og bekreftet at han mener importen er ulovlig. Heunicke sa han ville gjenoppta prosessen med \u00e5 stoppe importen av norsk oljeavfall. Dette ble senere bekreftet i en <a href=\"https:\/\/mim.dk\/nyheder\/2023\/jun\/ny-juridisk-vurdering-miljoeministeren-saetter-miljoestyrelsen-til-at-genoptage-sagsbehandlingen-af-importtilladelser-af-olieholdigt-spildevand\/\">pressemelding<\/a> fra det danske milj\u00f8ministeriet.<\/p>\n\n<p><strong>LES OGS\u00c5: <a href=\"https:\/\/www.greenpeace.org\/norway\/nyheter\/energi\/greenpeace-aksjonen-pa-mongstad-dag-for-dag\/\">Greenpeace-aksjonen p\u00e5 Mongstad, dag for dag<\/a><\/strong><\/p>\n\n<h2 class=\"wp-block-heading\">Sterkt signal til Equinor<\/h2>\n\n<p>\u2013 Dette er en seier for de lokale protestene og aktivistene som har aksjonert for \u00e5 stoppe at Equinors giftige oljevann f\u00e5r fortsette \u00e5 forurense danske havomr\u00e5der. Milj\u00f8ministerens uttalelse i dag er et viktig steg i riktig retning og et sterkt signal til Equinor om at de m\u00e5 ta ansvar for sitt eget giftige oljevann med det samme, sier Halvard Raavand, politisk r\u00e5dgiver i Greenpeace.&nbsp;&nbsp;<\/p>\n\n<p>\u2013 Norske myndigheter m\u00e5 f\u00f8lge danskenes eksempel og s\u00f8rge for at Equinor ikke f\u00e5r forurense og drepe livet i norske fjorder med dette oljeavfallet. Til Equinor kan forsikre det norske folk om at ingen giftige og kreftfremkallende kjemikalier ender i norske farvann, m\u00e5 de redusere oljeproduksjonen, sier Raavand.&nbsp;<\/p>\n\n<p><strong>LES OGS\u00c5: <a href=\"https:\/\/www.greenpeace.org\/norway\/historier\/hav\/jeg-hadde-blitt-knust-om-livet-i-sjoen-var-forsvant\/\">Aktivist Amanda: &laquo;Jeg had\u00adde blitt knust om li\u00advet i sj\u00f8\u00aden v\u00e5r forsvant&raquo;<\/a><\/strong><\/p>\n\n<h2 class=\"wp-block-heading\">Kan bety slutten for eksport av giftig oljevann til Danmark<\/h2>\n\n<p>Milj\u00f8ministerens uttalelse kan bety slutten for oljeindustrien, med Equinor i spissen, sin eksport av giftig oljevann til Danmark. \u00c5rlig er det snakk om opptil 150.000 tonn med oljevann, som inneholder giftige og kreftfremkallende kjemikalier som PAH-er og tungmetaller. Dette oljevannet slippes ut i danske havomr\u00e5der etter en utilstrekkelig renseprosess, og lokale fiskere melder om massed\u00f8d i fiskebestandene. Ledende norske og danske jurister mener eksporten bryter med Baselkonvensjonen, som regulerer eksport av farlig avfall.<\/p>\n\n<p>I Danmark tas nyheten fra den danske milj\u00f8ministeren godt i mot.<\/p>\n\n<p>\u2013 Dette er en fantastisk nyhet for Agers\u00f8 Sund og de lokale krefter som i \u00e5revis har kjempet en intens kamp mot utslippet av norsk oljevann. N\u00e5 m\u00e5 milj\u00f8ministerens ord f\u00f8lges opp med handling. Vi ser frem til \u00e5 feire slutten p\u00e5 at kjemikalietankere med giftig avfall fra den norske oljeproduksjonen f\u00e5r legge til kai her i Danmark,&nbsp; sier Helene Hagel, klima- og milj\u00f8politisk leder i Greenpeace Danmark.<\/p>\n\t\t\t<section\n\t\t\tclass=\"boxout post-1229  sticky-bottom-mobile collapse show\"\n\t\t\tid=\"action-card\"\n\t\t>\n\t\t\t<a\n\t\t\t\tdata-ga-category=\"Take Action Boxout\"\n\t\t\t\tdata-ga-action=\"Image\"\n\t\t\t\tdata-ga-label=\"n\/a\"\n\t\t\t\tclass=\"cover-card-overlay\"\n\t\t\t\thref=\"https:\/\/www.greenpeace.org\/norway\/vaer-med\/stott-oss\/\" \n\t\t\t><\/a>\n\t\t\t\t\t\t\t<img\n\t\t\t\t\t\tsrc=\"https:\/\/www.greenpeace.org\/static\/planet4-norway-stateless\/2022\/02\/487ac5d0-gp1swsny-1024x767.jpg\"\n\t\t\t\t\t\tsrcset=\"https:\/\/www.greenpeace.org\/static\/planet4-norway-stateless\/2022\/02\/487ac5d0-gp1swsny-300x225.jpg 300w, https:\/\/www.greenpeace.org\/static\/planet4-norway-stateless\/2022\/02\/487ac5d0-gp1swsny-1024x767.jpg 1024w, https:\/\/www.greenpeace.org\/static\/planet4-norway-stateless\/2022\/02\/487ac5d0-gp1swsny-768x575.jpg 768w, https:\/\/www.greenpeace.org\/static\/planet4-norway-stateless\/2022\/02\/487ac5d0-gp1swsny-454x340.jpg 454w, https:\/\/www.greenpeace.org\/static\/planet4-norway-stateless\/2022\/02\/487ac5d0-gp1swsny.jpg 1200w\"\n\t\t\t\t\t\tsizes=\"(min-width: 1000px) 358px, (min-width: 780px) 313px, 88px\"\n\t\t\t\t\t\talt=\"Flyfoto av en \u00f8y formet som et hjerte\" title=\"Flyfoto av en \u00f8y formet som et hjerte\"\n\t\t\t\t\/>\n            \t\t\t<div class=\"boxout-content\">\n\t\t\t\t\t\t\t\t\t<a\n\t\t\t\t\t\tclass=\"boxout-heading medium\"\n\t\t\t\t\t\tdata-ga-category=\"Take Action Boxout\"\n\t\t\t\t\t\tdata-ga-action=\"Title\"\n\t\t\t\t\t\tdata-ga-label=\"n\/a\"\n\t\t\t\t\t\thref=\"https:\/\/www.greenpeace.org\/norway\/vaer-med\/stott-oss\/\"\n\t\t\t\t\t\t\n\t\t\t\t\t>\n\t\t\t\t\t\tSt\u00f8tt arbeidet v\u00e5rt for klima og milj\u00f8\n\t\t\t\t\t<\/a>\n\t\t\t\t\t\t\t\t\t\t\t\t\t<p class=\"boxout-excerpt\">Sammen utgj\u00f8r vi en forskjell for den s\u00e5rbare planeten v\u00e5r.<\/p>\n\t\t\t\t                                    <a\n                        class=\"btn btn-primary\"\n                        data-ga-category=\"Take Action Boxout\"\n                        data-ga-action=\"Call to Action\"\n                        data-ga-label=\"n\/a\"\n                        href=\"https:\/\/www.greenpeace.org\/norway\/vaer-med\/stott-oss\/\"\n                        \n                    >\n                        V\u00e6r med\n                    <\/a>\n                \t\t\t<\/div>\n\t\t\t\t\t\t\t<a\n\t\t\t\t\tclass=\"not-now\"\n\t\t\t\t\trole=\"button\"\n\t\t\t\t\tdata-bs-toggle=\"collapse\"\n\t\t\t\t\thref=\"#action-card\"\n\t\t\t\t><\/a>\n\t\t\t\t\t<\/section>\n\t","protected":false},"excerpt":{"rendered":"<p>Danmarks milj\u00f8minister lytter til protestene fra dansker, Greenpeace og andre organisasjoner. Han \u00f8nsker en umiddelbar stopp av importen av norsk oljevann.<\/p>\n","protected":false},"author":27,"featured_media":56284,"comment_status":"closed","ping_status":"closed","sticky":false,"template":"","format":"standard","meta":{"ep_exclude_from_search":false,"p4_og_title":"","p4_og_description":"","p4_og_image":"","p4_og_image_id":"","p4_seo_canonical_url":"","p4_campaign_name":"","p4_local_project":"","p4_basket_name":"","p4_department":"","footnotes":""},"categories":[58,59],"tags":[41,29,94,32,38,93],"p4-page-type":[16],"class_list":["post-56282","post","type-post","status-publish","format-standard","has-post-thumbnail","hentry","category-energi","category-hav","tag-sivilulydighet","tag-fossilenergi","tag-equinor","tag-beskytthavet","tag-forurensning","tag-seire","p4-page-type-nyheter"],"_links":{"self":[{"href":"https:\/\/www.greenpeace.org\/norway\/wp-json\/wp\/v2\/posts\/56282","targetHints":{"allow":["GET"]}}],"collection":[{"href":"https:\/\/www.greenpeace.org\/norway\/wp-json\/wp\/v2\/posts"}],"about":[{"href":"https:\/\/www.greenpeace.org\/norway\/wp-json\/wp\/v2\/types\/post"}],"author":[{"embeddable":true,"href":"https:\/\/www.greenpeace.org\/norway\/wp-json\/wp\/v2\/users\/27"}],"replies":[{"embeddable":true,"href":"https:\/\/www.greenpeace.org\/norway\/wp-json\/wp\/v2\/comments?post=56282"}],"version-history":[{"count":12,"href":"https:\/\/www.greenpeace.org\/norway\/wp-json\/wp\/v2\/posts\/56282\/revisions"}],"predecessor-version":[{"id":56978,"href":"https:\/\/www.greenpeace.org\/norway\/wp-json\/wp\/v2\/posts\/56282\/revisions\/56978"}],"wp:featuredmedia":[{"embeddable":true,"href":"https:\/\/www.greenpeace.org\/norway\/wp-json\/wp\/v2\/media\/56284"}],"wp:attachment":[{"href":"https:\/\/www.greenpeace.org\/norway\/wp-json\/wp\/v2\/media?parent=56282"}],"wp:term":[{"taxonomy":"category","embeddable":true,"href":"https:\/\/www.greenpeace.org\/norway\/wp-json\/wp\/v2\/categories?post=56282"},{"taxonomy":"post_tag","embeddable":true,"href":"https:\/\/www.greenpeace.org\/norway\/wp-json\/wp\/v2\/tags?post=56282"},{"taxonomy":"p4-page-type","embeddable":true,"href":"https:\/\/www.greenpeace.org\/norway\/wp-json\/wp\/v2\/p4-page-type?post=56282"}],"curies":[{"name":"wp","href":"https:\/\/api.w.org\/{rel}","templated":true}]}}