{"id":563,"date":"2018-01-15T00:00:00","date_gmt":"2018-01-15T00:00:00","guid":{"rendered":"https:\/\/master.k8s.p4.greenpeace.org\/norway\/nyheter\/563\/vil-beskytte-antarktis\/"},"modified":"2023-10-03T14:39:47","modified_gmt":"2023-10-03T13:39:47","slug":"vil-beskytte-antarktis","status":"publish","type":"post","link":"https:\/\/www.greenpeace.org\/norway\/nyheter\/natur\/vil-beskytte-antarktis\/","title":{"rendered":"Vil beskytte Antarktis"},"content":{"rendered":"\n<figure class=\"wp-block-image\"><img decoding=\"async\" src=\"https:\/\/www.greenpeace.org\/static\/planet4-norway-stateless\/2019\/04\/03752bd5-03752bd5-arctic-sunrise-med-crew.jpg\" alt=\"The crew of Arctic Sunrise in Punta Arenas, Chile, en route to the Antarctic for scientific research into the biodiversity of the Antarctic ocean. The scientists on board will gather data to strengthen the case for the creation of an ocean sanctuary in the Weddell Sea.\"\/><\/figure>\n\n<p>Greenpeace er p\u00e5 plass i Antarktis for \u00e5 sikre verdens st\u00f8rste marine verneomr\u00e5de. Greenpeace-skipet Arctic Sunrise gikk i dag inn i det uutforskede Weddellhavet i Antarktis, et av havomr\u00e5dene i verden med rikest plante- og dyreliv.<\/p>\n\n<p>Med seg har b\u00e5ten et team med vitenskapsfolk og en undervannsb\u00e5t som skal gjennomf\u00f8re banebrytende kartlegging av det marine milj\u00f8et. Om bord p\u00e5 skipet i Antarktis, er ogs\u00e5 Frida Bengtsson, havr\u00e5dgiver i Greenpeace.<\/p>\n\n<p>\u2013 Verneomr\u00e5det vi n\u00e5 sloss for er sv\u00e6rt viktig for pingviner, hvaler, seler og andre dyr i Antarktis og vil sikre disse omr\u00e5dene mot industrielt tr\u00e5le-fiske som renser havet for krill, en viktig brikke i den antarktiske n\u00e6ringskjeden, sier Bengtsson.<\/p>\n\n<p>Ekspedisjonen er den f\u00f8rste som bringer mennesker til bunnen av Weddellhavet, et stort havomr\u00e5de \u00f8st for Antarktis-halv\u00f8ya. EU har foresl\u00e5tt at omr\u00e5det vernes og forslaget skal behandles av den antarktiske havkommisjonen (CCAMLR) i oktober 2018. Forskerne som n\u00e5 er om bord p\u00e5 Greenpeace-skipet skal kartlegge det s\u00e5rbare og ukjente marine milj\u00f8et, blant annet koraller, snegler og svamper. Kartleggingen vil danne vekt bak EUs \u00f8nske om \u00e5 verne omr\u00e5det. Mannskapet skal ogs\u00e5 ta vannpr\u00f8ver for \u00e5 identifisere hvor mye plast som finnes i dette avsidesliggende milj\u00f8et.<\/p>\n\n<p>Dr. Susanne Lockhart, en anerkjent antarktis-forsker og medlem av California vitenskapsakademi, er med p\u00e5 ekspedisjonen:<\/p>\n\n<p>\u2013 Jeg er begeistret over \u00e5 f\u00e5 v\u00e6re partner med Greenpeace p\u00e5 denne ekspedisjonen og skaffe til veie data som vil hjelpe \u00e5 avgj\u00f8re hvilke omr\u00e5der det vil v\u00e6re viktigst \u00e5 f\u00e5 vernet, sier Lockhart.<\/p>\n\n<p>Greenpeace sin egen havr\u00e5dgiver og kampanjeleder Frida Bengtsson understreker at kartleggingen handler om mer enn vitenskap:<\/p>\n\n<p>\u2013 Havets bunn er kanskje langt borte for mange av oss, men det som skjer der er avgj\u00f8rende for oss alle. Et stort marint verneomr\u00e5de i Weddellhavet vil ikke bare beskytte de fantastiske pingvinene, hvalene og selene, men det vil ogs\u00e5 sikre et havmilj\u00f8 som ruster oss mot de verste effektene av den globale oppvarmingen. N\u00e5r verdens regjeringer m\u00f8tes i oktober, har de muligheten til \u00e5 opprette verdens st\u00f8rste marine verneomr\u00e5de. La oss s\u00f8rge for at det skjer, sier hun.<\/p>\n\n<p>De siste dagene har <strong>pingviner<\/strong> blitt observert p\u00e5 flere kjente steder. Pingvinene er fotografert i London, Buenos Aires, Sydney, Johannesburg, Washington DC og Oslo. Pingvinene er del av kampanjen for \u00e5 verne de store ur\u00f8rte havomr\u00e5dene.<\/p>\n\n<p>Sammen kan vi sikre det st\u00f8rste marine verneomr\u00e5det p\u00e5 planeten. <a href=\"http:\/\/act.gp\/2Dwnaax\" target=\"_blank\" rel=\"noreferrer noopener\">Skriv under her.<\/a><\/p>\n\n<figure class=\"wp-block-image\"><img decoding=\"async\" src=\"https:\/\/www.greenpeace.org\/static\/planet4-norway-stateless\/2019\/04\/c8b9568f-c8b9568f-08fcd3b6-6a7b-48ea-8bba-c3363dd36d03.jpg\" alt=\"\"\/><\/figure>\n\n<figure class=\"wp-block-image\"><img decoding=\"async\" src=\"https:\/\/www.greenpeace.org\/static\/planet4-norway-stateless\/2019\/04\/aaa3ba68-aaa3ba68-pingvin-i-holmenkollen.jpg\" alt=\"\"\/><\/figure>\n\n<figure class=\"wp-block-image\"><img decoding=\"async\" src=\"https:\/\/www.greenpeace.org\/static\/planet4-norway-stateless\/2019\/04\/92d7ed86-92d7ed86-53187f9a-3b7a-415c-b625-b3ff7dcc5a9f.jpg\" alt=\"10 Enero 2018. Barcelona . Marcha de los Ping\u00fcinosLa ping\u00fcina Antonia visita la Sagrada Familia durante su viaje a Barcelona. Esta visita a la Ciudad Condal forma parte de la Marcha Ant\u00e1rtica de los Ping\u00fcinos, que se encuentran de ruta por algunos pa\u00edses del mundo para atraer la atenci\u00f3n sobre las aguas del oc\u00e9ano Ant\u00e1rtico, para el que piden protecci\u00f3n.  \u00a9 Ana Jimenez\/ Greenpeace Handout - No ventas -No Archivos - Uso editorial solamente - Uso libre solamente para 14 d\u00edas despu\u00e9s de liberaci\u00f3n. Foto proporcionada por GREENPEACE, uso solamente para ilustrar noticias o comentarios sobre los hechos o eventos representados en esta imagen.\u00a9 Ana Jimenez\/ Greenpeace Handout - No sales - No Archives - Editorial Use Only - Free use only for 14 days after release. Photo provided by GREENPEACE, distributed handout photo to be used only to illustrate news reporting or commentary on the facts or events depicted in this image.\"\/><\/figure>\n\n<figure class=\"wp-block-image\"><img decoding=\"async\" src=\"https:\/\/www.greenpeace.org\/static\/planet4-norway-stateless\/2019\/04\/5d77c2b4-5d77c2b4-9029ef2a-d020-4e1c-a68e-1806399cb25c.jpg\" alt=\"\"\/><\/figure>\n\n<figure class=\"wp-block-image\"><img decoding=\"async\" src=\"https:\/\/www.greenpeace.org\/static\/planet4-norway-stateless\/2019\/04\/16c27d56-16c27d56-6784ac5d-8ba8-4285-80ff-66886571f3df.jpg\" alt=\"\"\/><\/figure>\n","protected":false},"excerpt":{"rendered":"<p>Greenpeace er p\u00e5 plass i Antarktis for \u00e5 sikre verdens st\u00f8rste marine verneomr\u00e5de. Skipet v\u00e5rt Arctic Sunrise gikk i dag inn i det uutforskede Weddellhavet.<\/p>\n","protected":false},"author":27,"featured_media":901,"comment_status":"open","ping_status":"open","sticky":false,"template":"","format":"standard","meta":{"ep_exclude_from_search":false,"p4_og_title":"","p4_og_description":"","p4_og_image":"","p4_og_image_id":"","p4_seo_canonical_url":"","p4_campaign_name":"not set","p4_local_project":"not set","p4_basket_name":"not set","p4_department":"","footnotes":""},"categories":[31],"tags":[32,33,89,63],"p4-page-type":[16],"class_list":["post-563","post","type-post","status-publish","format-standard","has-post-thumbnail","hentry","category-natur","tag-beskytthavet","tag-biologiskmangfold","tag-dyr","tag-vareskip","p4-page-type-nyheter"],"_links":{"self":[{"href":"https:\/\/www.greenpeace.org\/norway\/wp-json\/wp\/v2\/posts\/563","targetHints":{"allow":["GET"]}}],"collection":[{"href":"https:\/\/www.greenpeace.org\/norway\/wp-json\/wp\/v2\/posts"}],"about":[{"href":"https:\/\/www.greenpeace.org\/norway\/wp-json\/wp\/v2\/types\/post"}],"author":[{"embeddable":true,"href":"https:\/\/www.greenpeace.org\/norway\/wp-json\/wp\/v2\/users\/27"}],"replies":[{"embeddable":true,"href":"https:\/\/www.greenpeace.org\/norway\/wp-json\/wp\/v2\/comments?post=563"}],"version-history":[{"count":9,"href":"https:\/\/www.greenpeace.org\/norway\/wp-json\/wp\/v2\/posts\/563\/revisions"}],"predecessor-version":[{"id":57905,"href":"https:\/\/www.greenpeace.org\/norway\/wp-json\/wp\/v2\/posts\/563\/revisions\/57905"}],"wp:featuredmedia":[{"embeddable":true,"href":"https:\/\/www.greenpeace.org\/norway\/wp-json\/wp\/v2\/media\/901"}],"wp:attachment":[{"href":"https:\/\/www.greenpeace.org\/norway\/wp-json\/wp\/v2\/media?parent=563"}],"wp:term":[{"taxonomy":"category","embeddable":true,"href":"https:\/\/www.greenpeace.org\/norway\/wp-json\/wp\/v2\/categories?post=563"},{"taxonomy":"post_tag","embeddable":true,"href":"https:\/\/www.greenpeace.org\/norway\/wp-json\/wp\/v2\/tags?post=563"},{"taxonomy":"p4-page-type","embeddable":true,"href":"https:\/\/www.greenpeace.org\/norway\/wp-json\/wp\/v2\/p4-page-type?post=563"}],"curies":[{"name":"wp","href":"https:\/\/api.w.org\/{rel}","templated":true}]}}