{"id":57184,"date":"2023-08-21T11:43:55","date_gmt":"2023-08-21T10:43:55","guid":{"rendered":"https:\/\/www.greenpeace.org\/norway\/?p=57184"},"modified":"2023-12-19T14:58:23","modified_gmt":"2023-12-19T13:58:23","slug":"hurra-gode-nyheter-for-klima-og-miljo","status":"publish","type":"post","link":"https:\/\/www.greenpeace.org\/norway\/nyheter\/natur\/hurra-gode-nyheter-for-klima-og-miljo\/","title":{"rendered":"Hurra! Gode nyheter for klima og milj\u00f8"},"content":{"rendered":"\n<figure class=\"wp-block-image size-full\"><img loading=\"lazy\" decoding=\"async\" width=\"800\" height=\"534\" src=\"https:\/\/www.greenpeace.org\/static\/planet4-norway-stateless\/2019\/06\/b6fe1e4b-gp0stpoea_web_size.jpg\" title=\"Skog n\u00e6r Tapaj\u00f3s-elven i Amazonas regnskog\" alt=\"Skog n\u00e6r Tapaj\u00f3s-elven i Amazonas regnskog\" class=\"wp-image-1776\" srcset=\"https:\/\/www.greenpeace.org\/static\/planet4-norway-stateless\/2019\/06\/b6fe1e4b-gp0stpoea_web_size.jpg 800w, https:\/\/www.greenpeace.org\/static\/planet4-norway-stateless\/2019\/06\/b6fe1e4b-gp0stpoea_web_size-300x200.jpg 300w, https:\/\/www.greenpeace.org\/static\/planet4-norway-stateless\/2019\/06\/b6fe1e4b-gp0stpoea_web_size-768x513.jpg 768w, https:\/\/www.greenpeace.org\/static\/planet4-norway-stateless\/2019\/06\/b6fe1e4b-gp0stpoea_web_size-510x340.jpg 510w\" sizes=\"auto, (max-width: 800px) 100vw, 800px\" \/><figcaption class=\"wp-element-caption\">I juli i \u00e5r gikk avskogingen i brasilianske Amazonas ned med 60 prosent, sammenliknet med juli i 2022.<\/figcaption><\/figure>\n\n<p>Vi kickstarter h\u00f8sten med seks <strong>gode nyheter for klima og milj\u00f8<\/strong> fra den siste tiden.<\/p>\n\n<hr class=\"wp-block-separator has-alpha-channel-opacity\"\/>\n\n<h2 class=\"wp-block-heading\">1. Gigantisk potensielt oljeutslipp forhindret i Jemen&nbsp;<\/h2>\n\n<figure class=\"wp-block-image size-large\"><img decoding=\"async\" src=\"https:\/\/www.greenpeace.org\/static\/planet4-norway-stateless\/2023\/08\/531b47a2-gp0stx3s7-1024x1024.jpg\" title=\"FSO Safer and Ndeavor in the Red Sea. \u00a9 Greenpeace \/ Planet Labs PBC 2023\" alt=\"FSO Safer and Ndeavor in the Red Sea. \u00a9 Greenpeace \/ Planet Labs PBC 2023\" class=\"wp-image-57185\"\/><figcaption class=\"wp-element-caption\"> FN har i samarbeid med Greenpeace og flere andre organisasjoner lykkes med \u00e5 fjerne og frakte over \u00e9n million fat olje fra det forlatte oljetankskipet FSO Safer utenfor Jemen<div class=\"credit icon-left\"> \u00a9 Greenpeace \/ Planet Labs PBC 2023<\/div><\/figcaption><\/figure>\n\n<p>Etter mer enn \u00e5tte \u00e5rs iherdig arbeid har FN i samarbeid med Greenpeace og flere andre organisasjoner lykkes med \u00e5 <a href=\"https:\/\/www.greenpeace.org\/international\/story\/61302\/yemen-red-sea-safer-oil-risk-averted-un-make-polluters-pay\/\">fjerne og frakte over \u00e9n million fat olje fra det forlatte oljetankskipet FSO Safer<\/a>, som har lenge har rustet utenfor kysten av Jemen. Dermed har en potensiell humanit\u00e6r og \u00f8kologisk katastrofe blitt avverget.<\/p>\n\n<p>FSO Safer har fungert som et flytende oljelager siden 1988. Det gigantiske tankskipet er ikke vedlikeholdt siden 2015, og if\u00f8lge FN har det v\u00e6rt stor fare for at fart\u00f8yet skulle eksplodere eller begynne \u00e5 lekke.&nbsp;<\/p>\n\n<h2 class=\"wp-block-heading\">2. Belgiske myndigheter forbyr eksport av giftige plantevernmidler<\/h2>\n\n<p>I slutten av juni vedtok den belgiske regjeringen et f<a href=\"https:\/\/www.brusselstimes.com\/568123\/belgium-officially-ends-export-of-banned-pesticides\">orbud mot eksport av plantevernmidler <\/a>som allerede var forbudt for bruk innenfor EU.<\/p>\n\n<p><a href=\"https:\/\/unearthed.greenpeace.org\/2023\/03\/28\/eu-banned-pesticide-global-south\/\">Unders\u00f8kelser utf\u00f8rt av Greenpeace UK<\/a> har avsl\u00f8rt Belgia som en av Europas st\u00f8rste eksport\u00f8rer av forbudte plantevernmidler, til land i det globale s\u00f8r, som Algerie, Tunisia, Kasakhstan og Bangladesh. Inntil n\u00e5. Plantevernmidlene er knyttet til hjerneskade p\u00e5 fostre og barn, dreper viktige pollinatorer som bier og forurenser vannforsyninger.<\/p>\n\n<p>Greenpeace vil fortsette \u00e5 arbeide for et omfattende forbud mot eksporten av giftige plantevernmidler over hele Europa og Storbritannia.&nbsp;<\/p>\n\n<h2 class=\"wp-block-heading\">3. Historisk klimadom i Montana i USA<\/h2>\n\n<p><a href=\"https:\/\/www.washingtonpost.com\/climate-environment\/2023\/08\/14\/youths-win-montana-climate-trial\/?pwapi_token=eyJ0eXAiOiJKV1QiLCJhbGciOiJIUzI1NiJ9.eyJyZWFzb24iOiJnaWZ0IiwibmJmIjoxNjkxOTg1NjAwLCJpc3MiOiJzdWJzY3JpcHRpb25zIiwiZXhwIjoxNjkzMzY3OTk5LCJpYXQiOjE2OTE5ODU2MDAsImp0aSI6ImEzOGM3ZDE1LWU2MWYtNDVjOC1hOTFmLTZlNTgxMTg0ODIwOSIsInVybCI6Imh0dHBzOi8vd3d3Lndhc2hpbmd0b25wb3N0LmNvbS9jbGltYXRlLWVudmlyb25tZW50LzIwMjMvMDgvMTQveW91dGhzLXdpbi1tb250YW5hLWNsaW1hdGUtdHJpYWwvIn0.jkXBp7yQPLZXpic3CMJN5z6ZHlBoFYTK88_0L0jEPk4\">En ny klimadom i Montana<\/a> fra august er den f\u00f8rste av sitt slag i USA. 16 unge mennesker i alderen 5 til 22 \u00e5r hevdet at staten krenket retten deres til et &laquo;rent og sunt milj\u00f8&raquo; ved \u00e5 fremme bruken av fossilt brensel \u2013 og de vant i delstatsdomstolen.&nbsp;<\/p>\n\n<p>Retten slo fast at en bestemmelse i Montanas milj\u00f8lovverk har skadet milj\u00f8et og de unge saks\u00f8kerne ved \u00e5 hindre delstaten i \u00e5 vurdere klimap\u00e5virkningene av energiprosjekter. Bestemmelsen er dermed grunnlovsstridig, st\u00e5r det i dommen.<\/p>\n\n<p>\u2013 Dette er en stor seier for Montana, for ungdom, for demokratiet og for klimaet v\u00e5rt. Flere avgj\u00f8relser som dette vil helt sikkert komme, sa Julia Olson, administrerende direkt\u00f8r i Our Children&#8217;s Trust, som tok saken til domstolen.<\/p>\n\n<p><a href=\"https:\/\/www.greenpeace.org\/norway\/klimaendringer\/klimasoksmal\/nytt-klimasoksmal-2023-dette-ma-du-vite\/\"><strong>LES MER om det nye klimas\u00f8ksm\u00e5let i Norge<\/strong><\/a><\/p>\n\n<h2 class=\"wp-block-heading\">4. Vern i Grand Canyon beskytter urfolks hellige land<\/h2>\n\n<p>Lenge har urfolk rundt Grand Canyon i USA kjempet mot uranutvinning. Gruver har blitt bygd p\u00e5 urfolks territorium, og radioaktiv forurensning fra tungmetallet har f\u00f8rt til hundrevis av tilfeller av kreft i lokalsamfunnene.<\/p>\n\n<p><a href=\"https:\/\/www.nationalgeographic.com\/environment\/article\/1-million-acres-near-grand-canyon-new-national-monument\">Urfolksomr\u00e5der rundt Grand Canyon har n\u00e5 f\u00e5tt vernestatus som et \u201cnasjonalt monument\u201d<\/a>. Verneomr\u00e5det Baaj Nwaavjo I&#8217;tah Kukveni, som betyr \u201cder urfolk streifer\u201d og \u201cv\u00e5re forfedres fotavtrykk\u201d, vil beskytte tusenvis av kvadratkilometer mot utvinning av uran og andre mineraler i all framtid.&nbsp;<\/p>\n\n<h2 class=\"wp-block-heading\">5. Marokko kan forbedre jordkvaliteten over hele Afrika<\/h2>\n\n<p>B\u00f8nder over hele Afrika st\u00e5r overfor erodert, fosforfattig jord, noe som f\u00f8rer til d\u00e5rlige avlinger. L\u00f8sningen kan ligge i Marokko, som har noen av verdens rikeste fosfatforekomster.<\/p>\n\n<p>Jordforskere ved Mohammed VI polytekniske universitet i Marokko har <a href=\"https:\/\/news.mongabay.com\/2023\/07\/morocco-rolls-out-a-phosphorous-fueled-plan-to-heal-soils-across-africa\/\">startet et landsomfattende nettverk av b\u00f8nder og eksperter<\/a> for rutinemessig \u00e5 teste jord for n\u00e6ringsstoffer og andre egenskaper, og gi b\u00f8ndene mer skreddersydde gj\u00f8dselanbefalinger.<\/p>\n\n<p>Marokko er det f\u00f8rste landet i Afrika som har kartlagt jordsmonnets fruktbarhet. Praksisen sl\u00e5r an i andre land: Forskere og andre i landbrukssektoren ser p\u00e5 Marokko som en potensiell leder i \u00e5 forbedre jordproduktiviteten og revolusjonere landbruket i Afrika.<\/p>\n\n<p><strong>LES OGS\u00c5: <a href=\"https:\/\/www.greenpeace.org\/norway\/nyheter\/klimaendringer\/16-gode-nyheter-for-klima-og-miljo-i-2023\/\">16 gode nyheter for klima og milj\u00f8 i 2023 <\/a><\/strong><\/p>\n\n<h2 class=\"wp-block-heading\">6. Avskogingen Amazonas-regnskog i Colombia ned 26 prosent<\/h2>\n\n<p>I 2016 inngikk Colombias dav\u00e6rende president Juan Manuel Santos en v\u00e5penhvile med geriljagruppa FARC, og avsluttet 50 \u00e5r med borgerkrig. Dessverre ble ikke milj\u00f8et prioritert i disse fredsforhandlingene, og etter hvert som utbrytergrupper dukket opp p\u00e5 den colombianske landsbygda, fortsatte \u00f8deleggelsen av regnskogen i Amazonas.<\/p>\n\n<p>N\u00e5, under ledelse av landets f\u00f8rste venstreorienterte administrasjon, n\u00e5r regjeringen ut til disse gruppene for individuelle fredssamtaler. Denne gangen er milj\u00f8et prioritert. Dette har allerede store innvirkninger: offisielle tall viser at <a href=\"https:\/\/www.theguardian.com\/world\/2023\/jul\/12\/colombia-deforestation-amazon-rainforest-peace\">avskogingen falt med 26 prosent i colombianske Amazonas i fjor og 29 prosent p\u00e5 landsbasis<\/a>.<\/p>\n\n<p>Ogs\u00e5 fra brasilianske Amazonas er det kommet sv\u00e6rt gode nyheter: I juli i \u00e5r gikk avskogingen i brasilianske Amazonas ned med 60 prosent, sammenliknet med juli i 2022. Det sier Brasils milj\u00f8minister Marina Silva til&nbsp;<a href=\"https:\/\/www.theguardian.com\/environment\/2023\/aug\/02\/amazon-deforestation-falls-over-60-compared-with-last-july-says-brazilian-minister\">The Guardian<\/a>.<\/p>\n\n<p>Denne positive utviklingen kommer som et resultat av intensivert milj\u00f8politikk under ledelse av Brasils president Lula da Silva.<\/p>\n\t\t\t<section\n\t\t\tclass=\"boxout post-1229 \"\n\t\t\t\n\t\t>\n\t\t\t<a\n\t\t\t\tdata-ga-category=\"Take Action Boxout\"\n\t\t\t\tdata-ga-action=\"Image\"\n\t\t\t\tdata-ga-label=\"n\/a\"\n\t\t\t\tclass=\"cover-card-overlay\"\n\t\t\t\thref=\"https:\/\/www.greenpeace.org\/norway\/vaer-med\/stott-oss\/\" \n\t\t\t><\/a>\n\t\t\t\t\t\t\t<img\n\t\t\t\t\t\tsrc=\"https:\/\/www.greenpeace.org\/static\/planet4-norway-stateless\/2022\/02\/487ac5d0-gp1swsny-1024x767.jpg\"\n\t\t\t\t\t\tsrcset=\"https:\/\/www.greenpeace.org\/static\/planet4-norway-stateless\/2022\/02\/487ac5d0-gp1swsny-300x225.jpg 300w, https:\/\/www.greenpeace.org\/static\/planet4-norway-stateless\/2022\/02\/487ac5d0-gp1swsny-1024x767.jpg 1024w, https:\/\/www.greenpeace.org\/static\/planet4-norway-stateless\/2022\/02\/487ac5d0-gp1swsny-768x575.jpg 768w, https:\/\/www.greenpeace.org\/static\/planet4-norway-stateless\/2022\/02\/487ac5d0-gp1swsny-454x340.jpg 454w, https:\/\/www.greenpeace.org\/static\/planet4-norway-stateless\/2022\/02\/487ac5d0-gp1swsny.jpg 1200w\"\n\t\t\t\t\t\tsizes=\"(min-width: 1000px) 358px, (min-width: 780px) 313px, 88px\"\n\t\t\t\t\t\talt=\"Flyfoto av en \u00f8y formet som et hjerte\" title=\"Flyfoto av en \u00f8y formet som et hjerte\"\n\t\t\t\t\/>\n            \t\t\t<div class=\"boxout-content\">\n\t\t\t\t\t\t\t\t\t<a\n\t\t\t\t\t\tclass=\"boxout-heading medium\"\n\t\t\t\t\t\tdata-ga-category=\"Take Action Boxout\"\n\t\t\t\t\t\tdata-ga-action=\"Title\"\n\t\t\t\t\t\tdata-ga-label=\"n\/a\"\n\t\t\t\t\t\thref=\"https:\/\/www.greenpeace.org\/norway\/vaer-med\/stott-oss\/\"\n\t\t\t\t\t\t\n\t\t\t\t\t>\n\t\t\t\t\t\tSt\u00f8tt arbeidet v\u00e5rt for klima og milj\u00f8\n\t\t\t\t\t<\/a>\n\t\t\t\t\t\t\t\t\t\t\t\t\t<p class=\"boxout-excerpt\">Sammen utgj\u00f8r vi en forskjell for den s\u00e5rbare planeten v\u00e5r.<\/p>\n\t\t\t\t                                    <a\n                        class=\"btn btn-primary\"\n                        data-ga-category=\"Take Action Boxout\"\n                        data-ga-action=\"Call to Action\"\n                        data-ga-label=\"n\/a\"\n                        href=\"https:\/\/www.greenpeace.org\/norway\/vaer-med\/stott-oss\/\"\n                        \n                    >\n                        V\u00e6r med\n                    <\/a>\n                \t\t\t<\/div>\n\t\t\t\t\t<\/section>\n\t","protected":false},"excerpt":{"rendered":"<p>Vi kickstarter h\u00f8sten med seks gode nyheter for klima og milj\u00f8 fra den siste tiden. Sammen vinner vi flere gr\u00f8nne seire.<\/p>\n","protected":false},"author":27,"featured_media":1776,"comment_status":"closed","ping_status":"closed","sticky":false,"template":"","format":"standard","meta":{"ep_exclude_from_search":false,"p4_og_title":"","p4_og_description":"","p4_og_image":"","p4_og_image_id":"","p4_seo_canonical_url":"","p4_campaign_name":"","p4_local_project":"","p4_basket_name":"","p4_department":"","footnotes":""},"categories":[31],"tags":[93,38,79,90,83,37],"p4-page-type":[16],"class_list":["post-57184","post","type-post","status-publish","format-standard","has-post-thumbnail","hentry","category-natur","tag-seire","tag-forurensning","tag-amazonas","tag-klimarettssaker","tag-urfolksrettigheter","tag-skogbruk","p4-page-type-nyheter"],"_links":{"self":[{"href":"https:\/\/www.greenpeace.org\/norway\/wp-json\/wp\/v2\/posts\/57184","targetHints":{"allow":["GET"]}}],"collection":[{"href":"https:\/\/www.greenpeace.org\/norway\/wp-json\/wp\/v2\/posts"}],"about":[{"href":"https:\/\/www.greenpeace.org\/norway\/wp-json\/wp\/v2\/types\/post"}],"author":[{"embeddable":true,"href":"https:\/\/www.greenpeace.org\/norway\/wp-json\/wp\/v2\/users\/27"}],"replies":[{"embeddable":true,"href":"https:\/\/www.greenpeace.org\/norway\/wp-json\/wp\/v2\/comments?post=57184"}],"version-history":[{"count":6,"href":"https:\/\/www.greenpeace.org\/norway\/wp-json\/wp\/v2\/posts\/57184\/revisions"}],"predecessor-version":[{"id":58819,"href":"https:\/\/www.greenpeace.org\/norway\/wp-json\/wp\/v2\/posts\/57184\/revisions\/58819"}],"wp:featuredmedia":[{"embeddable":true,"href":"https:\/\/www.greenpeace.org\/norway\/wp-json\/wp\/v2\/media\/1776"}],"wp:attachment":[{"href":"https:\/\/www.greenpeace.org\/norway\/wp-json\/wp\/v2\/media?parent=57184"}],"wp:term":[{"taxonomy":"category","embeddable":true,"href":"https:\/\/www.greenpeace.org\/norway\/wp-json\/wp\/v2\/categories?post=57184"},{"taxonomy":"post_tag","embeddable":true,"href":"https:\/\/www.greenpeace.org\/norway\/wp-json\/wp\/v2\/tags?post=57184"},{"taxonomy":"p4-page-type","embeddable":true,"href":"https:\/\/www.greenpeace.org\/norway\/wp-json\/wp\/v2\/p4-page-type?post=57184"}],"curies":[{"name":"wp","href":"https:\/\/api.w.org\/{rel}","templated":true}]}}