{"id":5861,"date":"2020-05-08T13:09:03","date_gmt":"2020-05-08T12:09:03","guid":{"rendered":"https:\/\/www.greenpeace.org\/norway\/?p=5861"},"modified":"2023-08-24T14:42:22","modified_gmt":"2023-08-24T13:42:22","slug":"udemokratisk-lovforslag-truer-brasils-urfolk-og-regnskog","status":"publish","type":"post","link":"https:\/\/www.greenpeace.org\/norway\/nyheter\/skog-og-landbruk\/udemokratisk-lovforslag-truer-brasils-urfolk-og-regnskog\/","title":{"rendered":"Amazonas: Udemokratisk lovforslag truer Brasils urfolk og regnskog"},"content":{"rendered":"\n<figure class=\"wp-block-image size-large  caption-style-blue-overlay caption-alignment-center\"><img loading=\"lazy\" decoding=\"async\" width=\"800\" height=\"533\" src=\"https:\/\/www.greenpeace.org\/static\/planet4-norway-stateless\/2020\/05\/fb42b236-gp0stu6ye_web_size_with_credit_line.jpg\" alt=\"So\u00f1ia Guajajara fra Guajajara-stammen p\u00e5 bes\u00f8k i Oslo i 2019. \" class=\"wp-image-5862\" srcset=\"https:\/\/www.greenpeace.org\/static\/planet4-norway-stateless\/2020\/05\/fb42b236-gp0stu6ye_web_size_with_credit_line.jpg 800w, https:\/\/www.greenpeace.org\/static\/planet4-norway-stateless\/2020\/05\/fb42b236-gp0stu6ye_web_size_with_credit_line-300x200.jpg 300w, https:\/\/www.greenpeace.org\/static\/planet4-norway-stateless\/2020\/05\/fb42b236-gp0stu6ye_web_size_with_credit_line-768x512.jpg 768w, https:\/\/www.greenpeace.org\/static\/planet4-norway-stateless\/2020\/05\/fb42b236-gp0stu6ye_web_size_with_credit_line-510x340.jpg 510w\" sizes=\"auto, (max-width: 800px) 100vw, 800px\" \/><figcaption class=\"wp-element-caption\">So\u00f1ia Guajajara fra Guajajara-stammen p\u00e5 bes\u00f8k i Oslo i 2019. Bare dager etter at \u00e5tte urfolksledere var i Oslo for \u00e5 advare norske myndigheter om uretten Brasils urbefolkning utsettes for under Bolsonaro-regjeringen, ble Paulini Guajajara fra samme stamme drept av kriminelle t\u00f8mmerhuggere.<\/figcaption><\/figure>\n\n<p>Akkurat n\u00e5 bruker Brasils regjering koronakrisen til \u00e5 hastevedta en lovendring som vil gj\u00f8re det <a href=\"https:\/\/unearthed.greenpeace.org\/2020\/04\/29\/coronavirus-amazon-deforestation-bolsonaro-brazil-weakens-indigenous-environmental-safeguards\/\">lettere \u00e5 invadere urfolksterritorier<\/a>. Endringen vil f\u00f8re til at titusenvis av kvadratkilometer med regnskog i Amazonas blir tatt fra urfolk som er avhengige av den og gitt til okkupanter som vil tjene penger p\u00e5 ulovlig t\u00f8mmer- og gruvedrift. <\/p>\n\n<p>Lovforslaget er i ferd med \u00e5 bli hurtigbehandlet p\u00e5 udemokratisk vis gjennom nettavstemning, uten ordentlig gjennomgang i kongressen og senatet.<\/p>\n\n<p>Brasils president, Jair Bolsonaro, fortsetter dermed angrepet p\u00e5 urfolket som beskytter verdens st\u00f8rste regnskog. Siden han kom til makten i januar i fjor har han bevisst undergravd de institusjonene som skal beskytte urfolk og regnskog mot ulovlig hogst og okkupasjon av land. Konsekvensen er en dramatisk \u00f8kning i avskoging og i drap og vold mot urfolk.<\/p>\n\n<h2 class=\"wp-block-heading\">Avskogingen i Amazonas \u00f8ker i 2020<\/h2>\n\n<p>T\u00f8mmer- og gruveselskaper som driver rovdrift p\u00e5 de unike naturressursene i Amazonas lar seg ikke stoppe av noen pandemi. I mars \u00f8kte avskogingen av regnskogen med 30 prosent sammenlignet med mars 2019, og i l\u00f8pet av de seksten f\u00f8rste dagene av april var avskogingen p\u00e5 nesten samme niv\u00e5 som i hele april 2019. Bolsonaros nye lovendring kan bidra til \u00e5 forverre denne allerede stygge trenden.<\/p>\n\n<p>P\u00e5 grunn av Brasils forhistorie som portugisisk koloni, var det lenge kun eliten som kunne eie jord. All jord som ikke er eid av noen er omfattet av en allemannsrett, som gj\u00f8r den tilgjengelig for alle, mens de f\u00f8derale myndighetene har ansvar for \u00e5 ta vare p\u00e5 den. I \u00e5rhundrer har ulike grupper okkupert disse offentlige landomr\u00e5dene, kalt dem sine, og drevet t\u00f8mmerhogst, landbruk og gruvedrift. Dette har v\u00e6rt en betydelig \u00e5rsak til tap av regnskog i Amazonas. Hvis den vedtas vil den nye loven, kjent som \u201cprovisorisk tiltak 910\u201d, vil gj\u00f8re mange av disse ulovlige landokkupasjonene lovlige, og gj\u00f8re ytterligere jordokkupasjoner enklere og legitime.<\/p>\n\n<h2 class=\"wp-block-heading\">Truer urfolket i Amazonas<\/h2>\n\n<p>Dette rammer urfolk s\u00e6rlig hardt. S\u00e5 langt i \u00e5r har elleve urfolk blitt drept i konflikter med t\u00f8mmer- og gruveselskaper, og selskapenes invasjon av urfolksomr\u00e5der fortsetter til tross for pandemien, noe som ogs\u00e5 utsetter s\u00e5rbare urfolk for smitte. At Bolsonaro presser igjennom en lovendring som gj\u00f8r det mulig for utenforst\u00e5ende \u00e5 ta vernede landomr\u00e5der som er reservert for urfolk, er en sterk trussel mot urfolks liv, integritet og rett til land, og et klart brudd p\u00e5 b\u00e5de internasjonale menneskerettigheter og Brasils grunnlov.<\/p>\n\n<p>Norge har lenge arbeidet for \u00e5 hjelpe Brasil med \u00e5 beskytte regnskogen i Amazonas, men siden Bolsonaro kom til makten har utviklingen g\u00e5tt i helt feil retning. Greenpeace mener at Norge og det internasjonale samfunnet m\u00e5 \u00f8ke presset mot regjeringen i Brasil. Vi st\u00e5r p\u00e5 urfolkenes side mot brutaliteten og uretten de utsettes for, og p\u00e5 regnskogens side mot de kriminelle og voldelige selskapene. Skal vi n\u00e5 klimam\u00e5lene, m\u00e5 vi sette grenser for \u00e5 hva et land med en s\u00e5 stor del av jordas naturlige karbonlager, biologiske mangfold og urfolk kan gj\u00f8re uten at vi reagerer. Kort sagt: Uten Amazonas taper vi kampen mot klimakrisen.<br><br><strong>LES OGS\u00c5: <a href=\"https:\/\/www.greenpeace.org\/norway\/historier\/1775\/7-tips-for-a-beskytte-amazonas-regnskogen\/\">7 tips for \u00e5 beskytte Amazonas-regnskogen<\/a><\/strong><\/p>\n\n<h2 class=\"wp-block-heading\">Nei til handelsavtale med Brasil<\/h2>\n\n<p>Samtidig er norske myndigheter i ferd med \u00e5 ratifisere <a href=\"https:\/\/www.nrk.no\/urix\/bolsonaro_-efta-har-inngatt-handelsavtale-med-brasil-1.14672944\">en frihandelsavtale med Brasil<\/a>, som vil v\u00e6re en <a href=\"https:\/\/www.reuters.com\/article\/us-brazil-trade-mercosur\/brazil-says-mercosur-reached-trade-deal-with-efta-bloc-president-idUSKCN1VD2G4\">propagandaseier<\/a> for Bolsonaro. Urfolksledere kom i fjor til Norge <a href=\"https:\/\/www.aftenposten.no\/norge\/i\/GGX1RJ\/urfolksledere-til-stortinget-stopp-avtalen-med-bolsonaro\">for \u00e5 be regjeringen si nei til avtalen<\/a>. \u00c5 ratifisere denne avtalen n\u00e5 mens forholdene i Brasil er s\u00e5 alvorlige som de er vil gi legitimitet til Bolsonaros b\u00f8llestyre og hans angrep p\u00e5 urfolk og regnskog.<\/p>\n\n<p>Derfor mener vi at Norge m\u00e5 si nei til handelsavtalen med Brasil inntil avskogingen er under kontroll og urfolks rettigheter kan garanteres. Den foresl\u00e5tte lovendringen m\u00e5 v\u00e6re dr\u00e5pen som f\u00e5r begeret til \u00e5 renne over. Vi har ikke r\u00e5d til \u00e5 miste mer regnskog til gr\u00e5dige og kortsiktige interesser, og handelsavtalen er det beste pressmiddelet Norge har n\u00e5. Men da m\u00e5 regjeringen t\u00f8rre \u00e5 bruke det.<\/p>\n\n<p><em>Krev at Amazonas beskyttes du ogs\u00e5. Hvis du ikke har signert kampanjen v\u00e5r allerede, blir vi glade for \u00e5 f\u00e5 din hjelp til \u00e5 legge press p\u00e5 Bolsonaro i Brasil og v\u00e5re politikere her hjemme. <a href=\"https:\/\/www.greenpeace.org\/norway\/vaer-med\/beskytt-amazonas\/redd-amazonas\/\">Skriv under her.<\/a><\/em><\/p>\n<div class=\"EmptyMessage\">Block content is empty. Check the block&#8217;s settings or remove it.<\/div>","protected":false},"excerpt":{"rendered":"<p>Brasils regjering bruker koronakrisen til \u00e5 hastevedta en lovendring som vil gj\u00f8re det lettere \u00e5 invadere urfolks territorier i Amazonas.<\/p>\n","protected":false},"author":27,"featured_media":5862,"comment_status":"open","ping_status":"open","sticky":false,"template":"","format":"standard","meta":{"ep_exclude_from_search":false,"p4_og_title":"Ny lov truer Amazonas' urfolk og regnskog","p4_og_description":"","p4_og_image":"","p4_og_image_id":"","p4_seo_canonical_url":"","p4_campaign_name":"not set","p4_local_project":"not set","p4_basket_name":"not set","p4_department":"","footnotes":""},"categories":[60],"tags":[34,37,88,79,69,83],"p4-page-type":[16],"class_list":["post-5861","post","type-post","status-publish","format-standard","has-post-thumbnail","hentry","category-skog-og-landbruk","tag-naturkrise","tag-skogbruk","tag-regnskog","tag-amazonas","tag-menneskerettigheter","tag-urfolksrettigheter","p4-page-type-nyheter"],"_links":{"self":[{"href":"https:\/\/www.greenpeace.org\/norway\/wp-json\/wp\/v2\/posts\/5861","targetHints":{"allow":["GET"]}}],"collection":[{"href":"https:\/\/www.greenpeace.org\/norway\/wp-json\/wp\/v2\/posts"}],"about":[{"href":"https:\/\/www.greenpeace.org\/norway\/wp-json\/wp\/v2\/types\/post"}],"author":[{"embeddable":true,"href":"https:\/\/www.greenpeace.org\/norway\/wp-json\/wp\/v2\/users\/27"}],"replies":[{"embeddable":true,"href":"https:\/\/www.greenpeace.org\/norway\/wp-json\/wp\/v2\/comments?post=5861"}],"version-history":[{"count":7,"href":"https:\/\/www.greenpeace.org\/norway\/wp-json\/wp\/v2\/posts\/5861\/revisions"}],"predecessor-version":[{"id":57262,"href":"https:\/\/www.greenpeace.org\/norway\/wp-json\/wp\/v2\/posts\/5861\/revisions\/57262"}],"wp:featuredmedia":[{"embeddable":true,"href":"https:\/\/www.greenpeace.org\/norway\/wp-json\/wp\/v2\/media\/5862"}],"wp:attachment":[{"href":"https:\/\/www.greenpeace.org\/norway\/wp-json\/wp\/v2\/media?parent=5861"}],"wp:term":[{"taxonomy":"category","embeddable":true,"href":"https:\/\/www.greenpeace.org\/norway\/wp-json\/wp\/v2\/categories?post=5861"},{"taxonomy":"post_tag","embeddable":true,"href":"https:\/\/www.greenpeace.org\/norway\/wp-json\/wp\/v2\/tags?post=5861"},{"taxonomy":"p4-page-type","embeddable":true,"href":"https:\/\/www.greenpeace.org\/norway\/wp-json\/wp\/v2\/p4-page-type?post=5861"}],"curies":[{"name":"wp","href":"https:\/\/api.w.org\/{rel}","templated":true}]}}