{"id":5925,"date":"2020-05-22T13:20:10","date_gmt":"2020-05-22T12:20:10","guid":{"rendered":"https:\/\/www.greenpeace.org\/norway\/?p=5925"},"modified":"2023-08-10T18:13:24","modified_gmt":"2023-08-10T17:13:24","slug":"biologisk-mangfold-en-forutsetning-for-liv-og-helse","status":"publish","type":"post","link":"https:\/\/www.greenpeace.org\/norway\/nyheter\/natur\/biologisk-mangfold-en-forutsetning-for-liv-og-helse\/","title":{"rendered":"Biologisk mangfold: en forutsetning for liv og helse"},"content":{"rendered":"\n<figure class=\"wp-block-image size-large is-resized  caption-style-blue-overlay caption-alignment-center\"><img loading=\"lazy\" decoding=\"async\" src=\"https:\/\/www.greenpeace.org\/static\/planet4-norway-stateless\/2020\/05\/2c64e0cb-gp0stu5nn-1024x701.jpg\" title=\"Flora and Fauna at Mount Vema. \u00a9 Richard Barnden \/ Greenpeace\" alt=\"Flora and Fauna at Mount Vema. \u00a9 Richard Barnden \/ Greenpeace\" class=\"wp-image-5926\" width=\"1024\" height=\"701\" srcset=\"https:\/\/www.greenpeace.org\/static\/planet4-norway-stateless\/2020\/05\/2c64e0cb-gp0stu5nn-1024x701.jpg 1024w, https:\/\/www.greenpeace.org\/static\/planet4-norway-stateless\/2020\/05\/2c64e0cb-gp0stu5nn-300x205.jpg 300w, https:\/\/www.greenpeace.org\/static\/planet4-norway-stateless\/2020\/05\/2c64e0cb-gp0stu5nn-768x525.jpg 768w, https:\/\/www.greenpeace.org\/static\/planet4-norway-stateless\/2020\/05\/2c64e0cb-gp0stu5nn-497x340.jpg 497w, https:\/\/www.greenpeace.org\/static\/planet4-norway-stateless\/2020\/05\/2c64e0cb-gp0stu5nn.jpg 1200w\" sizes=\"auto, (max-width: 1024px) 100vw, 1024px\" \/><figcaption class=\"wp-element-caption\">Foto: Richard Barnden \/ Greenpeace<div class=\"credit icon-left\"> \u00a9 Richard Barnden \/ Greenpeace<\/div><\/figcaption><\/figure>\n\n<p><strong>I dag er den internasjonale dagen for biologisk mangfold. Av de mange FN-dagene er denne en det er verdt \u00e5 reflektere litt ekstra over.<\/strong><\/p>\n\n<p>Biologisk mangfold er mangfoldet av liv p\u00e5 jorden. Det er alt fra oss mennesker og n\u00e6re slektninger som sjimpansen eller orangutangen, til fascinerende planter og sopp eller<a href=\"https:\/\/www.greenpeace.org\/usa\/stories\/diving-to-the-antarctic-seafloor-is-a-scientists-dream-coming-true\/\"> obskure vesener p\u00e5 havbunnen<\/a> i Antarktis. Summen av alt dette livet er hva som utgj\u00f8r naturen slik vi kjenner den; mektig, rar, leken, raus, til tider n\u00e5del\u00f8s, men ogs\u00e5 s\u00e5rbar.<\/p>\n\n<h2 class=\"wp-block-heading\">Naturen p\u00e5 bristepunktet<\/h2>\n\n<p>Naturen og dens artsmangfold har lenge blitt behandlet som en tjener, n\u00e5r den egentlig er v\u00e5r beste venn. V\u00e5r egen velstand er avhengig av en artsrik natur som er stabil og trives.<\/p>\n\n<p>Likevel er vi i ferd med presse naturen til randen av hva den kan t\u00e5le. I dag utryddes arter&nbsp; mellom 1000 og 10 000 ganger raskereenn normalt. Det betyr at mellom 0,01 og 0,1 prosent av alle arter d\u00f8r ut hvert \u00e5r. Det er p\u00e5 niv\u00e5 med forrige masseutryddelse av arter for 65 millioner \u00e5r siden, da de siste dinosaurene og tre firedeler av alle kjente arter d\u00f8de ut. Tiden vi lever i har derfor blitt kalt den sjette masseutryddelsen. Konsekvensene av en ny masseutryddelse er uante, men at den vil g\u00e5 utover tryggheten, velstanden og helsen v\u00e5r er sikkert.<\/p>\n\n<figure class=\"wp-block-image size-large  caption-style-blue-overlay caption-alignment-center\"><img loading=\"lazy\" decoding=\"async\" width=\"1024\" height=\"684\" src=\"https:\/\/www.greenpeace.org\/static\/planet4-norway-stateless\/2020\/05\/b992c38c-gp0stpf5d-1024x684.jpg\" title=\"Eurasian Brown Bear in the Carpathians. \u00a9 Tom\u00e1\u0161 Hul\u00edk \/ Greenpeace\" alt=\"Eurasian Brown Bear in the Carpathians. \u00a9 Tom\u00e1\u0161 Hul\u00edk \/ Greenpeace\" class=\"wp-image-5927\" srcset=\"https:\/\/www.greenpeace.org\/static\/planet4-norway-stateless\/2020\/05\/b992c38c-gp0stpf5d-1024x684.jpg 1024w, https:\/\/www.greenpeace.org\/static\/planet4-norway-stateless\/2020\/05\/b992c38c-gp0stpf5d-300x200.jpg 300w, https:\/\/www.greenpeace.org\/static\/planet4-norway-stateless\/2020\/05\/b992c38c-gp0stpf5d-768x513.jpg 768w, https:\/\/www.greenpeace.org\/static\/planet4-norway-stateless\/2020\/05\/b992c38c-gp0stpf5d-510x340.jpg 510w, https:\/\/www.greenpeace.org\/static\/planet4-norway-stateless\/2020\/05\/b992c38c-gp0stpf5d.jpg 1200w\" sizes=\"auto, (max-width: 1024px) 100vw, 1024px\" \/><figcaption class=\"wp-element-caption\">Foto: Tom\u00e1\u0161 Hul\u00edk \/ Greenpeace<div class=\"credit icon-left\"> \u00a9 Tom\u00e1\u0161 Hul\u00edk \/ Greenpeace<\/div><\/figcaption><\/figure>\n\n<h2 class=\"wp-block-heading\">Tap av natur kan lede til pandemier<\/h2>\n\n<p>Det nye koronaviruset har tatt livet av hundretusener av mennesker og holder samfunn over hele verden i et jerngrep. Akkurat hvor viruset har sitt opphav vet vi enn\u00e5 ikke, men mange forskere peker p\u00e5 sammenhengen mellom \u00f8deleggelse av natur, handel med ville dyr og virusutbrudd hos mennesker. Sykdommene SARS, fugleinfluensa, svineinfluensa og ebola stammer alle fra dyr. Koronapandemien minner oss p\u00e5 hvor s\u00e5rbare vi mennesker egentlig er. N\u00e5r en underliggende \u00e5rsak til pandemien er menneskelige inngrep i naturen, b\u00f8r varsellampene blinke.<\/p>\n\n<p>I oktober i \u00e5r skulle verdens land m\u00f8tes for \u00e5 bli enige om en global avtale for verdens naturmangfold de neste ti \u00e5rene \u2013 en \u00abParisavtale for naturen\u00bb. Det ble utsatt p\u00e5 grunn av koronakrisen og vil sannsynligvis holdes neste \u00e5r. M\u00f8tet blir et enormt viktig \u00f8yeblikk for \u00e5 sette verden p\u00e5 rett kurs for \u00e5 ta vare p\u00e5 verdens biologiske mangfold. Vi trenger ambisi\u00f8se m\u00e5l, som \u00e5 verne halvparten av alt hav og land innen 2050. Vi trenger ogs\u00e5 tilstrekkelige ressurser og klare delm\u00e5l slik de langsiktige m\u00e5lene n\u00e5s. Her m\u00e5 Norge ta ledelsen og bruke erfaringen v\u00e5r fra regnskogbevaring og internasjonalt samarbeid til \u00e5 sikre at en slik avtale kommer p\u00e5 plass.<\/p>\n\n<figure class=\"wp-block-image size-large  caption-style-blue-overlay caption-alignment-center\"><img loading=\"lazy\" decoding=\"async\" width=\"1024\" height=\"683\" src=\"https:\/\/www.greenpeace.org\/static\/planet4-norway-stateless\/2020\/05\/1ab4193d-gp04qbw-1024x683.jpg\" title=\"Humle i Tyskland. Hver tredje bie- og humleart st\u00e5r p\u00e5 r\u00f8dlista over truede dyrearter i Norge. Foto: Axel Kirchhof, Greenpeace\" alt=\"Bumblebee on Phacelia Flowers in Germany. \u00a9 Axel Kirchhof \/ Greenpeace\" class=\"wp-image-5928\" srcset=\"https:\/\/www.greenpeace.org\/static\/planet4-norway-stateless\/2020\/05\/1ab4193d-gp04qbw-1024x683.jpg 1024w, https:\/\/www.greenpeace.org\/static\/planet4-norway-stateless\/2020\/05\/1ab4193d-gp04qbw-300x200.jpg 300w, https:\/\/www.greenpeace.org\/static\/planet4-norway-stateless\/2020\/05\/1ab4193d-gp04qbw-768x512.jpg 768w, https:\/\/www.greenpeace.org\/static\/planet4-norway-stateless\/2020\/05\/1ab4193d-gp04qbw-510x340.jpg 510w, https:\/\/www.greenpeace.org\/static\/planet4-norway-stateless\/2020\/05\/1ab4193d-gp04qbw.jpg 1200w\" sizes=\"auto, (max-width: 1024px) 100vw, 1024px\" \/><figcaption class=\"wp-element-caption\">Foto: Axel Kirchhof \/ Greenpeace<div class=\"credit icon-left\"> \u00a9 Axel Kirchhof \/ Greenpeace<\/div><\/figcaption><\/figure>\n\n<h2 class=\"wp-block-heading\">Vi trenger et nytt forhold til naturen<\/h2>\n\n<p>Men mest av alt m\u00e5 2020 v\u00e6re en vekker for oss alle. Vi har utnyttet naturen til et bristepunkt som setter millioner av liv i fare. Utfordringen n\u00e5 er \u00e5 se klima og naturtapskrisen i sammenheng og grunnleggende endre hvordan vi forholder oss til naturen. Vi trenger en dypere forst\u00e5else av naturen vi er avhengige av, og vi m\u00e5 se det gode liv i et st\u00f8rre perspektiv enn kortsiktig materiell komfort.<\/p>\n\n<p>Den internasjonale dagen for biologisk mangfold er en anledning til \u00e5 minne oss p\u00e5 nettopp det, og til \u00e5 engasjere oss i det kanskje viktigste sp\u00f8rsm\u00e5let dette ti\u00e5ret: hvordan vi kan endre kurs slik at vi bygger samfunn som tar vare p\u00e5 alle verdens arter, begrenser klimaendringene og skaper trygghet for n\u00e5v\u00e6rende og kommende generasjoner.<\/p>\n","protected":false},"excerpt":{"rendered":"<p>I dag er den internasjonale dagen for biologisk mangfold. Av de mange FN-dagene er denne en det er verdt \u00e5 reflektere litt ekstra over.<\/p>\n","protected":false},"author":27,"featured_media":5927,"comment_status":"open","ping_status":"open","sticky":false,"template":"","format":"standard","meta":{"ep_exclude_from_search":false,"p4_og_title":"Derfor er biologisk mangfold s\u00e5 viktig","p4_og_description":"","p4_og_image":"","p4_og_image_id":"","p4_seo_canonical_url":"","p4_campaign_name":"not set","p4_local_project":"not set","p4_basket_name":"not set","p4_department":"","footnotes":""},"categories":[31],"tags":[34],"p4-page-type":[16],"class_list":["post-5925","post","type-post","status-publish","format-standard","has-post-thumbnail","hentry","category-natur","tag-naturkrise","p4-page-type-nyheter"],"_links":{"self":[{"href":"https:\/\/www.greenpeace.org\/norway\/wp-json\/wp\/v2\/posts\/5925","targetHints":{"allow":["GET"]}}],"collection":[{"href":"https:\/\/www.greenpeace.org\/norway\/wp-json\/wp\/v2\/posts"}],"about":[{"href":"https:\/\/www.greenpeace.org\/norway\/wp-json\/wp\/v2\/types\/post"}],"author":[{"embeddable":true,"href":"https:\/\/www.greenpeace.org\/norway\/wp-json\/wp\/v2\/users\/27"}],"replies":[{"embeddable":true,"href":"https:\/\/www.greenpeace.org\/norway\/wp-json\/wp\/v2\/comments?post=5925"}],"version-history":[{"count":6,"href":"https:\/\/www.greenpeace.org\/norway\/wp-json\/wp\/v2\/posts\/5925\/revisions"}],"predecessor-version":[{"id":57085,"href":"https:\/\/www.greenpeace.org\/norway\/wp-json\/wp\/v2\/posts\/5925\/revisions\/57085"}],"wp:featuredmedia":[{"embeddable":true,"href":"https:\/\/www.greenpeace.org\/norway\/wp-json\/wp\/v2\/media\/5927"}],"wp:attachment":[{"href":"https:\/\/www.greenpeace.org\/norway\/wp-json\/wp\/v2\/media?parent=5925"}],"wp:term":[{"taxonomy":"category","embeddable":true,"href":"https:\/\/www.greenpeace.org\/norway\/wp-json\/wp\/v2\/categories?post=5925"},{"taxonomy":"post_tag","embeddable":true,"href":"https:\/\/www.greenpeace.org\/norway\/wp-json\/wp\/v2\/tags?post=5925"},{"taxonomy":"p4-page-type","embeddable":true,"href":"https:\/\/www.greenpeace.org\/norway\/wp-json\/wp\/v2\/p4-page-type?post=5925"}],"curies":[{"name":"wp","href":"https:\/\/api.w.org\/{rel}","templated":true}]}}