{"id":5931,"date":"2020-05-25T11:54:46","date_gmt":"2020-05-25T10:54:46","guid":{"rendered":"https:\/\/www.greenpeace.org\/norway\/?p=5931"},"modified":"2023-08-10T11:35:27","modified_gmt":"2023-08-10T10:35:27","slug":"amazonas-greenpeace-med-akutt-stotte-til-urbefolkningen","status":"publish","type":"post","link":"https:\/\/www.greenpeace.org\/norway\/nyheter\/skog-og-landbruk\/amazonas-greenpeace-med-akutt-stotte-til-urbefolkningen\/","title":{"rendered":"Amazonas: Greenpeace bidrar med akutt st\u00f8tte til urbefolkningen"},"content":{"rendered":"\n<figure class=\"wp-block-image size-large is-resized  caption-style-blue-overlay caption-alignment-center\"><img loading=\"lazy\" decoding=\"async\" src=\"https:\/\/www.greenpeace.org\/static\/planet4-norway-stateless\/2020\/05\/f41474b8-gp1stwzg_web_size_with_credit_line.jpg\" alt=\"Greenpeace gir st\u00f8tte til urbefolkningen i Amazonas gjennom samarbeidsprosjektet Asas da Emerg\u00eancia.\" class=\"wp-image-5932\" width=\"747\" height=\"497\" srcset=\"https:\/\/www.greenpeace.org\/static\/planet4-norway-stateless\/2020\/05\/f41474b8-gp1stwzg_web_size_with_credit_line.jpg 800w, https:\/\/www.greenpeace.org\/static\/planet4-norway-stateless\/2020\/05\/f41474b8-gp1stwzg_web_size_with_credit_line-300x200.jpg 300w, https:\/\/www.greenpeace.org\/static\/planet4-norway-stateless\/2020\/05\/f41474b8-gp1stwzg_web_size_with_credit_line-768x512.jpg 768w, https:\/\/www.greenpeace.org\/static\/planet4-norway-stateless\/2020\/05\/f41474b8-gp1stwzg_web_size_with_credit_line-510x340.jpg 510w\" sizes=\"auto, (max-width: 747px) 100vw, 747px\" \/><figcaption class=\"wp-element-caption\">Greenpeace gir st\u00f8tte til urbefolkningen i Amazonas gjennom samarbeidsprosjektet Asas da Emerg\u00eancia. <br>@ Marcos Amend \/ Greenpeace<\/figcaption><\/figure>\n\n<p><strong>Greenpeace hjelper med \u00e5 transportere medisinsk personell og utstyr til de mer avsidesliggende delene av Amazonas-regnskogen i Brasil, for \u00e5 dempe konsekvensene av koronapandemien.<\/strong><\/p>\n\n<p>Situasjonen for urbefolkningen i Brasil er for \u00f8yeblikket veldig bekymringsfull, og det er stor risiko for mange d\u00f8dsfall. <a href=\"https:\/\/edition.cnn.com\/2020\/05\/23\/world\/coronavirus-indigenous-death-apib-intl\/index.html\">If\u00f8lge urfolksorganisasjonen APIB<\/a> har minst 125 urfolk mistet livet etter \u00e5 ha blitt smittet av covid-19, rundt 1000 urfolk er bekreftet smittet, og d\u00f8dsraten er dobbelt s\u00e5 h\u00f8y som i resten av Brasils befolkning.<\/p>\n\n<p>\u2013Vi stiller med fly, infrastruktur og medarbeidere, s\u00e5 leger, sykepleiere og essensielt utstyr n\u00e5r fram til grupper som er ekstra utsatt under denne pandemien. Alt fra oksygenflasker til h\u00e5ndsprit og s\u00e5pe er viktig, sier Carol Mar\u00e7al i Greenpeace Brasil.<\/p>\n\n<p>Prosjektet Asas de Emerg\u00eancia er et samarbeid mellom flere organisasjoner.<\/p>\n\n<p>\u2013En pandemi krever solidaritet og medf\u00f8lelse. Vi st\u00e5r sammen med urbefolkningsgrupper og samarbeidspartnere i en av de mest utfordrende fasene i v\u00e5r tid. Dette store st\u00f8ttenettverket er et tegn p\u00e5 h\u00e5p, sier Mar\u00e7al.<\/p>\n\n<h2 class=\"wp-block-heading\">Til isolert by i Amazonas<\/h2>\n\n<p>De f\u00f8rste flyene i Asas de Emerg\u00eancia-prosjektet tok av 8. og 9. mai og fl\u00f8y til S\u00e3o Gabriel da Cachoeira i Amazonas. Det anses som byen med den st\u00f8rste andelen urfolk i Brasil. Av byens 45 000 innbyggere tilh\u00f8rer&nbsp;90 prosent av befolkningen forskjellige urfolksgrupper.<\/p>\n\n<p>Byen, som ligger 852 km fra storbyen Manaus i Amazonas, har ikke en eneste intensivplass, og hele samfunnet har v\u00e6rt i nedstengt siden 8. mai p\u00e5 grunn av risikoen for at helsevesenet skal kollapse. Hit har vi sendt helsepersonell, oksygen, koronatester og hygieneartikler.&nbsp;<\/p>\n\n<p>Asas de Emerg\u00eancia fl\u00f8y ogs\u00e5 til regionen Jacareacanga i Par\u00e1 12. mai. Der bor urbefolkningen Munduruku, med omtrent 13 000 innbyggere. Greenpeace har donert og transportert 400 operasjonsmasker og 2000 par med operasjonshansker til de regionale helsemyndighetene for urfolk i Tapaj\u00f3s. Helsearbeiderne der kjemper&nbsp;i frontlinjen mot covid-19.<\/p>\n\n<figure class=\"wp-block-image size-large  caption-style-blue-overlay caption-alignment-center\"><img loading=\"lazy\" decoding=\"async\" width=\"1024\" height=\"683\" src=\"https:\/\/www.greenpeace.org\/static\/planet4-norway-stateless\/2020\/05\/46f0f323-gp1stwzc-1024x683.jpg\" title=\"Wings of Emergency Project in Brazil. \u00a9 Chico Batata \/ Greenpeace\" alt=\"Wings of Emergency Project in Brazil. \u00a9 Chico Batata \/ Greenpeace\" class=\"wp-image-5938\" srcset=\"https:\/\/www.greenpeace.org\/static\/planet4-norway-stateless\/2020\/05\/46f0f323-gp1stwzc-1024x683.jpg 1024w, https:\/\/www.greenpeace.org\/static\/planet4-norway-stateless\/2020\/05\/46f0f323-gp1stwzc-300x200.jpg 300w, https:\/\/www.greenpeace.org\/static\/planet4-norway-stateless\/2020\/05\/46f0f323-gp1stwzc-768x512.jpg 768w, https:\/\/www.greenpeace.org\/static\/planet4-norway-stateless\/2020\/05\/46f0f323-gp1stwzc-510x340.jpg 510w, https:\/\/www.greenpeace.org\/static\/planet4-norway-stateless\/2020\/05\/46f0f323-gp1stwzc.jpg 1200w\" sizes=\"auto, (max-width: 1024px) 100vw, 1024px\" \/><figcaption><div class=\"credit icon-left\"> \u00a9 Chico Batata \/ Greenpeace<\/div><\/figcaption><\/figure>\n\n<h2 class=\"wp-block-heading\">F\u00f8lger strenge retningslinjer<\/h2>\n\n<p>Etter en grundig dekontamineringsprosess, gjennomf\u00f8rt i to runder, ble 30 s\u00e5pebokser og 5000 masker, laget av aktivister og ansatte i organisasjonen, sent til landsbyer i n\u00e6rheten av Jacareacanga. Der hadde det allerede brutt ut 26 tilfeller av covid-19.<\/p>\n\n<p>Med i dette samarbeidet er blant andre Coordination of Indigenous Organisations of the Brazilian Amazon (COIAB) og deres grasrotorganisasjoner, som Federation of Indigenous Organisations of Rio Negro (FOIRN), og andre institusjoner og helseautoriteter som er involvert i n\u00f8dhjelp til urbefolkningsomr\u00e5der, spesielt i Amazonas. Flere aksjoner planlegges.<\/p>\n\n<p>Alle aksjonene v\u00e5re har fulgt strenge retningslinjer for helse og sikkerhet. Det betyr at vi har dekontaminert fly og utstyr som fraktes, at personell har brukt n\u00f8dvendig beskyttelsesutstyr, og at vi ikke selv reiser inn i urbefolkningens omr\u00e5der.<\/p>\n\n<h2 class=\"wp-block-heading\">Avskogingen av regnskog \u00f8ker kraftig<\/h2>\n\n<p>Under den p\u00e5g\u00e5ende koronapandemien har den brasilianske regjeringen permittert statsansatte med ansvar for \u00e5 beskytte skogen og kuttet i ressursene for \u00e5 bekjempe milj\u00f8kriminalitet. Og regjeringen bruker koronakrisen til \u00e5 hastevedta en lovendring som vil gj\u00f8re det <a href=\"https:\/\/unearthed.greenpeace.org\/2020\/04\/29\/coronavirus-amazon-deforestation-bolsonaro-brazil-weakens-indigenous-environmental-safeguards\/\">lettere \u00e5 invadere urfolksterritorier<\/a>.<\/p>\n\n<p>Brasils president, Jair Bolsonaro, fortsetter dermed angrepet p\u00e5 urfolket som beskytter verdens st\u00f8rste regnskog. Konsekvensen er en drastisk \u00f8kning i avskoging og i drap og vold mot urfolk.<\/p>\n\n<p>I l\u00f8pet av \u00e5rets f\u00f8rste fire m\u00e5neder \u00f8kte avskogingen med 55 prosent sammenliknet med samme periode i fjor, if\u00f8lge offisiell data fra <a href=\"http:\/\/www3.inpe.br\/amazonia-1\/en\/amazonia.php\">Brasils nasjonale romforskningsinstitutt<\/a>.<\/p>\n\n<figure class=\"wp-block-image size-large  caption-style-blue-overlay caption-alignment-center\"><img loading=\"lazy\" decoding=\"async\" width=\"1024\" height=\"683\" src=\"https:\/\/www.greenpeace.org\/static\/planet4-norway-stateless\/2020\/05\/fec09a38-gp0sttsct-1024x683.jpg\" title=\"Forest Fires in Candeiras do Jamari, Amazon - Second Overflight (2019). \u00a9 Victor Moriyama \/ Greenpeace\" alt=\"Forest Fires in Candeiras do Jamari, Amazon - Second Overflight (2019). \u00a9 Victor Moriyama \/ Greenpeace\" class=\"wp-image-5937\" srcset=\"https:\/\/www.greenpeace.org\/static\/planet4-norway-stateless\/2020\/05\/fec09a38-gp0sttsct-1024x683.jpg 1024w, https:\/\/www.greenpeace.org\/static\/planet4-norway-stateless\/2020\/05\/fec09a38-gp0sttsct-300x200.jpg 300w, https:\/\/www.greenpeace.org\/static\/planet4-norway-stateless\/2020\/05\/fec09a38-gp0sttsct-768x512.jpg 768w, https:\/\/www.greenpeace.org\/static\/planet4-norway-stateless\/2020\/05\/fec09a38-gp0sttsct-510x340.jpg 510w, https:\/\/www.greenpeace.org\/static\/planet4-norway-stateless\/2020\/05\/fec09a38-gp0sttsct.jpg 1200w\" sizes=\"auto, (max-width: 1024px) 100vw, 1024px\" \/><figcaption class=\"wp-element-caption\">Skogbrannene i Amazonas har \u00f8kt kraftig i f\u00f8rste del av 2020. Bildet viser en skogbrann i Candeiras do Jamari i Amazonas i 2019.<div class=\"credit icon-left\"> \u00a9 Victor Moriyama \/ Greenpeace<\/div><\/figcaption><\/figure>\n\n<h2 class=\"wp-block-heading\">St\u00f8tte til Amazonas og urfolket<\/h2>\n\n<p>I tillegg til Asas da Emerg\u00eancia-prosjektet fortsetter Greenpeace \u00e5 jobbe for \u00e5 stanse og dokumentere \u00f8deleggelse av regnskog og brudd p\u00e5 urfolks rettigheter.<\/p>\n\n<p>Blant annet har Greenpeace Brasil lansert \u201cTatiana de Carvalho\u201d-stipendet for \u00e5 st\u00f8tte forskning p\u00e5 artsmangfold i Amazonas. Det trengs spesielt n\u00e5 som den brasilianske regjeringen nedprioriterer forskning p\u00e5 milj\u00f8. <\/p>\n\n<p>Her kan du lese mer om hva vi fikk til <a href=\"https:\/\/www.greenpeace.org\/norway\/nyheter\/2018\/takk-for-hjelpen\/\">i fjor<\/a> med st\u00f8tten fra v\u00e5re uvurderlige medlemmer.<\/p>\n\n<p>Det har aldri v\u00e6rt viktigere \u00e5 kjempe mot kreftene som \u00f8delegger regnskog og truer urfolk for kortsiktig gevinst. Vi takker alle st\u00f8ttespillerne v\u00e5re som gj\u00f8r at vi kan fortsette det livsviktige arbeidet v\u00e5rt i Amazonas-regnskogen, v\u00e5r kanskje viktigste allierte i klimakrisen.<\/p>\n\n<p>Greenpeace er en uavhengig organisasjon som av prinsipp ikke mottar st\u00f8tte fra myndigheter, n\u00e6ringsliv eller politiske partier \u2013 derfor er den \u00f8konomiske st\u00f8tten fra privatpersoner helt avgj\u00f8rende for arbeidet v\u00e5rt.<\/p>\n\n<p><strong>Vil du v\u00e6re med og st\u00f8tte arbeidet v\u00e5rt for Amazonas?<\/strong> <a href=\"https:\/\/bidra.greenpeace.org\/d\/bli-manedlig-giver-amazon\">Bli m\u00e5nedlig giver<\/a><strong> <\/strong>i dag.<\/p>\n\t\t\t<section\n\t\t\tclass=\"boxout post-1229 \"\n\t\t\t\n\t\t>\n\t\t\t<a\n\t\t\t\tdata-ga-category=\"Take Action Boxout\"\n\t\t\t\tdata-ga-action=\"Image\"\n\t\t\t\tdata-ga-label=\"n\/a\"\n\t\t\t\tclass=\"cover-card-overlay\"\n\t\t\t\thref=\"https:\/\/www.greenpeace.org\/norway\/vaer-med\/stott-oss\/\" \n\t\t\t><\/a>\n\t\t\t\t\t\t\t<img\n\t\t\t\t\t\tsrc=\"https:\/\/www.greenpeace.org\/static\/planet4-norway-stateless\/2022\/02\/487ac5d0-gp1swsny-1024x767.jpg\"\n\t\t\t\t\t\tsrcset=\"https:\/\/www.greenpeace.org\/static\/planet4-norway-stateless\/2022\/02\/487ac5d0-gp1swsny-300x225.jpg 300w, https:\/\/www.greenpeace.org\/static\/planet4-norway-stateless\/2022\/02\/487ac5d0-gp1swsny-1024x767.jpg 1024w, https:\/\/www.greenpeace.org\/static\/planet4-norway-stateless\/2022\/02\/487ac5d0-gp1swsny-768x575.jpg 768w, https:\/\/www.greenpeace.org\/static\/planet4-norway-stateless\/2022\/02\/487ac5d0-gp1swsny-454x340.jpg 454w, https:\/\/www.greenpeace.org\/static\/planet4-norway-stateless\/2022\/02\/487ac5d0-gp1swsny.jpg 1200w\"\n\t\t\t\t\t\tsizes=\"(min-width: 1000px) 358px, (min-width: 780px) 313px, 88px\"\n\t\t\t\t\t\talt=\"Flyfoto av en \u00f8y formet som et hjerte\" title=\"Flyfoto av en \u00f8y formet som et hjerte\"\n\t\t\t\t\/>\n            \t\t\t<div class=\"boxout-content\">\n\t\t\t\t\t\t\t\t\t<a\n\t\t\t\t\t\tclass=\"boxout-heading medium\"\n\t\t\t\t\t\tdata-ga-category=\"Take Action Boxout\"\n\t\t\t\t\t\tdata-ga-action=\"Title\"\n\t\t\t\t\t\tdata-ga-label=\"n\/a\"\n\t\t\t\t\t\thref=\"https:\/\/www.greenpeace.org\/norway\/vaer-med\/stott-oss\/\"\n\t\t\t\t\t\t\n\t\t\t\t\t>\n\t\t\t\t\t\tSt\u00f8tt arbeidet v\u00e5rt for klima og milj\u00f8\n\t\t\t\t\t<\/a>\n\t\t\t\t\t\t\t\t\t\t\t\t\t<p class=\"boxout-excerpt\">Sammen utgj\u00f8r vi en forskjell for den s\u00e5rbare planeten v\u00e5r.<\/p>\n\t\t\t\t                                    <a\n                        class=\"btn btn-primary\"\n                        data-ga-category=\"Take Action Boxout\"\n                        data-ga-action=\"Call to Action\"\n                        data-ga-label=\"n\/a\"\n                        href=\"https:\/\/www.greenpeace.org\/norway\/vaer-med\/stott-oss\/\"\n                        \n                    >\n                        V\u00e6r med\n                    <\/a>\n                \t\t\t<\/div>\n\t\t\t\t\t<\/section>\n\t","protected":false},"excerpt":{"rendered":"<p>I koronakrisen er Greenpeace p\u00e5 plass i Brasil og hjelper til med \u00e5 transportere medisinsk personell og utstyr til omr\u00e5der i Amazonas-regnskogen.<\/p>\n","protected":false},"author":27,"featured_media":5932,"comment_status":"open","ping_status":"open","sticky":false,"template":"","format":"standard","meta":{"ep_exclude_from_search":false,"p4_og_title":"Amazonas: Greenpeace bidrar med st\u00f8tte","p4_og_description":"","p4_og_image":"","p4_og_image_id":"","p4_seo_canonical_url":"","p4_campaign_name":"not set","p4_local_project":"not set","p4_basket_name":"not set","p4_department":"","footnotes":""},"categories":[60],"tags":[79,83,25],"p4-page-type":[16],"class_list":["post-5931","post","type-post","status-publish","format-standard","has-post-thumbnail","hentry","category-skog-og-landbruk","tag-amazonas","tag-urfolksrettigheter","tag-losninger","p4-page-type-nyheter"],"_links":{"self":[{"href":"https:\/\/www.greenpeace.org\/norway\/wp-json\/wp\/v2\/posts\/5931","targetHints":{"allow":["GET"]}}],"collection":[{"href":"https:\/\/www.greenpeace.org\/norway\/wp-json\/wp\/v2\/posts"}],"about":[{"href":"https:\/\/www.greenpeace.org\/norway\/wp-json\/wp\/v2\/types\/post"}],"author":[{"embeddable":true,"href":"https:\/\/www.greenpeace.org\/norway\/wp-json\/wp\/v2\/users\/27"}],"replies":[{"embeddable":true,"href":"https:\/\/www.greenpeace.org\/norway\/wp-json\/wp\/v2\/comments?post=5931"}],"version-history":[{"count":14,"href":"https:\/\/www.greenpeace.org\/norway\/wp-json\/wp\/v2\/posts\/5931\/revisions"}],"predecessor-version":[{"id":56994,"href":"https:\/\/www.greenpeace.org\/norway\/wp-json\/wp\/v2\/posts\/5931\/revisions\/56994"}],"wp:featuredmedia":[{"embeddable":true,"href":"https:\/\/www.greenpeace.org\/norway\/wp-json\/wp\/v2\/media\/5932"}],"wp:attachment":[{"href":"https:\/\/www.greenpeace.org\/norway\/wp-json\/wp\/v2\/media?parent=5931"}],"wp:term":[{"taxonomy":"category","embeddable":true,"href":"https:\/\/www.greenpeace.org\/norway\/wp-json\/wp\/v2\/categories?post=5931"},{"taxonomy":"post_tag","embeddable":true,"href":"https:\/\/www.greenpeace.org\/norway\/wp-json\/wp\/v2\/tags?post=5931"},{"taxonomy":"p4-page-type","embeddable":true,"href":"https:\/\/www.greenpeace.org\/norway\/wp-json\/wp\/v2\/p4-page-type?post=5931"}],"curies":[{"name":"wp","href":"https:\/\/api.w.org\/{rel}","templated":true}]}}