{"id":5958,"date":"2020-05-29T14:57:50","date_gmt":"2020-05-29T13:57:50","guid":{"rendered":"https:\/\/www.greenpeace.org\/norway\/?p=5958"},"modified":"2023-08-10T14:09:14","modified_gmt":"2023-08-10T13:09:14","slug":"amazonas-forventer-rekordstore-branner-og-avskoging-i-2020","status":"publish","type":"post","link":"https:\/\/www.greenpeace.org\/norway\/nyheter\/skog-og-landbruk\/amazonas-forventer-rekordstore-branner-og-avskoging-i-2020\/","title":{"rendered":"Amazonas: Forventer rekordstore branner og avskoging i 2020"},"content":{"rendered":"\n<figure class=\"wp-block-image size-large  caption-style-blue-overlay caption-alignment-center\"><img loading=\"lazy\" decoding=\"async\" width=\"1024\" height=\"683\" src=\"https:\/\/www.greenpeace.org\/static\/planet4-norway-stateless\/2020\/05\/fec09a38-gp0sttsct-1024x683.jpg\" title=\"Forest Fires in Candeiras do Jamari, Amazon - Second Overflight (2019). \u00a9 Victor Moriyama \/ Greenpeace\" alt=\"Forest Fires in Candeiras do Jamari, Amazon - Second Overflight (2019). \u00a9 Victor Moriyama \/ Greenpeace\" class=\"wp-image-5937\" srcset=\"https:\/\/www.greenpeace.org\/static\/planet4-norway-stateless\/2020\/05\/fec09a38-gp0sttsct-1024x683.jpg 1024w, https:\/\/www.greenpeace.org\/static\/planet4-norway-stateless\/2020\/05\/fec09a38-gp0sttsct-300x200.jpg 300w, https:\/\/www.greenpeace.org\/static\/planet4-norway-stateless\/2020\/05\/fec09a38-gp0sttsct-768x512.jpg 768w, https:\/\/www.greenpeace.org\/static\/planet4-norway-stateless\/2020\/05\/fec09a38-gp0sttsct-510x340.jpg 510w, https:\/\/www.greenpeace.org\/static\/planet4-norway-stateless\/2020\/05\/fec09a38-gp0sttsct.jpg 1200w\" sizes=\"auto, (max-width: 1024px) 100vw, 1024px\" \/><figcaption class=\"wp-element-caption\">Mange husker de katastrofale brannene i Amazonas i fjor. Bildet er fra Candeiras do Jamari i den brasilianske delstaten Rond\u00f4nia i 2019.<div class=\"credit icon-left\"> \u00a9 Victor Moriyama \/ Greenpeace<\/div><\/figcaption><\/figure>\n\n<h2 class=\"wp-block-heading\">Nye tall over avskoging av Amazonas i 2020 er urovekkende. I l\u00f8pet av \u00e5rets f\u00f8rste fire m\u00e5neder \u00f8kte avskogingen av regnskogen med 55 prosent sammenliknet med samme periode i fjor, if\u00f8lge offisielle data fra <a href=\"http:\/\/www3.inpe.br\/amazonia-1\/en\/amazonia.php\">Brasils nasjonale romforskningsinstitutt<\/a>. Bare i april i \u00e5r forsvant regnskog tilsvarende et omr\u00e5de p\u00e5 st\u00f8rrelse med Oslo.<\/h2>\n\n<p><em>Oppdatering juli 2020: Bare i juni i \u00e5r forsvant brasiliansk regnskog tilsvarende et omr\u00e5de dobbelt s\u00e5 stort som Oslo.&nbsp;Det er den verste avskogingen i juni p\u00e5 13 \u00e5r.&nbsp;<\/em><\/p>\n\n<p>2019 var det verste \u00e5ret for Amazonas p\u00e5 elleve \u00e5r, og n\u00e5 ser det ut til at<a rel=\"noreferrer noopener\" href=\"https:\/\/news.mongabay.com\/2020\/07\/deforestation-rate-climbs-higher-as-amazon-moves-into-the-burning-season\/\" target=\"_blank\">&nbsp;2020 blir enda verre<\/a>.<\/p>\n\n<p>\u2013 Det ser dessverre ut til at vi kan vente oss rekordstore branner og avskoging i \u00e5r, advarer R\u00f4mulo Batista i Greenpeace Brasil.<\/p>\n\n<p>Mange husker de katastrofale brannene i Amazonas i fjor. Brasils president Jair Bolsonaro fikk en stor del av skylden etter \u00e5 ha tappet institusjonene som beskytter regnskogen for ressurser, og ble beskyldt for \u00e5 se mellom fingrene da ulovlige branner ble stiftet. Brann er en av de vanligste m\u00e5tene som brukes for \u00e5 fjerne skog, blant annet av b\u00f8nder i regionen.<\/p>\n\n<p>N\u00e5 er vi sterkt bekymret for hva vi har i vente.<\/p>\n\n<p><strong>LES OGS\u00c5:<\/strong> <a href=\"https:\/\/www.greenpeace.org\/norway\/nyheter\/7379\/nye-bilder-viser-ulovlige-branner-som-herjer-i-amazonas\/\">Nye bilder viser de ulovlige brannene som herjer i regnskogen i Amazonas<\/a><\/p>\n\n<h2 class=\"wp-block-heading\">Urfolksomr\u00e5der i regnskogen trues<\/h2>\n\n<p>Under den p\u00e5g\u00e5ende koronapandemien har den brasilianske regjeringen permittert statsansatte med ansvar for \u00e5 beskytte skogen og kuttet i ressursene for \u00e5 bekjempe milj\u00f8kriminalitet. Og regjeringen har fors\u00f8kt \u00e5 bruke koronakrisen til \u00e5 hastevedta en lovendring som vil gj\u00f8re det <a href=\"https:\/\/www.greenpeace.org\/norway\/nyheter\/5861\/udemokratisk-lovforslag-truer-brasils-urfolk-og-regnskog\/\">lettere \u00e5 invadere urfolksterritorier.<\/a><\/p>\n\n<p>Dermed forventes det at avskogingen \u00f8ker ytterligere i andre kvartal.<\/p>\n\n<p>\u2013 Bolsonaro ser ikke bare bort n\u00e5r illegale t\u00f8mmerhoggere og gruvearbeidere fortsetter \u00e5 plyndre urfolkenes territorier under pandemien, men han planlegger ogs\u00e5 \u00e5 gj\u00f8re det lettere for dem. Store folkegrupper og samfunn uten ressurser til \u00e5 bekjempe viruset risikerer \u00e5 forsvinne hvis infeksjonen sprer seg til deres territorier. Bolsonaros handlinger er kriminelle og m\u00e5 stoppes, sier Carolina Mar\u00e7al i Greenpeace Brasil.<\/p>\n\n<p>St\u00e5 sammen med oss og krev at Brasils regjering stopper \u00f8deleggelsen av Amazonas:<\/p>\n\n<div class=\"wp-block-buttons is-layout-flex wp-block-buttons-is-layout-flex\">\n<div class=\"wp-block-button is-style-cta\"><a class=\"wp-block-button__link has-text-color has-background wp-element-button\" href=\"https:\/\/www.greenpeace.org\/norway\/vaer-med\/beskytt-amazonas\/redd-amazonas\/\" style=\"color:#ffffff;background-color:#f36d3a\">SKRIV UNDER: REDD REGNSKOGEN<\/a><\/div>\n<\/div>\n\n<p><\/p>\n\n<h2 class=\"wp-block-heading\">Branner i Amazonas f\u00e5r store konsekvenser<\/h2>\n\n<p>Amazonas er kjent for sitt rike biologiske mangfold. P\u00e5 bare fire \u00e5r er 600 nye dyrearter blitt dokumentert i Amazonas, til tross for at det er blitt stadig vanskeligere \u00e5 drive milj\u00f8forskning i Brasil p\u00e5 grunn av Bolsonaros budsjettkutt. Dessverre blir disse artene oppdaget n\u00e5r deres habitat og eksistens trues av avskoging for \u00e5 utvide jordbruk og gruvedrift. Den \u00f8kende avskogingen kommer til \u00e5 f\u00f8re til at enda flere dyrearter risikerer \u00e5 forsvinne fra planeten v\u00e5r, for alltid.<\/p>\n\n<p>\u00d8deleggelsen av Amazonas er ikke bare d\u00e5rlige nyheter for de som bor der. Det er ingen tvil om at konsekvensene er enorme om vi \u00f8delegger Amazonas, ikke bare for det rike dyrelivet og urbefolkningen \u2013 men for hele planeten v\u00e5r. Amazonas er kanskje v\u00e5r viktigste allierte i klimakrisen. Mister vi Amazonas, taper vi kampen mot klimaendringene.<\/p>\n\n<p><strong>LES OGS\u00c5:<\/strong> <a href=\"https:\/\/www.greenpeace.org\/norway\/nyheter\/7533\/hvorfor-er-amazonas-sa-viktig-5-svar\/?_thumbnail_id=7535\">Hvorfor er Amazonas s\u00e5 viktig? 5 svar<\/a><\/p>\n\n<p>Skogbranner og klimaendringer fungerer i en ond sirkel: N\u00e5r antallet branner \u00f8ker, \u00f8ker ogs\u00e5 utslippet av drivhusgasser, som igjen leder til h\u00f8yere temperaturer og mer ekstremv\u00e6r som heteb\u00f8lger og t\u00f8rke.<\/p>\n\n<p>I tillegg til \u00f8kte CO2-utslipp bidrar avskoging til en direkte endring i regnm\u00f8nstrene i Amazonas. Dette f\u00f8rer til en lengre t\u00f8rkeperiode, som igjen p\u00e5virker skogene, biomangfoldet, jordbruket og folks helse.<\/p>\n\n<h2 class=\"wp-block-heading\">Avskoging gj\u00f8r oss mer utsatte for virus<\/h2>\n\n<p>Forskning viser dessuten at virus som covid-19 kan bli vanligere <a href=\"https:\/\/forskning.no\/naturvern-ntb-skog\/ny-forskning-virusspredning-skyldes-menneskelig-aktivitet\/1670351\">etter hvert som mennesker \u00f8delegger ville dyrs leveomr\u00e5der<\/a>. Covid-19 er blant sykdommene som sannsynligvis har kommet som f\u00f8lge av at et virus er blitt overf\u00f8rt fra et dyr til menneske. Avskoging, alvorlige skogbranner som de vi ser i Amazonas, og annet tap av habitat som f\u00f8lge av et \u00f8delagt matsystem og klimaendringer \u00f8delegger \u00f8kosystemene v\u00e5re og gj\u00f8r oss mer utsatte.<\/p>\n\n<p>Koronapandemien har gitt mange \u00f8kt bevissthet om <a href=\"https:\/\/www.greenpeace.org\/norway\/nyheter\/3506\/koronakrisen-viser-hvorfor-vi-trenger-et-nytt-forhold-til-naturen\/\">hvor s\u00e5rbare vi mennesker egentlig er<\/a>. N\u00e5r en underliggende \u00e5rsak til pandemien er nettopp menneskelig aktivitet, b\u00f8r varsellampene blinke.<\/p>\n\n<h2 class=\"wp-block-heading\">\u201cHva kan jeg gj\u00f8re for Amazonas?\u201d<\/h2>\n\n<p>Greenpeace f\u00e5r ofte sp\u00f8rsm\u00e5l om <a href=\"https:\/\/www.greenpeace.org\/norway\/historier\/1775\/7-tips-for-a-beskytte-amazonas-regnskogen\/\">hva enkeltmennesker kan gj\u00f8re for \u00e5 beskytte Amazonas<\/a>. Derfor har vi samlet sju enkle tips <a href=\"https:\/\/www.greenpeace.org\/norway\/historier\/1775\/7-tips-for-a-beskytte-amazonas-regnskogen\/\">her<\/a>.<\/p>\n\n<p>Ved \u00e5 endre m\u00e5ten du lever p\u00e5, kan du vise solidaritet med urbefolkningen og bli en del av bevegelsen som beskytter Amazonas.<\/p>\n\n<p>Greenpeace fortsetter \u00e5 jobbe for at Amazonas skal bevares og urfolks rettigheter sikres. Her kan du lese mer om hva vi fikk til <a href=\"https:\/\/www.greenpeace.org\/norway\/nyheter\/2018\/takk-for-hjelpen\/\">i fjor<\/a> med st\u00f8tten fra v\u00e5re uvurderlige st\u00f8ttemedlemmer.<\/p>\n\n<p>I 2020 har vi blant annet gjort dette for regnskogen:<\/p>\n\n<ul class=\"wp-block-list\">\n<li>Lansert \u201cTatiana de Carvalho\u201d-stipendet for \u00e5 st\u00f8tte forskning p\u00e5 biologisk mangfold i Amazonas. Det trengs i en tid da den brasilianske regjeringen nedprioriterer forskning p\u00e5 milj\u00f8.<\/li>\n\n\n\n<li>Hjulpet til med \u00e5 transportere medisinsk personell og utstyr <a href=\"https:\/\/www.greenpeace.org\/norway\/nyheter\/5931\/amazonas-greenpeace-med-akutt-stotte-til-urbefolkningen\/\">til urfolk i de mer avsidesliggende delene av Amazonas under koronakrisen<\/a>, gjennom Asas de Emerg\u00eancia-prosjektet.<\/li>\n\n\n\n<li>Fortsatt \u00e5 presse president Jair Bolsonaro og Brasils regjering, i tillegg til norske politikere. Vi krever blant annet at <a href=\"https:\/\/www.greenpeace.org\/norway\/nyheter\/5861\/udemokratisk-lovforslag-truer-brasils-urfolk-og-regnskog\/\">Norge sier nei til frihandelsavtalen med Brasil <\/a>inntil avskogingen er under kontroll og urfolks rettigheter kan garanteres.<\/li>\n\n\n\n<li>Sikret at et <a href=\"https:\/\/www.greenpeace.org\/norway\/nyheter\/5861\/udemokratisk-lovforslag-truer-brasils-urfolk-og-regnskog\/\">lovforslag som ville tatt territorier fra urfol<\/a>k og gitt det okkupanter som driver hogst, gruveutvinning og landbruk, ble utsatt.<\/li>\n<\/ul>\n\n<p><strong>Vil du v\u00e6re med og st\u00f8tte arbeidet v\u00e5rt for Amazonas?<\/strong> <a href=\"https:\/\/bidra.greenpeace.org\/d\/bli-manedlig-giver-amazon\">Gjennom \u00e5 bli m\u00e5nedlig giver <\/a>hjelper du oss \u00e5 planlegge arbeidet v\u00e5rt langsiktig, ogs\u00e5 i tider med krise og \u00f8konomisk usikkerhet.<\/p>\n<div class=\"EmptyMessage\">Block content is empty. Check the block&#8217;s settings or remove it.<\/div>","protected":false},"excerpt":{"rendered":"<p>Nye tall over avskoging av Amazonas er urovekkende. Regnskogen brenner fortsatt, og det ser ut til at vi kan vente oss rekordstore branner og avskoging i 2020.<\/p>\n","protected":false},"author":27,"featured_media":5937,"comment_status":"open","ping_status":"open","sticky":false,"template":"","format":"standard","meta":{"ep_exclude_from_search":false,"p4_og_title":"Amazonas: Forventer rekordstore branner","p4_og_description":"","p4_og_image":"","p4_og_image_id":"","p4_seo_canonical_url":"","p4_campaign_name":"not set","p4_local_project":"not set","p4_basket_name":"not set","p4_department":"","footnotes":""},"categories":[60],"tags":[34,37,79,83,64],"p4-page-type":[16],"class_list":["post-5958","post","type-post","status-publish","format-standard","has-post-thumbnail","hentry","category-skog-og-landbruk","tag-naturkrise","tag-skogbruk","tag-amazonas","tag-urfolksrettigheter","tag-klimakrise","p4-page-type-nyheter"],"_links":{"self":[{"href":"https:\/\/www.greenpeace.org\/norway\/wp-json\/wp\/v2\/posts\/5958","targetHints":{"allow":["GET"]}}],"collection":[{"href":"https:\/\/www.greenpeace.org\/norway\/wp-json\/wp\/v2\/posts"}],"about":[{"href":"https:\/\/www.greenpeace.org\/norway\/wp-json\/wp\/v2\/types\/post"}],"author":[{"embeddable":true,"href":"https:\/\/www.greenpeace.org\/norway\/wp-json\/wp\/v2\/users\/27"}],"replies":[{"embeddable":true,"href":"https:\/\/www.greenpeace.org\/norway\/wp-json\/wp\/v2\/comments?post=5958"}],"version-history":[{"count":20,"href":"https:\/\/www.greenpeace.org\/norway\/wp-json\/wp\/v2\/posts\/5958\/revisions"}],"predecessor-version":[{"id":57014,"href":"https:\/\/www.greenpeace.org\/norway\/wp-json\/wp\/v2\/posts\/5958\/revisions\/57014"}],"wp:featuredmedia":[{"embeddable":true,"href":"https:\/\/www.greenpeace.org\/norway\/wp-json\/wp\/v2\/media\/5937"}],"wp:attachment":[{"href":"https:\/\/www.greenpeace.org\/norway\/wp-json\/wp\/v2\/media?parent=5958"}],"wp:term":[{"taxonomy":"category","embeddable":true,"href":"https:\/\/www.greenpeace.org\/norway\/wp-json\/wp\/v2\/categories?post=5958"},{"taxonomy":"post_tag","embeddable":true,"href":"https:\/\/www.greenpeace.org\/norway\/wp-json\/wp\/v2\/tags?post=5958"},{"taxonomy":"p4-page-type","embeddable":true,"href":"https:\/\/www.greenpeace.org\/norway\/wp-json\/wp\/v2\/p4-page-type?post=5958"}],"curies":[{"name":"wp","href":"https:\/\/api.w.org\/{rel}","templated":true}]}}