{"id":59796,"date":"2024-04-04T18:13:24","date_gmt":"2024-04-04T17:13:24","guid":{"rendered":"https:\/\/www.greenpeace.org\/norway\/?p=59796"},"modified":"2025-01-09T09:50:16","modified_gmt":"2025-01-09T08:50:16","slug":"gode-nyheter-for-verdens-klima-og-miljo-i-2024","status":"publish","type":"post","link":"https:\/\/www.greenpeace.org\/norway\/nyheter\/greenpeace\/gode-nyheter-for-verdens-klima-og-miljo-i-2024\/","title":{"rendered":"Gode nyheter for verdens klima og milj\u00f8 i 2024"},"content":{"rendered":"\n<figure class=\"wp-block-image size-large\"><img loading=\"lazy\" decoding=\"async\" width=\"1024\" height=\"536\" src=\"https:\/\/www.greenpeace.org\/static\/planet4-norway-stateless\/2024\/01\/9eb3d948-seier_header-1024x536.png\" alt=\"Gode nyheter: Greenpeace og Natur og Ungdom det nye klimas\u00f8ksm\u00e5let mot den norske stat. Bildet viser ansatte i de to milj\u00f8organisasjonene foran Oslo tinghus.\" class=\"wp-image-58980\" srcset=\"https:\/\/www.greenpeace.org\/static\/planet4-norway-stateless\/2024\/01\/9eb3d948-seier_header-1024x536.png 1024w, https:\/\/www.greenpeace.org\/static\/planet4-norway-stateless\/2024\/01\/9eb3d948-seier_header-300x157.png 300w, https:\/\/www.greenpeace.org\/static\/planet4-norway-stateless\/2024\/01\/9eb3d948-seier_header-768x402.png 768w, https:\/\/www.greenpeace.org\/static\/planet4-norway-stateless\/2024\/01\/9eb3d948-seier_header-1536x804.png 1536w, https:\/\/www.greenpeace.org\/static\/planet4-norway-stateless\/2024\/01\/9eb3d948-seier_header-510x267.png 510w, https:\/\/www.greenpeace.org\/static\/planet4-norway-stateless\/2024\/01\/9eb3d948-seier_header.png 1920w\" sizes=\"auto, (max-width: 1024px) 100vw, 1024px\" \/><figcaption class=\"wp-element-caption\">I januar vant Greenpeace og Natur og Ungdom det nye klimas\u00f8ksm\u00e5let mot den norske stat. Oljefeltene Tyrving, Breidablikk og Yggdrasil ble kjent ulovlige. <\/figcaption><\/figure>\n\n<p>Her er seks <strong>positive nyheter<\/strong> for klima og milj\u00f8, fra Norge og verden, fra f\u00f8rste del av 2024. Sammen med st\u00f8ttespillerne v\u00e5re vinner vi i <a href=\"https:\/\/www.greenpeace.org\/norway\/om-oss\/hva-greenpeace-er\/\">Greenpeace<\/a> stadig nye seire!<\/p>\n\n<h2 class=\"wp-block-heading\">1. Vi vant klimas\u00f8ksm\u00e5let mot den norske staten<\/h2>\n\n<p>I januar vant vi og Natur og Ungdom over staten p\u00e5 alle punkter i <a href=\"https:\/\/www.greenpeace.org\/norway\/klimaendringer\/klimasoksmal\/nytt-klimasoksmal-2023-dette-ma-du-vite\/\">det nye klimas\u00f8ksm\u00e5let<\/a>. Oslo tingrett kom med en knusende dom som kjente oljefeltene Tyrving, Breidablikk og Yggdrasil ulovlige. Domstolen innvilget ogs\u00e5 kravet til midlertidig forf\u00f8yning, alts\u00e5 et forbud mot at staten kan gi nye tillatelser for videre utbygging eller produksjon p\u00e5 de tre feltene. Seieren betyr at de massive mengdene med CO2 fra feltene kan bli holdt trygt under bakken.<br><br>Staten har imidlertid anket dommen, og lagmannsretten har bestemt at hovedkravet og forbudet mot nye tillatelser <a href=\"https:\/\/www.greenpeace.org\/norway\/nyheter\/klimaendringer\/klimasoksmalet-behandling-i-lagmannsretten-deles-opp\/\">skal behandles hver for seg<\/a>. Forbudet f\u00e5r separat, skriftlig hastebehandling allerede i april.<\/p>\n\t\t\t<section\n\t\t\tclass=\"boxout post-58566 \"\n\t\t\t\n\t\t>\n\t\t\t<a\n\t\t\t\tdata-ga-category=\"Take Action Boxout\"\n\t\t\t\tdata-ga-action=\"Image\"\n\t\t\t\tdata-ga-label=\"n\/a\"\n\t\t\t\tclass=\"cover-card-overlay\"\n\t\t\t\thref=\"https:\/\/www.greenpeace.org\/norway\/vaer-med\/stott-kronerullingen-for-klimasoksmalet\/\" \n\t\t\t><\/a>\n\t\t\t\t\t\t\t<img\n\t\t\t\t\t\tsrc=\"https:\/\/www.greenpeace.org\/static\/planet4-norway-stateless\/2023\/06\/9d596e12-image-12-06-2023-at-12.57-1024x481.jpeg\"\n\t\t\t\t\t\tsrcset=\"https:\/\/www.greenpeace.org\/static\/planet4-norway-stateless\/2023\/06\/9d596e12-image-12-06-2023-at-12.57-300x141.jpeg 300w, https:\/\/www.greenpeace.org\/static\/planet4-norway-stateless\/2023\/06\/9d596e12-image-12-06-2023-at-12.57-1024x481.jpeg 1024w, https:\/\/www.greenpeace.org\/static\/planet4-norway-stateless\/2023\/06\/9d596e12-image-12-06-2023-at-12.57-768x361.jpeg 768w, https:\/\/www.greenpeace.org\/static\/planet4-norway-stateless\/2023\/06\/9d596e12-image-12-06-2023-at-12.57-1536x721.jpeg 1536w, https:\/\/www.greenpeace.org\/static\/planet4-norway-stateless\/2023\/06\/9d596e12-image-12-06-2023-at-12.57-2048x961.jpeg 2048w, https:\/\/www.greenpeace.org\/static\/planet4-norway-stateless\/2023\/06\/9d596e12-image-12-06-2023-at-12.57-510x239.jpeg 510w\"\n\t\t\t\t\t\tsizes=\"(min-width: 1000px) 358px, (min-width: 780px) 313px, 88px\"\n\t\t\t\t\t\talt=\"\" title=\"\"\n\t\t\t\t\/>\n            \t\t\t<div class=\"boxout-content\">\n\t\t\t\t\t\t\t\t\t<a\n\t\t\t\t\t\tclass=\"boxout-heading medium\"\n\t\t\t\t\t\tdata-ga-category=\"Take Action Boxout\"\n\t\t\t\t\t\tdata-ga-action=\"Title\"\n\t\t\t\t\t\tdata-ga-label=\"n\/a\"\n\t\t\t\t\t\thref=\"https:\/\/www.greenpeace.org\/norway\/vaer-med\/stott-kronerullingen-for-klimasoksmalet\/\"\n\t\t\t\t\t\t\n\t\t\t\t\t>\n\t\t\t\t\t\tSt\u00f8tt kronerullingen for klimas\u00f8ksm\u00e5let\n\t\t\t\t\t<\/a>\n\t\t\t\t\t\t\t\t\t\t\t\t\t<p class=\"boxout-excerpt\">St\u00f8tt det nye klimas\u00f8ksm\u00e5let. Greenpeace og Natur og Ungdom krever at staten lytter til egen H\u00f8yesterett og stanser nye oljeprosjekter. Vi trenger din hjelp.<\/p>\n\t\t\t\t                                    <a\n                        class=\"btn btn-primary\"\n                        data-ga-category=\"Take Action Boxout\"\n                        data-ga-action=\"Call to Action\"\n                        data-ga-label=\"n\/a\"\n                        href=\"https:\/\/www.greenpeace.org\/norway\/vaer-med\/stott-kronerullingen-for-klimasoksmalet\/\"\n                        \n                    >\n                        V\u00e6r med\n                    <\/a>\n                \t\t\t<\/div>\n\t\t\t\t\t<\/section>\n\t\n<h2 class=\"wp-block-heading\">2. Equinors reklame fjernet fra Beitost\u00f8len<\/h2>\n\n<figure class=\"wp-block-image size-large\"><img loading=\"lazy\" decoding=\"async\" width=\"1024\" height=\"683\" src=\"https:\/\/www.greenpeace.org\/static\/planet4-norway-stateless\/2022\/11\/95133cf1-beitosprinten-1-of-17-1024x683.jpg\" title=\"Beitost\u00f8len i november 2022: Sammen med aktivister fra Greenpeace protesterer den svenske langrennsl\u00f8peren Emil Johansson Kringstad mot at Equinor sponser skisporten, s\u00e5kalt sportsvasking.\" alt=\"Beitost\u00f8len i november 2022: Sammen med aktivister fra Greenpeace protesterer den svenske langrennsl\u00f8peren Emil Johansson Kringstad mot at Equinor sponser skisporten, s\u00e5kalt sportsvasking.\" class=\"wp-image-52022\" srcset=\"https:\/\/www.greenpeace.org\/static\/planet4-norway-stateless\/2022\/11\/95133cf1-beitosprinten-1-of-17-1024x683.jpg 1024w, https:\/\/www.greenpeace.org\/static\/planet4-norway-stateless\/2022\/11\/95133cf1-beitosprinten-1-of-17-300x200.jpg 300w, https:\/\/www.greenpeace.org\/static\/planet4-norway-stateless\/2022\/11\/95133cf1-beitosprinten-1-of-17-768x512.jpg 768w, https:\/\/www.greenpeace.org\/static\/planet4-norway-stateless\/2022\/11\/95133cf1-beitosprinten-1-of-17-1536x1024.jpg 1536w, https:\/\/www.greenpeace.org\/static\/planet4-norway-stateless\/2022\/11\/95133cf1-beitosprinten-1-of-17-510x340.jpg 510w, https:\/\/www.greenpeace.org\/static\/planet4-norway-stateless\/2022\/11\/95133cf1-beitosprinten-1-of-17.jpg 1773w\" sizes=\"auto, (max-width: 1024px) 100vw, 1024px\" \/><figcaption class=\"wp-element-caption\">I november 2022 protesterte den svenske langrennsl\u00f8peren Emil Johansson Kringstad og Greenpeace-aktivister mot at Equinor sponser skisporten.<\/figcaption><\/figure>\n\n<p>Under sesong\u00e5pningen p\u00e5 Beitost\u00f8len vinteren 2022 <a href=\"https:\/\/www.greenpeace.org\/norway\/nyheter\/klimaendringer\/skiloper-emil-johansson-konfronterte-equinor-pa-beitostolen\/\">protesterte skil\u00f8peren Emil Johansson Kringstad mot Equinors sponsing<\/a> av skiarrangementet. Under m\u00e5lgang holdt Emil opp et banner samtidig som aktivister fra Greenpeace dekket til Equinors reklameplakater i m\u00e5lomr\u00e5det med egne bannere. Budskapet var at Equinor f\u00f8rer til at \u201cmorgendagen smelter\u201d \u2013 som spiller p\u00e5 selskapets sponsorprogram \u201cMorgendagens helter\u201d.&nbsp;<\/p>\n\n<p>\u00d8ystre Slidre idrettsforening, som driver stadion der protesten fant sted, meldte nylig at de har fjernet Equinors reklame fra stadionet. Det viser at aktivisme virker!<\/p>\n\n<p>Gjennom <a href=\"https:\/\/www.greenpeace.org\/norway\/nyheter\/energi\/equinor-reklame-full-av-gronnvasking\/\">reklame<\/a> og <a href=\"https:\/\/www.greenpeace.org\/norway\/fakta\/energi\/gronnvasking-11-ting-equinor-ikke-vil-du-skal-vite\/\">sponsorprogrammer som \u201cMorgendagens helter\u201d<\/a> f\u00e5r Equinor verdifull eksponering som gj\u00f8r at folk forbinder Equinor med skifest, fotballtalenter og Teknisk Museum i stedet for klimakrise. Equinor f\u00e5r dessuten skrive av 80 prosent av disse utgiftene til markedsf\u00f8ring og omd\u00f8mmebygging p\u00e5 skatten.<\/p>\n\n<p>LES OGS\u00c5: <a href=\"https:\/\/www.greenpeace.org\/norway\/nyheter\/greenpeace\/fem-gode-nyheter-for-klima-og-miljo\/\">V\u00e5r seneste artikkel med fem gode nyheter for klima og milj\u00f8 i 2024<\/a><\/p>\n\n<h2 class=\"wp-block-heading\">3. Palau f\u00f8rst i verden til \u00e5 godkjenne FNs globale havavtale<\/h2>\n\n<p>I januar ble \u00f8ystaten Palau i Stillehavet den f\u00f8rste nasjonen som offisielt ratifiserte, eller godkjente, FNs globale havavtale. Chile fulgte etter. De to&nbsp; landene baner vei for at avtalen skal kunne tre i kraft.<br><br><a href=\"https:\/\/www.greenpeace.org\/norway\/nyheter\/hav\/seier-fn-enige-om-en-global-havavtale\/\">Den historiske havavtalen i FN<\/a> er avgj\u00f8rende for at vi skal kunne verne internasjonale farvann, og regnes som den viktigste multilaterale milj\u00f8avtalen siden Parisavtalen fra 2015. Den ble offisielt vedtatt i juni 2023 og undertegnet av 87 land i september 2023. <\/p>\n\n<p>Havavtalen vil f\u00f8rst tre i kraft n\u00e5r den er ratifisert av minst 60 land. Greenpeace oppfordrer verdens land til \u00e5 f\u00f8lge etter og ratifisere avtalen f\u00f8r FNs havkonferanse i Nice i 2025.<\/p>\n\n<p><em>Vil du bidra til at vi vinner flere seire for verdens klima og milj\u00f8? St\u00f8tt arbeidet v\u00e5rt:<\/em><\/p>\n\t\t\t<section\n\t\t\tclass=\"boxout post-1229 \"\n\t\t\t\n\t\t>\n\t\t\t<a\n\t\t\t\tdata-ga-category=\"Take Action Boxout\"\n\t\t\t\tdata-ga-action=\"Image\"\n\t\t\t\tdata-ga-label=\"n\/a\"\n\t\t\t\tclass=\"cover-card-overlay\"\n\t\t\t\thref=\"https:\/\/www.greenpeace.org\/norway\/vaer-med\/stott-oss\/\" \n\t\t\t><\/a>\n\t\t\t\t\t\t\t<img\n\t\t\t\t\t\tsrc=\"https:\/\/www.greenpeace.org\/static\/planet4-norway-stateless\/2022\/02\/487ac5d0-gp1swsny-1024x767.jpg\"\n\t\t\t\t\t\tsrcset=\"https:\/\/www.greenpeace.org\/static\/planet4-norway-stateless\/2022\/02\/487ac5d0-gp1swsny-300x225.jpg 300w, https:\/\/www.greenpeace.org\/static\/planet4-norway-stateless\/2022\/02\/487ac5d0-gp1swsny-1024x767.jpg 1024w, https:\/\/www.greenpeace.org\/static\/planet4-norway-stateless\/2022\/02\/487ac5d0-gp1swsny-768x575.jpg 768w, https:\/\/www.greenpeace.org\/static\/planet4-norway-stateless\/2022\/02\/487ac5d0-gp1swsny-454x340.jpg 454w, https:\/\/www.greenpeace.org\/static\/planet4-norway-stateless\/2022\/02\/487ac5d0-gp1swsny.jpg 1200w\"\n\t\t\t\t\t\tsizes=\"(min-width: 1000px) 358px, (min-width: 780px) 313px, 88px\"\n\t\t\t\t\t\talt=\"Flyfoto av en \u00f8y formet som et hjerte\" title=\"Flyfoto av en \u00f8y formet som et hjerte\"\n\t\t\t\t\/>\n            \t\t\t<div class=\"boxout-content\">\n\t\t\t\t\t\t\t\t\t<a\n\t\t\t\t\t\tclass=\"boxout-heading medium\"\n\t\t\t\t\t\tdata-ga-category=\"Take Action Boxout\"\n\t\t\t\t\t\tdata-ga-action=\"Title\"\n\t\t\t\t\t\tdata-ga-label=\"n\/a\"\n\t\t\t\t\t\thref=\"https:\/\/www.greenpeace.org\/norway\/vaer-med\/stott-oss\/\"\n\t\t\t\t\t\t\n\t\t\t\t\t>\n\t\t\t\t\t\tSt\u00f8tt arbeidet v\u00e5rt for klima og milj\u00f8\n\t\t\t\t\t<\/a>\n\t\t\t\t\t\t\t\t\t\t\t\t\t<p class=\"boxout-excerpt\">Sammen utgj\u00f8r vi en forskjell for den s\u00e5rbare planeten v\u00e5r.<\/p>\n\t\t\t\t                                    <a\n                        class=\"btn btn-primary\"\n                        data-ga-category=\"Take Action Boxout\"\n                        data-ga-action=\"Call to Action\"\n                        data-ga-label=\"n\/a\"\n                        href=\"https:\/\/www.greenpeace.org\/norway\/vaer-med\/stott-oss\/\"\n                        \n                    >\n                        V\u00e6r med\n                    <\/a>\n                \t\t\t<\/div>\n\t\t\t\t\t<\/section>\n\t\n<h2 class=\"wp-block-heading\">4. Kj\u00f8ttprodusenten Danish Crown d\u00f8mt for gr\u00f8nnvasking<\/h2>\n\n<p>Den danske kj\u00f8ttprodusenten <a href=\"https:\/\/www.dr.dk\/nyheder\/penge\/danish-crowns-brug-af-klimakontrolleret-gris-i-kampagne-var-vildledende-markedsfoering\">Danish Crown ble nylig d\u00f8mt for villedende markedsf\u00f8ring<\/a> i en stor kampanje der de skrev at \u201cdansk gris er mer klimavennlig enn du tror\u201d og kom med udokumenterte p\u00e5stander om at grisen var \u201cklimakontrollert\u201d. Greenpeace klaget allerede i 2021 til den danske Forbrugerombudsmanden, og senere gikk Klimabev\u00e6gelsen og Dansk Vegetarisk Forening til s\u00f8ksm\u00e5l.<\/p>\n\n<p>Danish Crown produserer millioner av griser f\u00f4ret med soya som kommer fra S\u00f8r-Amerika, hvor uerstattelig skog raseres og erstattes av enorme soyaplantasjer. <a href=\"https:\/\/www.greenpeace.org\/norway\/fakta\/skog-og-landbruk\/klimaproblemet-er-ikke-soyamelken-i-kaffen-din\/\">Soyaen importeres til blant annet EU og brukes i dyref\u00f4r. <\/a>Greenpeace har lenge kritisert Danish Crown for \u00e5 pr\u00f8ve \u00e5 lure folk til \u00e5 tro at kj\u00f8ttet deres er en del av klimal\u00f8sningen.<\/p>\n\n<p><a href=\"https:\/\/www.greenpeace.org\/norway\/fakta\/forbruk\/hva-er-gronnvasking-guide-og-eksempler\/\">L\u00e6r mer om gr\u00f8nnvasking og hvordan du kan gjenkjenne det her.<\/a><\/p>\n\n<h2 class=\"wp-block-heading\">5. Danmark sier nei til gruvedrift p\u00e5 havbunnen, som det 25. landet i verden<\/h2>\n\n<blockquote class=\"instagram-media\" data-instgrm-permalink=\"https:\/\/www.instagram.com\/reel\/C40bG7ZOyPd\/?utm_source=ig_embed&amp;utm_campaign=loading\" data-instgrm-version=\"14\" style=\" background:#FFF; border:0; border-radius:3px; box-shadow:0 0 1px 0 rgba(0,0,0,0.5),0 1px 10px 0 rgba(0,0,0,0.15); margin: 1px; max-width:540px; min-width:326px; padding:0; width:99.375%; width:-webkit-calc(100% - 2px); width:calc(100% - 2px);\"><div style=\"padding:16px;\"> <a href=\"https:\/\/www.instagram.com\/reel\/C40bG7ZOyPd\/?utm_source=ig_embed&amp;utm_campaign=loading\" style=\" background:#FFFFFF; line-height:0; padding:0 0; text-align:center; text-decoration:none; width:100%;\" target=\"_blank\" rel=\"noopener\"> <div style=\" display: flex; flex-direction: row; align-items: center;\"> <div style=\"background-color: #F4F4F4; border-radius: 50%; flex-grow: 0; height: 40px; margin-right: 14px; width: 40px;\"><\/div> <div style=\"display: flex; flex-direction: column; flex-grow: 1; justify-content: center;\"> <div style=\" background-color: #F4F4F4; border-radius: 4px; flex-grow: 0; height: 14px; margin-bottom: 6px; width: 100px;\"><\/div> <div style=\" background-color: #F4F4F4; border-radius: 4px; flex-grow: 0; height: 14px; width: 60px;\"><\/div><\/div><\/div><div style=\"padding: 19% 0;\"><\/div> <div style=\"display:block; height:50px; margin:0 auto 12px; width:50px;\"><svg width=\"50px\" height=\"50px\" viewBox=\"0 0 60 60\" version=\"1.1\" xmlns=\"https:\/\/www.w3.org\/2000\/svg\" xmlns:xlink=\"https:\/\/www.w3.org\/1999\/xlink\"><g stroke=\"none\" stroke-width=\"1\" fill=\"none\" fill-rule=\"evenodd\"><g transform=\"translate(-511.000000, -20.000000)\" fill=\"#000000\"><g><path d=\"M556.869,30.41 C554.814,30.41 553.148,32.076 553.148,34.131 C553.148,36.186 554.814,37.852 556.869,37.852 C558.924,37.852 560.59,36.186 560.59,34.131 C560.59,32.076 558.924,30.41 556.869,30.41 M541,60.657 C535.114,60.657 530.342,55.887 530.342,50 C530.342,44.114 535.114,39.342 541,39.342 C546.887,39.342 551.658,44.114 551.658,50 C551.658,55.887 546.887,60.657 541,60.657 M541,33.886 C532.1,33.886 524.886,41.1 524.886,50 C524.886,58.899 532.1,66.113 541,66.113 C549.9,66.113 557.115,58.899 557.115,50 C557.115,41.1 549.9,33.886 541,33.886 M565.378,62.101 C565.244,65.022 564.756,66.606 564.346,67.663 C563.803,69.06 563.154,70.057 562.106,71.106 C561.058,72.155 560.06,72.803 558.662,73.347 C557.607,73.757 556.021,74.244 553.102,74.378 C549.944,74.521 548.997,74.552 541,74.552 C533.003,74.552 532.056,74.521 528.898,74.378 C525.979,74.244 524.393,73.757 523.338,73.347 C521.94,72.803 520.942,72.155 519.894,71.106 C518.846,70.057 518.197,69.06 517.654,67.663 C517.244,66.606 516.755,65.022 516.623,62.101 C516.479,58.943 516.448,57.996 516.448,50 C516.448,42.003 516.479,41.056 516.623,37.899 C516.755,34.978 517.244,33.391 517.654,32.338 C518.197,30.938 518.846,29.942 519.894,28.894 C520.942,27.846 521.94,27.196 523.338,26.654 C524.393,26.244 525.979,25.756 528.898,25.623 C532.057,25.479 533.004,25.448 541,25.448 C548.997,25.448 549.943,25.479 553.102,25.623 C556.021,25.756 557.607,26.244 558.662,26.654 C560.06,27.196 561.058,27.846 562.106,28.894 C563.154,29.942 563.803,30.938 564.346,32.338 C564.756,33.391 565.244,34.978 565.378,37.899 C565.522,41.056 565.552,42.003 565.552,50 C565.552,57.996 565.522,58.943 565.378,62.101 M570.82,37.631 C570.674,34.438 570.167,32.258 569.425,30.349 C568.659,28.377 567.633,26.702 565.965,25.035 C564.297,23.368 562.623,22.342 560.652,21.575 C558.743,20.834 556.562,20.326 553.369,20.18 C550.169,20.033 549.148,20 541,20 C532.853,20 531.831,20.033 528.631,20.18 C525.438,20.326 523.257,20.834 521.349,21.575 C519.376,22.342 517.703,23.368 516.035,25.035 C514.368,26.702 513.342,28.377 512.574,30.349 C511.834,32.258 511.326,34.438 511.181,37.631 C511.035,40.831 511,41.851 511,50 C511,58.147 511.035,59.17 511.181,62.369 C511.326,65.562 511.834,67.743 512.574,69.651 C513.342,71.625 514.368,73.296 516.035,74.965 C517.703,76.634 519.376,77.658 521.349,78.425 C523.257,79.167 525.438,79.673 528.631,79.82 C531.831,79.965 532.853,80.001 541,80.001 C549.148,80.001 550.169,79.965 553.369,79.82 C556.562,79.673 558.743,79.167 560.652,78.425 C562.623,77.658 564.297,76.634 565.965,74.965 C567.633,73.296 568.659,71.625 569.425,69.651 C570.167,67.743 570.674,65.562 570.82,62.369 C570.966,59.17 571,58.147 571,50 C571,41.851 570.966,40.831 570.82,37.631\"><\/path><\/g><\/g><\/g><\/svg><\/div><div style=\"padding-top: 8px;\"> <div style=\" color:#3897f0; font-family:Arial,sans-serif; font-size:14px; font-style:normal; font-weight:550; line-height:18px;\">View this post on Instagram<\/div><\/div><div style=\"padding: 12.5% 0;\"><\/div> <div style=\"display: flex; flex-direction: row; margin-bottom: 14px; align-items: center;\"><div> <div style=\"background-color: #F4F4F4; border-radius: 50%; height: 12.5px; width: 12.5px; transform: translateX(0px) translateY(7px);\"><\/div> <div style=\"background-color: #F4F4F4; height: 12.5px; transform: rotate(-45deg) translateX(3px) translateY(1px); width: 12.5px; flex-grow: 0; margin-right: 14px; margin-left: 2px;\"><\/div> <div style=\"background-color: #F4F4F4; border-radius: 50%; height: 12.5px; width: 12.5px; transform: translateX(9px) translateY(-18px);\"><\/div><\/div><div style=\"margin-left: 8px;\"> <div style=\" background-color: #F4F4F4; border-radius: 50%; flex-grow: 0; height: 20px; width: 20px;\"><\/div> <div style=\" width: 0; height: 0; border-top: 2px solid transparent; border-left: 6px solid #f4f4f4; border-bottom: 2px solid transparent; transform: translateX(16px) translateY(-4px) rotate(30deg)\"><\/div><\/div><div style=\"margin-left: auto;\"> <div style=\" width: 0px; border-top: 8px solid #F4F4F4; border-right: 8px solid transparent; transform: translateY(16px);\"><\/div> <div style=\" background-color: #F4F4F4; flex-grow: 0; height: 12px; width: 16px; transform: translateY(-4px);\"><\/div> <div style=\" width: 0; height: 0; border-top: 8px solid #F4F4F4; border-left: 8px solid transparent; transform: translateY(-4px) translateX(8px);\"><\/div><\/div><\/div> <div style=\"display: flex; flex-direction: column; flex-grow: 1; justify-content: center; margin-bottom: 24px;\"> <div style=\" background-color: #F4F4F4; border-radius: 4px; flex-grow: 0; height: 14px; margin-bottom: 6px; width: 224px;\"><\/div> <div style=\" background-color: #F4F4F4; border-radius: 4px; flex-grow: 0; height: 14px; width: 144px;\"><\/div><\/div><\/a><p style=\" color:#c9c8cd; font-family:Arial,sans-serif; font-size:14px; line-height:17px; margin-bottom:0; margin-top:8px; overflow:hidden; padding:8px 0 7px; text-align:center; text-overflow:ellipsis; white-space:nowrap;\"><a href=\"https:\/\/www.instagram.com\/reel\/C40bG7ZOyPd\/?utm_source=ig_embed&amp;utm_campaign=loading\" style=\" color:#c9c8cd; font-family:Arial,sans-serif; font-size:14px; font-style:normal; font-weight:normal; line-height:17px; text-decoration:none;\" target=\"_blank\" rel=\"noopener\">A post shared by Greenpeace Norge (@greenpeacenorge)<\/a><\/p><\/div><\/blockquote> <script async src=\"\/\/www.instagram.com\/embed.js\"><\/script>\n\n<p>Den eneste m\u00e5ten \u00e5 effektivt beskytte havet mot destruktiv <a href=\"https:\/\/www.greenpeace.org\/norway\/hav\/gruvedrift-pa-havbunnen\/\">gruvedrift p\u00e5 havbunnen<\/a> er gjennom et moratorium, alts\u00e5 et midlertidig forbud mot industrien. N\u00e5 st\u00f8ttes et slikt moratorium ogs\u00e5 av Kongeriket Danmark, som best\u00e5r av Danmark, F\u00e6r\u00f8yene og Gr\u00f8nland. De slutter seg dermed til 24 land, milj\u00f8bevegelsen, et samlet forskningsmilj\u00f8, selskaper og kystsamfunn som er imot gruvedrift p\u00e5 havbunnen.&nbsp;<\/p>\n\n<p>Norge har blitt kritisert verden over for \u00e5 <a href=\"https:\/\/www.greenpeace.org\/norway\/nyheter\/hav\/gruvedrift-pa-havbunnen-vedtatt-i-stortinget-en-katastrofe-for-havet\/\">g\u00e5 videre med planene om gruvedrift p\u00e5 havbunnen<\/a>. I februar <a href=\"https:\/\/www.adressa.no\/nyheter\/utenriks\/i\/0Q5JaG\/eu-parlamentet-vedtok-resolusjon-mot-norges-aapning-av-gruvedrift-paa-havbunnen\">vedtok EU-parlamentet en resolusjon<\/a> som g\u00e5r mot Norges planer om utvinning av havbunnsmineraler. Resolusjonen ble vedtatt med et stort flertall.&nbsp;<\/p>\n\n<p>\u2013 Parlamentet uttrykker sine bekymringer for det norske vedtaket om \u00e5 \u00e5pne omr\u00e5der for aktiviteter p\u00e5 dyphavsbunnen, st\u00e5r det i resolusjonen.<\/p>\n\n<p>Den norske regjeringen har jobbet hardt for \u00e5 unng\u00e5 EUs kritikk, men motstanden mot gruvedrift p\u00e5 havbunnen \u00f8ker for hver dag som g\u00e5r.<\/p>\n\t\t\t<section\n\t\t\tclass=\"boxout post-55344 \"\n\t\t\t\n\t\t>\n\t\t\t<a\n\t\t\t\tdata-ga-category=\"Take Action Boxout\"\n\t\t\t\tdata-ga-action=\"Image\"\n\t\t\t\tdata-ga-label=\"n\/a\"\n\t\t\t\tclass=\"cover-card-overlay\"\n\t\t\t\thref=\"https:\/\/www.greenpeace.org\/norway\/vaer-med\/stopp-gruvedrift-pa-havbunnen\/\" \n\t\t\t><\/a>\n\t\t\t\t\t\t\t<img\n\t\t\t\t\t\tsrc=\"https:\/\/www.greenpeace.org\/static\/planet4-norway-stateless\/2023\/04\/bc83db8c-bilde1.jpg\"\n\t\t\t\t\t\tsrcset=\"https:\/\/www.greenpeace.org\/static\/planet4-norway-stateless\/2023\/04\/bc83db8c-bilde1-300x176.jpg 300w, https:\/\/www.greenpeace.org\/static\/planet4-norway-stateless\/2023\/04\/bc83db8c-bilde1-510x299.jpg 510w, https:\/\/www.greenpeace.org\/static\/planet4-norway-stateless\/2023\/04\/bc83db8c-bilde1.jpg 702w\"\n\t\t\t\t\t\tsizes=\"(min-width: 1000px) 358px, (min-width: 780px) 313px, 88px\"\n\t\t\t\t\t\talt=\"\" title=\"\"\n\t\t\t\t\/>\n            \t\t\t<div class=\"boxout-content\">\n\t\t\t\t\t\t\t\t\t<a\n\t\t\t\t\t\tclass=\"boxout-heading medium\"\n\t\t\t\t\t\tdata-ga-category=\"Take Action Boxout\"\n\t\t\t\t\t\tdata-ga-action=\"Title\"\n\t\t\t\t\t\tdata-ga-label=\"n\/a\"\n\t\t\t\t\t\thref=\"https:\/\/www.greenpeace.org\/norway\/vaer-med\/stopp-gruvedrift-pa-havbunnen\/\"\n\t\t\t\t\t\t\n\t\t\t\t\t>\n\t\t\t\t\t\tSigner: Stopp gruvedrift p\u00e5 havbunnen\n\t\t\t\t\t<\/a>\n\t\t\t\t\t\t\t\t\t\t\t\t\t<p class=\"boxout-excerpt\">Vi m\u00e5 stoppe gruvedrift p\u00e5 havbunnen. Vi er allerede flere hundre tusen mennesker som st\u00e5r sammen mot den nye skadelige industrien. Bli med, signer oppropet.<\/p>\n\t\t\t\t                                    <a\n                        class=\"btn btn-primary\"\n                        data-ga-category=\"Take Action Boxout\"\n                        data-ga-action=\"Call to Action\"\n                        data-ga-label=\"n\/a\"\n                        href=\"https:\/\/www.greenpeace.org\/norway\/vaer-med\/stopp-gruvedrift-pa-havbunnen\/\"\n                        \n                    >\n                        V\u00e6r med\n                    <\/a>\n                \t\t\t<\/div>\n\t\t\t\t\t<\/section>\n\t\n<h2 class=\"wp-block-heading\">6. Gode nyheter for ytringsfriheten i Total Energies-sak mot Greenpeace<\/h2>\n\n<p>Olje- og gasselskapet Total Energies saks\u00f8kte Greenpeace Frankrike etter at de publiserte <a href=\"https:\/\/www.greenpeace.org\/international\/press-release\/56491\/greenpeace-finds-totalenergies-emissions-almost-4-times-higher-than-reported\/\">en rapport om selskapets klimagassutslipp<\/a>. Samme dag som selskapet feiret sitt 100-\u00e5rsjubileum, stilte domstolen i Paris seg p\u00e5 Greenpeace sin side og <a href=\"https:\/\/www.greenpeace.org\/international\/press-release\/66110\/breaking-major-victory-for-freedom-of-speech-in-totalenergies-case-against-greenpeace-france\/\">avviste s\u00f8ksm\u00e5let<\/a>. Det er en stor seier for ytringsfriheten.<\/p>\n\n<p>\u2013 Denne viktige seieren b\u00f8r v\u00e6re en vekker for andre oljegiganter som Shell, som ogs\u00e5 bruker s\u00f8ksm\u00e5l for \u00e5 fors\u00f8ke \u00e5 stilne alle som pr\u00f8ver \u00e5 stille dem til ansvar, sier Philip Evans, kampanjeansvarlig i Greenpeace UK.<\/p>\n\n<p>\u2013 Disse kyniske fors\u00f8kene p\u00e5 \u00e5 skremme klimaforkjempere er ikke bare en alvorlig trussel mot ytringsfriheten. De viser hvor langt disse selskapene vil g\u00e5 for \u00e5 fortsette \u00e5 \u00f8delegge planeten for profitt.<\/p>\n\n<p><a href=\"https:\/\/www.greenpeace.org\/norway\/vare-saker\/gode-nyheter-for-klima-og-miljo\/\">Se flere gode nyheter for klima og milj\u00f8 her<\/a><\/p>\n\n<h2 class=\"wp-block-heading\">Bidra til flere gode nyheter for klima og milj\u00f8<\/h2>\n\n<figure class=\"wp-block-embed is-type-video is-provider-youtube wp-block-embed-youtube wp-embed-aspect-16-9 wp-has-aspect-ratio\"><div class=\"wp-block-embed__wrapper\">\n<iframe loading=\"lazy\" title=\"Greenpeace 2023: there&#039;s something in the air\" width=\"500\" height=\"281\" src=\"https:\/\/www.youtube.com\/embed\/-CwkccAgKrs?feature=oembed\" frameborder=\"0\" allow=\"accelerometer; autoplay; clipboard-write; encrypted-media; gyroscope; picture-in-picture; web-share\" referrerpolicy=\"strict-origin-when-cross-origin\" allowfullscreen><\/iframe>\n<\/div><figcaption class=\"wp-element-caption\">Se noen av Greenpeace-aksjonene og andre aktiviteter fra 2023 i denne videoen.<\/figcaption><\/figure>\n\n<p>Som en helt uavhengig milj\u00f8organisasjon er vi i Greenpeace avhengige av st\u00f8tten fra engasjerte enkeltpersoner for \u00e5 kunne gj\u00f8re arbeidet v\u00e5rt. Bidra til at verden f\u00e5r se flere positive nyheter for klima og milj\u00f8 \u2013 st\u00f8tt arbeidet v\u00e5rt:<\/p>\n\t\t\t<section\n\t\t\tclass=\"boxout post-1229  sticky-bottom-mobile collapse show\"\n\t\t\tid=\"action-card\"\n\t\t>\n\t\t\t<a\n\t\t\t\tdata-ga-category=\"Take Action Boxout\"\n\t\t\t\tdata-ga-action=\"Image\"\n\t\t\t\tdata-ga-label=\"n\/a\"\n\t\t\t\tclass=\"cover-card-overlay\"\n\t\t\t\thref=\"https:\/\/www.greenpeace.org\/norway\/vaer-med\/stott-oss\/\" \n\t\t\t><\/a>\n\t\t\t\t\t\t\t<img\n\t\t\t\t\t\tsrc=\"https:\/\/www.greenpeace.org\/static\/planet4-norway-stateless\/2022\/02\/487ac5d0-gp1swsny-1024x767.jpg\"\n\t\t\t\t\t\tsrcset=\"https:\/\/www.greenpeace.org\/static\/planet4-norway-stateless\/2022\/02\/487ac5d0-gp1swsny-300x225.jpg 300w, https:\/\/www.greenpeace.org\/static\/planet4-norway-stateless\/2022\/02\/487ac5d0-gp1swsny-1024x767.jpg 1024w, https:\/\/www.greenpeace.org\/static\/planet4-norway-stateless\/2022\/02\/487ac5d0-gp1swsny-768x575.jpg 768w, https:\/\/www.greenpeace.org\/static\/planet4-norway-stateless\/2022\/02\/487ac5d0-gp1swsny-454x340.jpg 454w, https:\/\/www.greenpeace.org\/static\/planet4-norway-stateless\/2022\/02\/487ac5d0-gp1swsny.jpg 1200w\"\n\t\t\t\t\t\tsizes=\"(min-width: 1000px) 358px, (min-width: 780px) 313px, 88px\"\n\t\t\t\t\t\talt=\"Flyfoto av en \u00f8y formet som et hjerte\" title=\"Flyfoto av en \u00f8y formet som et hjerte\"\n\t\t\t\t\/>\n            \t\t\t<div class=\"boxout-content\">\n\t\t\t\t\t\t\t\t\t<a\n\t\t\t\t\t\tclass=\"boxout-heading medium\"\n\t\t\t\t\t\tdata-ga-category=\"Take Action Boxout\"\n\t\t\t\t\t\tdata-ga-action=\"Title\"\n\t\t\t\t\t\tdata-ga-label=\"n\/a\"\n\t\t\t\t\t\thref=\"https:\/\/www.greenpeace.org\/norway\/vaer-med\/stott-oss\/\"\n\t\t\t\t\t\t\n\t\t\t\t\t>\n\t\t\t\t\t\tSt\u00f8tt arbeidet v\u00e5rt for klima og milj\u00f8\n\t\t\t\t\t<\/a>\n\t\t\t\t\t\t\t\t\t\t\t\t\t<p class=\"boxout-excerpt\">Sammen utgj\u00f8r vi en forskjell for den s\u00e5rbare planeten v\u00e5r.<\/p>\n\t\t\t\t                                    <a\n                        class=\"btn btn-primary\"\n                        data-ga-category=\"Take Action Boxout\"\n                        data-ga-action=\"Call to Action\"\n                        data-ga-label=\"n\/a\"\n                        href=\"https:\/\/www.greenpeace.org\/norway\/vaer-med\/stott-oss\/\"\n                        \n                    >\n                        V\u00e6r med\n                    <\/a>\n                \t\t\t<\/div>\n\t\t\t\t\t\t\t<a\n\t\t\t\t\tclass=\"not-now\"\n\t\t\t\t\trole=\"button\"\n\t\t\t\t\tdata-bs-toggle=\"collapse\"\n\t\t\t\t\thref=\"#action-card\"\n\t\t\t\t><\/a>\n\t\t\t\t\t<\/section>\n\t","protected":false},"excerpt":{"rendered":"<p>2024 har brakt flere gode nyheter for klima og milj\u00f8. Les om seks positive nyheter, fra Norge og verden, fra f\u00f8rste del av \u00e5ret. Sammen vinner vi flere seire!<\/p>\n","protected":false},"author":35,"featured_media":54559,"comment_status":"closed","ping_status":"closed","sticky":false,"template":"","format":"standard","meta":{"ep_exclude_from_search":false,"p4_og_title":"","p4_og_description":"","p4_og_image":"","p4_og_image_id":"","p4_seo_canonical_url":"","p4_campaign_name":"","p4_local_project":"","p4_basket_name":"","p4_department":"","footnotes":""},"categories":[26],"tags":[93,88,48,78,96,91,29],"p4-page-type":[16],"class_list":["post-59796","post","type-post","status-publish","format-standard","has-post-thumbnail","hentry","category-greenpeace","tag-seire","tag-regnskog","tag-matproduksjon","tag-gruvedrift","tag-nyttklimasoksmal","tag-greenwashing","tag-fossilenergi","p4-page-type-nyheter"],"_links":{"self":[{"href":"https:\/\/www.greenpeace.org\/norway\/wp-json\/wp\/v2\/posts\/59796","targetHints":{"allow":["GET"]}}],"collection":[{"href":"https:\/\/www.greenpeace.org\/norway\/wp-json\/wp\/v2\/posts"}],"about":[{"href":"https:\/\/www.greenpeace.org\/norway\/wp-json\/wp\/v2\/types\/post"}],"author":[{"embeddable":true,"href":"https:\/\/www.greenpeace.org\/norway\/wp-json\/wp\/v2\/users\/35"}],"replies":[{"embeddable":true,"href":"https:\/\/www.greenpeace.org\/norway\/wp-json\/wp\/v2\/comments?post=59796"}],"version-history":[{"count":16,"href":"https:\/\/www.greenpeace.org\/norway\/wp-json\/wp\/v2\/posts\/59796\/revisions"}],"predecessor-version":[{"id":62629,"href":"https:\/\/www.greenpeace.org\/norway\/wp-json\/wp\/v2\/posts\/59796\/revisions\/62629"}],"wp:featuredmedia":[{"embeddable":true,"href":"https:\/\/www.greenpeace.org\/norway\/wp-json\/wp\/v2\/media\/54559"}],"wp:attachment":[{"href":"https:\/\/www.greenpeace.org\/norway\/wp-json\/wp\/v2\/media?parent=59796"}],"wp:term":[{"taxonomy":"category","embeddable":true,"href":"https:\/\/www.greenpeace.org\/norway\/wp-json\/wp\/v2\/categories?post=59796"},{"taxonomy":"post_tag","embeddable":true,"href":"https:\/\/www.greenpeace.org\/norway\/wp-json\/wp\/v2\/tags?post=59796"},{"taxonomy":"p4-page-type","embeddable":true,"href":"https:\/\/www.greenpeace.org\/norway\/wp-json\/wp\/v2\/p4-page-type?post=59796"}],"curies":[{"name":"wp","href":"https:\/\/api.w.org\/{rel}","templated":true}]}}