{"id":60582,"date":"2024-05-31T13:02:27","date_gmt":"2024-05-31T12:02:27","guid":{"rendered":"https:\/\/www.greenpeace.org\/norway\/?p=60582"},"modified":"2024-05-31T14:10:06","modified_gmt":"2024-05-31T13:10:06","slug":"klimakrisen-rammer-skeive-uforholdsmessig-hardt","status":"publish","type":"post","link":"https:\/\/www.greenpeace.org\/norway\/nyheter\/greenpeace\/klimakrisen-rammer-skeive-uforholdsmessig-hardt\/","title":{"rendered":"Klimakrisen rammer skeive uforholdsmessig hardt"},"content":{"rendered":"\n<figure class=\"wp-block-image size-large\"><img loading=\"lazy\" decoding=\"async\" width=\"1024\" height=\"682\" src=\"https:\/\/www.greenpeace.org\/static\/planet4-norway-stateless\/2024\/05\/235b3e33-gp1sybs5_pressmedia-2500px-1024x682.jpg\" alt=\"\" class=\"wp-image-60583\" srcset=\"https:\/\/www.greenpeace.org\/static\/planet4-norway-stateless\/2024\/05\/235b3e33-gp1sybs5_pressmedia-2500px-1024x682.jpg 1024w, https:\/\/www.greenpeace.org\/static\/planet4-norway-stateless\/2024\/05\/235b3e33-gp1sybs5_pressmedia-2500px-300x200.jpg 300w, https:\/\/www.greenpeace.org\/static\/planet4-norway-stateless\/2024\/05\/235b3e33-gp1sybs5_pressmedia-2500px-768x512.jpg 768w, https:\/\/www.greenpeace.org\/static\/planet4-norway-stateless\/2024\/05\/235b3e33-gp1sybs5_pressmedia-2500px-1536x1024.jpg 1536w, https:\/\/www.greenpeace.org\/static\/planet4-norway-stateless\/2024\/05\/235b3e33-gp1sybs5_pressmedia-2500px-2048x1366.jpg 2048w, https:\/\/www.greenpeace.org\/static\/planet4-norway-stateless\/2024\/05\/235b3e33-gp1sybs5_pressmedia-2500px-510x340.jpg 510w\" sizes=\"auto, (max-width: 1024px) 100vw, 1024px\" \/><figcaption class=\"wp-element-caption\">Greenpeace-aktivister under Pride-paraden i Bangkok 2022. De holder plakater med budskap som st\u00f8tter klimarettferdighet og kj\u00f8nnsrettferdighet. \u00a9 Panumas Sanguanwong \/ Greenpeace<\/figcaption><\/figure>\n\n<p>(LGBTQIA2S+ er et engelsk akronym for lesbisk, gay, bifil, trans, queer og\/eller questioning, interkj\u00f8nn, aseksuell, two-spirit, og de mange andre m\u00e5tene folk identifiserer seg p\u00e5. I denne artikkelen bruker vi ordet skeiv for \u00e5 dekke det samme.)<\/p>\n\n<p>Klimaendringene p\u00e5virker alle mennesker p\u00e5 jorda, men den uforholdsmessige p\u00e5virkningen p\u00e5 marginaliserte grupper blir ofte oversett. Mennesker som identifiserer seg som LGBTQIA2S+, spesielt hvis de ogs\u00e5 tilh\u00f8rer andre marginaliserte grupper som lavinntektshusholdninger, urfolksgrupper eller etniske minoriteter, rammes hardere enn andre. Individer i slike grupper opplever oftere fattigdom, diskriminering og vold, noe som gir dem begrenset tilgang til n\u00f8dvendige ressurser for \u00e5 tilpasse seg klimaendendringene eller h\u00e5ndtere ekstremv\u00e6r.<\/p>\n\n<p>Derfor er det viktigere enn noen gang \u00e5 forst\u00e5 den ubestridelige sammenhengen mellom klimabevegelsen og den skeive bevegelsen, slik at vi kan kjempe klimakampene som en samlet bevegelse.&nbsp;<\/p>\n\n<figure class=\"wp-block-embed is-type-video is-provider-youtube wp-block-embed-youtube wp-embed-aspect-16-9 wp-has-aspect-ratio\"><div class=\"wp-block-embed__wrapper\">\n<iframe loading=\"lazy\" title=\"Don&#039;t Underestimate #YourPower - Angelo Louw \u2764\ufe0f\u2764\ufe0f\" width=\"500\" height=\"281\" src=\"https:\/\/www.youtube.com\/embed\/D939NuGR84E?feature=oembed\" frameborder=\"0\" allow=\"accelerometer; autoplay; clipboard-write; encrypted-media; gyroscope; picture-in-picture; web-share\" referrerpolicy=\"strict-origin-when-cross-origin\" allowfullscreen><\/iframe>\n<\/div><figcaption class=\"wp-element-caption\">Angelo Louw fra Greenpeace Africa forteller om sammenhengen mellom klimakampen og skeives rettigheter, og at vi m\u00e5 kjempe for en rettferdig og gr\u00f8nn framtid.<\/figcaption><\/figure>\n\n<p><\/p>\n\n<h2 class=\"wp-block-heading\">Klimaendringene forsterker ulikhetene<\/h2>\n\n<p><strong>Skeive mennesker kan ofte oppleve utrygge familiesituasjoner, og derfor er det st\u00f8rre sannsynlighet for at de blir tvunget til \u00e5 forlate hjemmet sitt p\u00e5 grunn av familiekonflikter, trusler om overgrep, misbruk eller vold. <\/strong>Dette gj\u00f8r at skeive oftere opplever hjeml\u00f8shet. Spesielt i USA er det st\u00f8rre sjanse for at skeive personer flytter til segregerte omr\u00e5der for \u00e5 redusere risikoen for diskriminering og trakassering fra naboer og utleiere. Slike omr\u00e5der er ofte mer forurensede og har d\u00e5rlig tilgang p\u00e5 helsetjenester, noe som f\u00f8rer til helseproblemer p\u00e5 lang sikt.<\/p>\n\n<p>Klimaendringene forsterker de eksisterende ulikhetene som finnes i samfunnet, som usikre boligforhold og tilgang p\u00e5 medisinsk behandling. Dette f\u00f8rer til at LGBTQIA2S+-milj\u00f8er blir uforholdsmessig p\u00e5virket av klimakatastrofer og av de st\u00f8rre effektene klimakrisen har p\u00e5 samfunnet.<\/p>\n\n<h2 class=\"wp-block-heading\"><strong>Skeive blir ekskludert fra tilgang p\u00e5 katastrofehjelp<\/strong><\/h2>\n\n<p>Forskning viser at skeive har <a href=\"https:\/\/nn4youth.org\/lgbtq-homeless-youth\/\">120 prosent h\u00f8yere risiko for \u00e5 oppleve hjeml\u00f8shet<\/a>. Selv om bare 9,5 prosent av ungdom i USA identifiserer seg som skeive, utgj\u00f8r de 40 prosent av hjeml\u00f8s ungdom. Denne statistikken er allerede uforholdsmessig stor, og tallene er enda h\u00f8yere for skeive mennesker med minoritetsbakgrunner.<\/p>\n\n<p>De som opplever hjeml\u00f8shet eller usikre bosituasjoner, slik som skeive mennesker oftere gj\u00f8r, blir i st\u00f8rst grad p\u00e5virket av naturkatastrofer, ekstremvarme og luftforurensing. I tillegg til at skeive mennesker blir hardest rammet av klimaendringene, blir de ofte ogs\u00e5 nektet n\u00f8dhjelp eller husly.<\/p>\n\n<p>Da orkanen Katrina herjet i USA i 2005, ble for eksempel flere transpersoner nektet adgang til krisesentre, og de som kom inn, ble utsatt for diskriminering. En <a href=\"https:\/\/www.climaterealityproject.org\/blog\/climate-crisis-lgbtqia-issue\">transkvinne ble faktisk fengslet for \u00e5 ha dusjet p\u00e5 et bad for kvinner<\/a>, selv etter \u00e5 ha f\u00e5tt tillatelse fra en frivillig som jobbet p\u00e5 senteret.<\/p>\n\n<p>Et annet eksempel p\u00e5 slik diskriminering skjedde i India i 2004, da tsunamien i Det indiske hav fant sted. Aravanis, en gruppe mennesker som hverken identifiserer seg som mann eller kvinne, ble <a href=\"https:\/\/www.climaterealityproject.org\/blog\/climate-crisis-lgbtqia-issue\">avvist fra midlertidige krisesentre samtidig som de ble ekskludert fra offisielle statistikker over d\u00f8dsfall<\/a>. Dette gjorde at denne ikke-bin\u00e6re gruppen ikke fikk livsviktig n\u00f8dhjelps- og kompensasjonstiltak, noe som ga dem f\u00e6rre muligheter til \u00e5 gjenoppbygge samfunnet og kulturen deres etter naturkrisen. <\/p>\n\n<p>Det er tydelig at privilegier spiller en stor rolle i katastrofesituasjoner. Dette er bare noen f\u00e5 eksempler p\u00e5 hvordan den systematiske diskrimineringen av skeive individer forsterkes av klimakrisens konsekvenser. De viser ogs\u00e5 koblingen <a href=\"https:\/\/www.greenpeace.org\/usa\/what-it-means-to-be-an-lgbtq-environmentalist\/?_gl=1*14wvhl0*_up*MQ..*_ga*NDk1ODc0NDA1LjE3MTcxNDcxNDA.*_ga_94MRTN8HG4*MTcxNzE0NzEzOS4xLjAuMTcxNzE0NzEzOS4wLjAuMTM3MTc2MDgzOQ..*_ga_0CCB1GTVV6*MTcxNzE0NzEzOS4xLjAuMTcxNzE0NzEzOS4wLjAuMA..*_ga_99CSX66YC1*MTcxNzE0NzEzOS4xLjAuMTcxNzE0NzEzOS4wLjAuMA..\">mellom klimabevegelsen og den skeive bevegelsen<\/a>. Derfor m\u00e5 vi kjempe sammen for <em>alle <\/em>mennesker og planeten vi bor p\u00e5.<\/p>\n\n<figure class=\"wp-block-image size-large\"><img loading=\"lazy\" decoding=\"async\" width=\"1024\" height=\"691\" src=\"https:\/\/www.greenpeace.org\/static\/planet4-norway-stateless\/2024\/05\/1c586fa4-gp1svtmc_pressmedia-2500px-1024x691.jpg\" alt=\"\" class=\"wp-image-60586\" srcset=\"https:\/\/www.greenpeace.org\/static\/planet4-norway-stateless\/2024\/05\/1c586fa4-gp1svtmc_pressmedia-2500px-1024x691.jpg 1024w, https:\/\/www.greenpeace.org\/static\/planet4-norway-stateless\/2024\/05\/1c586fa4-gp1svtmc_pressmedia-2500px-300x203.jpg 300w, https:\/\/www.greenpeace.org\/static\/planet4-norway-stateless\/2024\/05\/1c586fa4-gp1svtmc_pressmedia-2500px-768x519.jpg 768w, https:\/\/www.greenpeace.org\/static\/planet4-norway-stateless\/2024\/05\/1c586fa4-gp1svtmc_pressmedia-2500px-1536x1037.jpg 1536w, https:\/\/www.greenpeace.org\/static\/planet4-norway-stateless\/2024\/05\/1c586fa4-gp1svtmc_pressmedia-2500px-2048x1383.jpg 2048w, https:\/\/www.greenpeace.org\/static\/planet4-norway-stateless\/2024\/05\/1c586fa4-gp1svtmc_pressmedia-2500px-2023x1366.jpg 2023w, https:\/\/www.greenpeace.org\/static\/planet4-norway-stateless\/2024\/05\/1c586fa4-gp1svtmc_pressmedia-2500px-504x340.jpg 504w\" sizes=\"auto, (max-width: 1024px) 100vw, 1024px\" \/><figcaption class=\"wp-element-caption\">Ansatte og frivillige fra Greenpeace Nederland p\u00e5 Pride Walk i Amsterdam, i solidaritet med LGBTQIA2S+-milj\u00f8er.<br>\u00a9 Marten &nbsp;van Dijl \/ Greenpeace.<\/figcaption><\/figure>\n\n<h2 class=\"wp-block-heading\"><strong>Naturen knytter oss alle sammen<\/strong><\/h2>\n\n<p>Greenpeace er kanskje mest kjent for arbeidet vi har gjort for skoger og hav, men vi legger ogs\u00e5 stort fokus p\u00e5 koblingen mellom mennesker og natur.<a href=\"https:\/\/www.greenpeace.org\/usa\/stories\/three-reasons-im-taking-pride-green\/\"> Den gr\u00f8nne stripen p\u00e5 regnbueflagget representerer faktisk naturen<\/a>, noe vi alle er en del av. Vi kjemper for naturen, vi kjemper for alle mennesker, uansett kj\u00f8nn, etnisitet eller hvem de elsker.<\/p>\n\n<p><\/p>\n\n<p><em>Artikkelen er skrevet av Shanthuru Premkumar, likestilling-, mangfold- og inkluderingsr\u00e5dgiver i Greenpeace Belgia og Lina Atanasova, SOME-praktikant hos Greenpeace Belgia.<\/em><\/p>\n","protected":false},"excerpt":{"rendered":"<p>Klimaendringene p\u00e5virker alle mennesker p\u00e5 jorda, men den uforholdsmessige p\u00e5virkningen marginaliserte grupper opplever blir ofte oversett.<\/p>\n","protected":false},"author":27,"featured_media":60583,"comment_status":"closed","ping_status":"closed","sticky":false,"template":"","format":"standard","meta":{"ep_exclude_from_search":false,"p4_og_title":"Klimakrisen rammer skeive uforholdsmessig hardt","p4_og_description":"Klimaendringene p\u00e5virker alle mennesker p\u00e5 jorda, men den uforholdsmessige p\u00e5virkningen marginaliserte grupper opplever blir ofte oversett. ","p4_og_image":"https:\/\/www.greenpeace.org\/static\/planet4-norway-stateless\/2024\/05\/235b3e33-gp1sybs5_pressmedia-2500px.jpg","p4_og_image_id":"60583","p4_seo_canonical_url":"","p4_campaign_name":"","p4_local_project":"","p4_basket_name":"","p4_department":"","footnotes":""},"categories":[26],"tags":[56,69,64],"p4-page-type":[16],"class_list":["post-60582","post","type-post","status-publish","format-standard","has-post-thumbnail","hentry","category-greenpeace","tag-fred","tag-menneskerettigheter","tag-klimakrise","p4-page-type-nyheter"],"_links":{"self":[{"href":"https:\/\/www.greenpeace.org\/norway\/wp-json\/wp\/v2\/posts\/60582","targetHints":{"allow":["GET"]}}],"collection":[{"href":"https:\/\/www.greenpeace.org\/norway\/wp-json\/wp\/v2\/posts"}],"about":[{"href":"https:\/\/www.greenpeace.org\/norway\/wp-json\/wp\/v2\/types\/post"}],"author":[{"embeddable":true,"href":"https:\/\/www.greenpeace.org\/norway\/wp-json\/wp\/v2\/users\/27"}],"replies":[{"embeddable":true,"href":"https:\/\/www.greenpeace.org\/norway\/wp-json\/wp\/v2\/comments?post=60582"}],"version-history":[{"count":11,"href":"https:\/\/www.greenpeace.org\/norway\/wp-json\/wp\/v2\/posts\/60582\/revisions"}],"predecessor-version":[{"id":60606,"href":"https:\/\/www.greenpeace.org\/norway\/wp-json\/wp\/v2\/posts\/60582\/revisions\/60606"}],"wp:featuredmedia":[{"embeddable":true,"href":"https:\/\/www.greenpeace.org\/norway\/wp-json\/wp\/v2\/media\/60583"}],"wp:attachment":[{"href":"https:\/\/www.greenpeace.org\/norway\/wp-json\/wp\/v2\/media?parent=60582"}],"wp:term":[{"taxonomy":"category","embeddable":true,"href":"https:\/\/www.greenpeace.org\/norway\/wp-json\/wp\/v2\/categories?post=60582"},{"taxonomy":"post_tag","embeddable":true,"href":"https:\/\/www.greenpeace.org\/norway\/wp-json\/wp\/v2\/tags?post=60582"},{"taxonomy":"p4-page-type","embeddable":true,"href":"https:\/\/www.greenpeace.org\/norway\/wp-json\/wp\/v2\/p4-page-type?post=60582"}],"curies":[{"name":"wp","href":"https:\/\/api.w.org\/{rel}","templated":true}]}}