{"id":60704,"date":"2024-06-24T07:23:06","date_gmt":"2024-06-24T06:23:06","guid":{"rendered":"https:\/\/www.greenpeace.org\/norway\/?p=60704"},"modified":"2024-11-13T10:57:50","modified_gmt":"2024-11-13T09:57:50","slug":"greenpeace-aksjonerer-mot-equinors-samarbeid-med-israelsk-eide-ithaca","status":"publish","type":"post","link":"https:\/\/www.greenpeace.org\/norway\/nyheter\/energi\/greenpeace-aksjonerer-mot-equinors-samarbeid-med-israelsk-eide-ithaca\/","title":{"rendered":"Greenpeace aksjonerer mot Equinors samarbeid med israelsk-eide Ithaca"},"content":{"rendered":"\n<figure class=\"wp-block-image size-large\"><img loading=\"lazy\" decoding=\"async\" width=\"1024\" height=\"768\" src=\"https:\/\/www.greenpeace.org\/static\/planet4-norway-stateless\/2024\/06\/a2d3468e-img_1633-1024x768.jpeg\" title=\"Fem Greenpeace-aktivister okkuperte Equinors hovedkontor i ni timer, i protest mot selskapets samarbeid med israelsk-eide Ithaca Energy.\" alt=\"Fem Greenpeace-aktivister okkuperte Equinors hovedkontor i ni timer, i protest mot selskapets samarbeid med israelsk-eide Ithaca Energy.\" class=\"wp-image-60748\" srcset=\"https:\/\/www.greenpeace.org\/static\/planet4-norway-stateless\/2024\/06\/a2d3468e-img_1633-1024x768.jpeg 1024w, https:\/\/www.greenpeace.org\/static\/planet4-norway-stateless\/2024\/06\/a2d3468e-img_1633-300x225.jpeg 300w, https:\/\/www.greenpeace.org\/static\/planet4-norway-stateless\/2024\/06\/a2d3468e-img_1633-768x576.jpeg 768w, https:\/\/www.greenpeace.org\/static\/planet4-norway-stateless\/2024\/06\/a2d3468e-img_1633-1536x1152.jpeg 1536w, https:\/\/www.greenpeace.org\/static\/planet4-norway-stateless\/2024\/06\/a2d3468e-img_1633-2048x1536.jpeg 2048w, https:\/\/www.greenpeace.org\/static\/planet4-norway-stateless\/2024\/06\/a2d3468e-img_1633-1821x1366.jpeg 1821w, https:\/\/www.greenpeace.org\/static\/planet4-norway-stateless\/2024\/06\/a2d3468e-img_1633-453x340.jpeg 453w\" sizes=\"auto, (max-width: 1024px) 100vw, 1024px\" \/><figcaption class=\"wp-element-caption\">Greenpeace-aksjon mot Equinor p\u00e5 Fornebu, i protest mot samarbeidet med Ithaca Energy, som bidrar til Israels okkupasjon av Palestina. Aktivistene tok seg inn i Equinor-bygget og okkuperte resepsjonen med bannere, telt, soveposer og proviant.<div class=\"credit icon-left\"> \u00a9 Johanna Hanno<\/div><\/figcaption><\/figure>\n\n<p><em>Denne artikkelen ble sist oppdatert 26. juni<\/em><\/p>\n\n<p>Aktivister fra Greenpeace har akkurat tatt seg inn i Equinor-bygget og okkupert resepsjonen. De har med seg soveposer, telt og proviant. Aksjonen er en protest mot oljegigantens samarbeid med et israelsk-eid selskap, som bidrar til Israels ulovlige okkupasjon av Palestina.&nbsp;&nbsp;&nbsp;<\/p>\n\n<hr class=\"wp-block-separator has-alpha-channel-opacity\"\/>\n\n<p>Siden kl. 8.00 mandag morgen har fem Greenpeace-aktivister okkupert lobbyen i Equinors kontorer p\u00e5 Fornebu. Organisasjonen krever at Equinor avslutter samarbeidet med Ithaca Energy, som er et datterselskap av det israelske energiselskapet Delek Group.&nbsp;<\/p>\n\n<blockquote class=\"instagram-media\" data-instgrm-permalink=\"https:\/\/www.instagram.com\/reel\/C8rAmwhgIiM\/?utm_source=ig_embed&amp;utm_campaign=loading\" data-instgrm-version=\"14\" style=\" background:#FFF; border:0; border-radius:3px; box-shadow:0 0 1px 0 rgba(0,0,0,0.5),0 1px 10px 0 rgba(0,0,0,0.15); margin: 1px; max-width:540px; min-width:326px; padding:0; width:99.375%; width:-webkit-calc(100% - 2px); width:calc(100% - 2px);\"><div style=\"padding:16px;\"> <a href=\"https:\/\/www.instagram.com\/reel\/C8rAmwhgIiM\/?utm_source=ig_embed&amp;utm_campaign=loading\" style=\" background:#FFFFFF; line-height:0; padding:0 0; text-align:center; text-decoration:none; width:100%;\" target=\"_blank\" rel=\"noopener\"> <div style=\" display: flex; flex-direction: row; align-items: center;\"> <div style=\"background-color: #F4F4F4; border-radius: 50%; flex-grow: 0; height: 40px; margin-right: 14px; width: 40px;\"><\/div> <div style=\"display: flex; flex-direction: column; flex-grow: 1; justify-content: center;\"> <div style=\" background-color: #F4F4F4; border-radius: 4px; flex-grow: 0; height: 14px; margin-bottom: 6px; width: 100px;\"><\/div> <div style=\" background-color: #F4F4F4; border-radius: 4px; flex-grow: 0; height: 14px; width: 60px;\"><\/div><\/div><\/div><div style=\"padding: 19% 0;\"><\/div> <div style=\"display:block; height:50px; margin:0 auto 12px; width:50px;\"><svg width=\"50px\" height=\"50px\" viewBox=\"0 0 60 60\" version=\"1.1\" xmlns=\"https:\/\/www.w3.org\/2000\/svg\" xmlns:xlink=\"https:\/\/www.w3.org\/1999\/xlink\"><g stroke=\"none\" stroke-width=\"1\" fill=\"none\" fill-rule=\"evenodd\"><g transform=\"translate(-511.000000, -20.000000)\" fill=\"#000000\"><g><path d=\"M556.869,30.41 C554.814,30.41 553.148,32.076 553.148,34.131 C553.148,36.186 554.814,37.852 556.869,37.852 C558.924,37.852 560.59,36.186 560.59,34.131 C560.59,32.076 558.924,30.41 556.869,30.41 M541,60.657 C535.114,60.657 530.342,55.887 530.342,50 C530.342,44.114 535.114,39.342 541,39.342 C546.887,39.342 551.658,44.114 551.658,50 C551.658,55.887 546.887,60.657 541,60.657 M541,33.886 C532.1,33.886 524.886,41.1 524.886,50 C524.886,58.899 532.1,66.113 541,66.113 C549.9,66.113 557.115,58.899 557.115,50 C557.115,41.1 549.9,33.886 541,33.886 M565.378,62.101 C565.244,65.022 564.756,66.606 564.346,67.663 C563.803,69.06 563.154,70.057 562.106,71.106 C561.058,72.155 560.06,72.803 558.662,73.347 C557.607,73.757 556.021,74.244 553.102,74.378 C549.944,74.521 548.997,74.552 541,74.552 C533.003,74.552 532.056,74.521 528.898,74.378 C525.979,74.244 524.393,73.757 523.338,73.347 C521.94,72.803 520.942,72.155 519.894,71.106 C518.846,70.057 518.197,69.06 517.654,67.663 C517.244,66.606 516.755,65.022 516.623,62.101 C516.479,58.943 516.448,57.996 516.448,50 C516.448,42.003 516.479,41.056 516.623,37.899 C516.755,34.978 517.244,33.391 517.654,32.338 C518.197,30.938 518.846,29.942 519.894,28.894 C520.942,27.846 521.94,27.196 523.338,26.654 C524.393,26.244 525.979,25.756 528.898,25.623 C532.057,25.479 533.004,25.448 541,25.448 C548.997,25.448 549.943,25.479 553.102,25.623 C556.021,25.756 557.607,26.244 558.662,26.654 C560.06,27.196 561.058,27.846 562.106,28.894 C563.154,29.942 563.803,30.938 564.346,32.338 C564.756,33.391 565.244,34.978 565.378,37.899 C565.522,41.056 565.552,42.003 565.552,50 C565.552,57.996 565.522,58.943 565.378,62.101 M570.82,37.631 C570.674,34.438 570.167,32.258 569.425,30.349 C568.659,28.377 567.633,26.702 565.965,25.035 C564.297,23.368 562.623,22.342 560.652,21.575 C558.743,20.834 556.562,20.326 553.369,20.18 C550.169,20.033 549.148,20 541,20 C532.853,20 531.831,20.033 528.631,20.18 C525.438,20.326 523.257,20.834 521.349,21.575 C519.376,22.342 517.703,23.368 516.035,25.035 C514.368,26.702 513.342,28.377 512.574,30.349 C511.834,32.258 511.326,34.438 511.181,37.631 C511.035,40.831 511,41.851 511,50 C511,58.147 511.035,59.17 511.181,62.369 C511.326,65.562 511.834,67.743 512.574,69.651 C513.342,71.625 514.368,73.296 516.035,74.965 C517.703,76.634 519.376,77.658 521.349,78.425 C523.257,79.167 525.438,79.673 528.631,79.82 C531.831,79.965 532.853,80.001 541,80.001 C549.148,80.001 550.169,79.965 553.369,79.82 C556.562,79.673 558.743,79.167 560.652,78.425 C562.623,77.658 564.297,76.634 565.965,74.965 C567.633,73.296 568.659,71.625 569.425,69.651 C570.167,67.743 570.674,65.562 570.82,62.369 C570.966,59.17 571,58.147 571,50 C571,41.851 570.966,40.831 570.82,37.631\"><\/path><\/g><\/g><\/g><\/svg><\/div><div style=\"padding-top: 8px;\"> <div style=\" color:#3897f0; font-family:Arial,sans-serif; font-size:14px; font-style:normal; font-weight:550; line-height:18px;\">View this post on Instagram<\/div><\/div><div style=\"padding: 12.5% 0;\"><\/div> <div style=\"display: flex; flex-direction: row; margin-bottom: 14px; align-items: center;\"><div> <div style=\"background-color: #F4F4F4; border-radius: 50%; height: 12.5px; width: 12.5px; transform: translateX(0px) translateY(7px);\"><\/div> <div style=\"background-color: #F4F4F4; height: 12.5px; transform: rotate(-45deg) translateX(3px) translateY(1px); width: 12.5px; flex-grow: 0; margin-right: 14px; margin-left: 2px;\"><\/div> <div style=\"background-color: #F4F4F4; border-radius: 50%; height: 12.5px; width: 12.5px; transform: translateX(9px) translateY(-18px);\"><\/div><\/div><div style=\"margin-left: 8px;\"> <div style=\" background-color: #F4F4F4; border-radius: 50%; flex-grow: 0; height: 20px; width: 20px;\"><\/div> <div style=\" width: 0; height: 0; border-top: 2px solid transparent; border-left: 6px solid #f4f4f4; border-bottom: 2px solid transparent; transform: translateX(16px) translateY(-4px) rotate(30deg)\"><\/div><\/div><div style=\"margin-left: auto;\"> <div style=\" width: 0px; border-top: 8px solid #F4F4F4; border-right: 8px solid transparent; transform: translateY(16px);\"><\/div> <div style=\" background-color: #F4F4F4; flex-grow: 0; height: 12px; width: 16px; transform: translateY(-4px);\"><\/div> <div style=\" width: 0; height: 0; border-top: 8px solid #F4F4F4; border-left: 8px solid transparent; transform: translateY(-4px) translateX(8px);\"><\/div><\/div><\/div> <div style=\"display: flex; flex-direction: column; flex-grow: 1; justify-content: center; margin-bottom: 24px;\"> <div style=\" background-color: #F4F4F4; border-radius: 4px; flex-grow: 0; height: 14px; margin-bottom: 6px; width: 224px;\"><\/div> <div style=\" background-color: #F4F4F4; border-radius: 4px; flex-grow: 0; height: 14px; width: 144px;\"><\/div><\/div><\/a><p style=\" color:#c9c8cd; font-family:Arial,sans-serif; font-size:14px; line-height:17px; margin-bottom:0; margin-top:8px; overflow:hidden; padding:8px 0 7px; text-align:center; text-overflow:ellipsis; white-space:nowrap;\"><a href=\"https:\/\/www.instagram.com\/reel\/C8rAmwhgIiM\/?utm_source=ig_embed&amp;utm_campaign=loading\" style=\" color:#c9c8cd; font-family:Arial,sans-serif; font-size:14px; font-style:normal; font-weight:normal; line-height:17px; text-decoration:none;\" target=\"_blank\" rel=\"noopener\">A post shared by Greenpeace Norge (@greenpeacenorge)<\/a><\/p><\/div><\/blockquote> <script async src=\"\/\/www.instagram.com\/embed.js\"><\/script>\n\n<h2 class=\"wp-block-heading\">Equinors samarbeid med Ithaca Energy bidrar til okkupasjonen av Palestina<\/h2>\n\n<figure class=\"wp-block-image size-large\"><img loading=\"lazy\" decoding=\"async\" width=\"1024\" height=\"768\" src=\"https:\/\/www.greenpeace.org\/static\/planet4-norway-stateless\/2024\/06\/69b54c1d-img_1273-1024x768.jpg\" title=\"Greenpeace-aktivister okkupert lobbyen i Equinors kontorer p\u00e5 Fornebu. Organisasjonen krever at Equinor avslutter samarbeidet med Ithaca Energy, som er et datterselskap av det israelske energiselskapet Delek Group.\u00a0\" alt=\"Greenpeace-aktivister okkupert lobbyen i Equinors kontorer p\u00e5 Fornebu. Organisasjonen krever at Equinor avslutter samarbeidet med Ithaca Energy, som er et datterselskap av det israelske energiselskapet Delek Group.\u00a0\" class=\"wp-image-60730\" srcset=\"https:\/\/www.greenpeace.org\/static\/planet4-norway-stateless\/2024\/06\/69b54c1d-img_1273-1024x768.jpg 1024w, https:\/\/www.greenpeace.org\/static\/planet4-norway-stateless\/2024\/06\/69b54c1d-img_1273-300x225.jpg 300w, https:\/\/www.greenpeace.org\/static\/planet4-norway-stateless\/2024\/06\/69b54c1d-img_1273-768x576.jpg 768w, https:\/\/www.greenpeace.org\/static\/planet4-norway-stateless\/2024\/06\/69b54c1d-img_1273-1536x1152.jpg 1536w, https:\/\/www.greenpeace.org\/static\/planet4-norway-stateless\/2024\/06\/69b54c1d-img_1273-2048x1536.jpg 2048w, https:\/\/www.greenpeace.org\/static\/planet4-norway-stateless\/2024\/06\/69b54c1d-img_1273-1821x1366.jpg 1821w, https:\/\/www.greenpeace.org\/static\/planet4-norway-stateless\/2024\/06\/69b54c1d-img_1273-453x340.jpg 453w\" sizes=\"auto, (max-width: 1024px) 100vw, 1024px\" \/><figcaption class=\"wp-element-caption\">Greenpeace-aktivister okkuperer lobbyen i Equinors kontorer p\u00e5 Fornebu. De krever at Equinor avslutter samarbeidet med Ithaca Energy, som er majoritetseid av det israelske energiselskapet Delek Group.&nbsp;<div class=\"credit icon-left\"> \u00a9 Johanna Hanno<\/div><\/figcaption><\/figure>\n\n<p>Delek st\u00e5r p\u00e5 FNs liste over selskaper som driver n\u00e6ringsaktivitet i okkuperte omr\u00e5der i Palestina. Israelske bosetninger p\u00e5 okkupert land er i strid med folkeretten, dette er sl\u00e5tt fast i en rekke resolusjoner fra FNs sikkerhetsr\u00e5d. B\u00e5de Oljefondet og KLP har ogs\u00e5 ekskludert selskapet p\u00e5 grunn av grove brudd p\u00e5 grunnleggende etiske normer.<\/p>\n\n<p>Aktivistene som okkuperer Equinor-bygget har sl\u00e5tt seg ned med telt, soveposer og proviant. De er forberedt p\u00e5 \u00e5 opprettholde den symbolske okkupasjonen over lengre tid.&nbsp;&nbsp;&nbsp;<\/p>\n\n<p>\u2013 Jeg aksjonerer i dag fordi jeg vil vise Equinor-ansatte grusomhetene selskapet de jobber for bidrar til. Jeg h\u00e5per denne aksjonen vil v\u00e6re en \u00f8ye\u00e5pner for mange, og at Equinor umiddelbart tar grep og avslutter det kvalmende samarbeidet med Ithaca, sier aktivist Cinta Hondsmerk som okkuperer Equinors kontor.<\/p>\n\n<p>LES OGS\u00c5: <a href=\"https:\/\/www.greenpeace.org\/norway\/nyheter\/energi\/equinor-samarbeid-med-ithaca-om-rosebank-tjener-israel\/\">Equinor-samarbeid med Ithaca om Rosebank tjener Israel<\/a><\/p>\n\n<h2 class=\"wp-block-heading\">Rosebank-profitt vil havne i lomma p\u00e5 Delek<\/h2>\n\n<figure class=\"wp-block-image size-large\"><img loading=\"lazy\" decoding=\"async\" width=\"1024\" height=\"683\" src=\"https:\/\/www.greenpeace.org\/static\/planet4-norway-stateless\/2024\/06\/7cc4113c-utenfor-1024x683.jpg\" alt=\"Greenpeace aksjonerer mot Equinor p\u00e5 Fornebu og har satt opp et stort skilt utenfor hovedinngangen med teksten &quot;Equinor bidrar til okkupasjonen av Palestina&quot;.\" class=\"wp-image-60737\" srcset=\"https:\/\/www.greenpeace.org\/static\/planet4-norway-stateless\/2024\/06\/7cc4113c-utenfor-1024x683.jpg 1024w, https:\/\/www.greenpeace.org\/static\/planet4-norway-stateless\/2024\/06\/7cc4113c-utenfor-300x200.jpg 300w, https:\/\/www.greenpeace.org\/static\/planet4-norway-stateless\/2024\/06\/7cc4113c-utenfor-768x512.jpg 768w, https:\/\/www.greenpeace.org\/static\/planet4-norway-stateless\/2024\/06\/7cc4113c-utenfor-1536x1024.jpg 1536w, https:\/\/www.greenpeace.org\/static\/planet4-norway-stateless\/2024\/06\/7cc4113c-utenfor-2048x1366.jpg 2048w, https:\/\/www.greenpeace.org\/static\/planet4-norway-stateless\/2024\/06\/7cc4113c-utenfor-510x340.jpg 510w\" sizes=\"auto, (max-width: 1024px) 100vw, 1024px\" \/><\/figure>\n\n<p>Equinor samarbeider med Ithaca p\u00e5 det gigantiske oljefeltet Rosebank utenfor Shetlands\u00f8yene \u2013 et kontroversielt prosjekt som har skapt enorme protester b\u00e5de i Norge og internasjonalt.&nbsp;<\/p>\n\n<p>Equinor-ledelsen argumenterer for at samarbeidet er uproblematisk, fordi Ithaca og Delek er to separate juridiske enheter. Delek eier imidlertid majoriteten av aksjene i Ithaca. Det betyr at n\u00e5r gigantfeltet Rosebank settes i drift vil store deler av inntektene havne rett i lomma p\u00e5 Delek.<\/p>\n\n<p>\u2013 Equinors kyniske argumenter for at Ithaca Energy er et stuerent selskap holder ikke n\u00e5r vi vet at milliarder av kroner vil havne i Deleks skitne hender. Denne profitten bidrar til \u00e5 opprettholde israelske bosettinger og forverre palestinernes lidelser. Dette er et nytt lavm\u00e5l for Equinor, og beviser igjen at de setter skitten profitt over mennesker, klima og natur, sier Frode Pleym, leder i Greenpeace.<\/p>\n\n<p>LES OGS\u00c5: <a href=\"https:\/\/www.greenpeace.org\/norway\/nyheter\/energi\/derfor-ma-equinors-oljefelt-rosebank-stoppes\/\">Derfor m\u00e5 Equinors prosjekt Rosebank stoppes<\/a><\/p>\n\n<h2 class=\"wp-block-heading\">Oppdatering: Aktivistene fjernet etter ni timers aksjon p\u00e5 Equinor-kontoret<\/h2>\n\n<figure class=\"wp-block-image size-large\"><img loading=\"lazy\" decoding=\"async\" width=\"1024\" height=\"627\" src=\"https:\/\/www.greenpeace.org\/static\/planet4-norway-stateless\/2024\/06\/cc0325b9-greenpeace-aksjon-equinor-politi-1024x627.jpg\" title=\"Politiet b\u00e6rer ut Greenpeace-aktivistene fra Equinors kontor p\u00e5 Fornebu.\" alt=\"Politiet b\u00e6rer ut Greenpeace-aktivistene fra Equinors kontor p\u00e5 Fornebu.\" class=\"wp-image-60753\" srcset=\"https:\/\/www.greenpeace.org\/static\/planet4-norway-stateless\/2024\/06\/cc0325b9-greenpeace-aksjon-equinor-politi-1024x627.jpg 1024w, https:\/\/www.greenpeace.org\/static\/planet4-norway-stateless\/2024\/06\/cc0325b9-greenpeace-aksjon-equinor-politi-300x184.jpg 300w, https:\/\/www.greenpeace.org\/static\/planet4-norway-stateless\/2024\/06\/cc0325b9-greenpeace-aksjon-equinor-politi-768x471.jpg 768w, https:\/\/www.greenpeace.org\/static\/planet4-norway-stateless\/2024\/06\/cc0325b9-greenpeace-aksjon-equinor-politi-1536x941.jpg 1536w, https:\/\/www.greenpeace.org\/static\/planet4-norway-stateless\/2024\/06\/cc0325b9-greenpeace-aksjon-equinor-politi-510x312.jpg 510w, https:\/\/www.greenpeace.org\/static\/planet4-norway-stateless\/2024\/06\/cc0325b9-greenpeace-aksjon-equinor-politi.jpg 1766w\" sizes=\"auto, (max-width: 1024px) 100vw, 1024px\" \/><figcaption><div class=\"credit icon-left\"> \u00a9 Johanna Hanno<\/div><\/figcaption><\/figure>\n\n<p>Mens aktivistene okkuperte kontoret, holdt Aksjonsgruppa for Palestina, Extinction Rebellion, XR Ung og Mammaoppr\u00f8ret en solidaritetsmarkering utenfor bygget.<\/p>\n\n<p>Etter anmodning fra Equinor bar politiet ut de fem aktivistene fra Equinors kontor p\u00e5 Fornebu etter en ni timer lang aksjon.<\/p>\n\n<p>Kort tid etter at aktivistene tok seg inn i Equinors lokaler, stengte sikkerhetsvaktene hovedinngangen og begynte \u00e5 sluse de ansatte inn gjennom en strengt overv\u00e5ket sided\u00f8r. Aktivistene oppholdt seg i resepsjonen hele dagen, der de hang opp bannere og delt ut l\u00f8pesedler, for \u00e5 informere Equinors ansatte om det problematiske samarbeidet selskapet deres er involvert i.<\/p>\n\n<p>\u2013 Jeg var forberedt p\u00e5 \u00e5 okkupere Equinor i flere d\u00f8gn, fordi det er s\u00e5 skammelig at de bidrar til den ulovlige okkupasjonen av Palestina. Det gj\u00f8r meg utrolig oppr\u00f8rt og frustrert \u00e5 ikke bli tatt p\u00e5 alvor, og jeg h\u00e5per at denne aksjonen har f\u00e5tt Equinor-ansatte til \u00e5 innse at profitt fra Rosebank faktisk bidrar til folkerettsbrudd, sa Greenpeace-aktivist Cinta Hondsmerk f\u00f8r hun ble b\u00e5ret vekk av politiet.<\/p>\n\n<p>Greenpeace har flere ganger spurt om \u00e5 f\u00e5 et m\u00f8te med Anders Opedal, konsernsjef i Equinor, men selskapet nekter \u00e5 g\u00e5 i en dialog om saken.<\/p>\n\n<p>\u2013 Det er feigt av Equinor \u00e5 ikke svare p\u00e5 kritiske sp\u00f8rsm\u00e5l. Et selskap som selv sier de setter menneskerettigheter h\u00f8yt, burde selvsagt ta p\u00e5 alvor at de bidrar til okkupasjonen av Palestina. I stedet tilkaller de politiet for \u00e5 tvinge oss vekk fra en fredelig, symbolsk aksjon, sier Frode Pleym.<\/p>\n\n<p>LES OGS\u00c5: <a href=\"https:\/\/www.greenpeace.org\/norway\/nyheter\/klimaendringer\/greenpeace-aksjon-equinor-sjef-anders-opedal\/\">Equinor-sjef Anders Opedal fikk vrakrester fra ekstremv\u00e6r p\u00e5 d\u00f8ra i Greenpeace-aksjon<\/a><\/p>\n\n<h2 class=\"wp-block-heading\">Equinor ignorerer regjeringens forventninger<\/h2>\n\n<p>Greenpeace lanserte nylig en <a href=\"https:\/\/www.greenpeace.org\/norway\/vaer-med\/signer-equinor-ma-avslutte-samarbeidet-med-ithaca-eid-av-israel\/\">underskriftskampanje<\/a> som p\u00e5 kort tid har f\u00e5tt over 10 000 signaturer, og sendt brev til Equinor med krav om at Equinor umiddelbart avslutter samarbeidet med Ithaca Energy og skrinlegger Rosebank.<\/p>\n\n<p><a href=\"https:\/\/www.greenpeace.org\/norway\/nyheter\/greenpeace\/regjeringen-ma-ta-ansvar-for-equinors-manglende-respekt-for-folkeretten\/\">Tirsdag overleverte aktivistene brevet, underskrevet av 10 500, til N\u00e6ringsdepartementet<\/a>. Vi krever at n\u00e6ringsministeren instruerer Equinor til \u00e5 avslutte det problematiske samarbeidet med Ithaca Energy, i tr\u00e5d med regjeringens uttalte politikk og forventninger til alle norske selskaper.&nbsp;<\/p>\n\n<p>\u2013 Tidligere i \u00e5r frar\u00e5det regjeringen sterkt norske selskaper \u00e5 drive handel og n\u00e6ringsvirksomhet som bidrar til \u00e5 opprettholde folkerettsstridige israelske bosetninger. Dette m\u00e5 ogs\u00e5 gjelde for Norges st\u00f8rste selskap, som selv p\u00e5st\u00e5r at de har h\u00f8y respekt for menneskerettigheter, sier Frode Pleym.<\/p>\n\t\t\t<section\n\t\t\tclass=\"boxout post-60331  sticky-bottom-mobile collapse show\"\n\t\t\tid=\"action-card\"\n\t\t>\n\t\t\t<a\n\t\t\t\tdata-ga-category=\"Take Action Boxout\"\n\t\t\t\tdata-ga-action=\"Image\"\n\t\t\t\tdata-ga-label=\"n\/a\"\n\t\t\t\tclass=\"cover-card-overlay\"\n\t\t\t\thref=\"https:\/\/www.greenpeace.org\/norway\/vaer-med\/signer-equinor-ma-avslutte-samarbeidet-med-ithaca-eid-av-israel\/\" \n\t\t\t><\/a>\n\t\t\t\t\t\t\t<img\n\t\t\t\t\t\tsrc=\"https:\/\/www.greenpeace.org\/static\/planet4-norway-stateless\/2024\/05\/92984cb4-gp0stzgv0_low-res-800px.jpg\"\n\t\t\t\t\t\tsrcset=\"https:\/\/www.greenpeace.org\/static\/planet4-norway-stateless\/2024\/05\/92984cb4-gp0stzgv0_low-res-800px-300x200.jpg 300w, https:\/\/www.greenpeace.org\/static\/planet4-norway-stateless\/2024\/05\/92984cb4-gp0stzgv0_low-res-800px-768x511.jpg 768w, https:\/\/www.greenpeace.org\/static\/planet4-norway-stateless\/2024\/05\/92984cb4-gp0stzgv0_low-res-800px-510x340.jpg 510w, https:\/\/www.greenpeace.org\/static\/planet4-norway-stateless\/2024\/05\/92984cb4-gp0stzgv0_low-res-800px.jpg 800w\"\n\t\t\t\t\t\tsizes=\"(min-width: 1000px) 358px, (min-width: 780px) 313px, 88px\"\n\t\t\t\t\t\talt=\"Greenpeace Spania og \u00abUnmute Gaza\u00bb viser en illustrasjon laget av den amerikanske billedkunstneren Shepard Fairey \u00abObey\u00bb i Reina Sof\u00eda-museet i Madrid for \u00e5 oppfordre til en umiddelbar v\u00e5penhvile i Gaza.\" title=\"Greenpeace Spania og \u00abUnmute Gaza\u00bb viser en illustrasjon laget av den amerikanske billedkunstneren Shepard Fairey \u00abObey\u00bb i Reina Sof\u00eda-museet i Madrid for \u00e5 oppfordre til en umiddelbar v\u00e5penhvile i Gaza.\"\n\t\t\t\t\/>\n            \t\t\t<div class=\"boxout-content\">\n\t\t\t\t\t\t\t\t\t<a\n\t\t\t\t\t\tclass=\"boxout-heading medium\"\n\t\t\t\t\t\tdata-ga-category=\"Take Action Boxout\"\n\t\t\t\t\t\tdata-ga-action=\"Title\"\n\t\t\t\t\t\tdata-ga-label=\"n\/a\"\n\t\t\t\t\t\thref=\"https:\/\/www.greenpeace.org\/norway\/vaer-med\/signer-equinor-ma-avslutte-samarbeidet-med-ithaca-eid-av-israel\/\"\n\t\t\t\t\t\t\n\t\t\t\t\t>\n\t\t\t\t\t\tSigner: Equinor m\u00e5 avslutte samarbeidet med israelsk-eide Ithaca Energy\n\t\t\t\t\t<\/a>\n\t\t\t\t\t\t\t\t\t\t\t\t\t<p class=\"boxout-excerpt\">Equinors Rosebank-samarbeid med Ithaca Energy vil bidra til brudd p\u00e5 folkeretten i Palestina. Ithaca er eid av et sv\u00e6rt problematisk selskap, israelske Delek Group.<\/p>\n\t\t\t\t                                    <a\n                        class=\"btn btn-primary\"\n                        data-ga-category=\"Take Action Boxout\"\n                        data-ga-action=\"Call to Action\"\n                        data-ga-label=\"n\/a\"\n                        href=\"https:\/\/www.greenpeace.org\/norway\/vaer-med\/signer-equinor-ma-avslutte-samarbeidet-med-ithaca-eid-av-israel\/\"\n                        \n                    >\n                        V\u00e6r med\n                    <\/a>\n                \t\t\t<\/div>\n\t\t\t\t\t\t\t<a\n\t\t\t\t\tclass=\"not-now\"\n\t\t\t\t\trole=\"button\"\n\t\t\t\t\tdata-bs-toggle=\"collapse\"\n\t\t\t\t\thref=\"#action-card\"\n\t\t\t\t><\/a>\n\t\t\t\t\t<\/section>\n\t","protected":false},"excerpt":{"rendered":"<p>Greenpeace-aktivister aksjonerer mot Equinor p\u00e5 Fornebu, i protest mot Rosebank-samarbeidet med Ithaca Energy som bidrar til Israels okkupasjon av Palestina.<\/p>\n","protected":false},"author":93,"featured_media":60748,"comment_status":"closed","ping_status":"closed","sticky":false,"template":"","format":"standard","meta":{"ep_exclude_from_search":false,"p4_og_title":"Greenpeace-aksjon mot Equinor \u2013 bidrar til okkupasjonen av Palestina","p4_og_description":"Greenpeace okkuperer Equinor-bygget. Aksjonen er en protest mot oljegigantens samarbeid med et israelsk-eid selskap, som bidrar til Israels ulovlige okkupasjon av Palestina.\u00a0\u00a0\u00a0","p4_og_image":"","p4_og_image_id":"","p4_seo_canonical_url":"","p4_campaign_name":"","p4_local_project":"","p4_basket_name":"","p4_department":"","footnotes":""},"categories":[58],"tags":[94,29,69,56],"p4-page-type":[16],"class_list":["post-60704","post","type-post","status-publish","format-standard","has-post-thumbnail","hentry","category-energi","tag-equinor","tag-fossilenergi","tag-menneskerettigheter","tag-fred","p4-page-type-nyheter"],"_links":{"self":[{"href":"https:\/\/www.greenpeace.org\/norway\/wp-json\/wp\/v2\/posts\/60704","targetHints":{"allow":["GET"]}}],"collection":[{"href":"https:\/\/www.greenpeace.org\/norway\/wp-json\/wp\/v2\/posts"}],"about":[{"href":"https:\/\/www.greenpeace.org\/norway\/wp-json\/wp\/v2\/types\/post"}],"author":[{"embeddable":true,"href":"https:\/\/www.greenpeace.org\/norway\/wp-json\/wp\/v2\/users\/93"}],"replies":[{"embeddable":true,"href":"https:\/\/www.greenpeace.org\/norway\/wp-json\/wp\/v2\/comments?post=60704"}],"version-history":[{"count":20,"href":"https:\/\/www.greenpeace.org\/norway\/wp-json\/wp\/v2\/posts\/60704\/revisions"}],"predecessor-version":[{"id":61969,"href":"https:\/\/www.greenpeace.org\/norway\/wp-json\/wp\/v2\/posts\/60704\/revisions\/61969"}],"wp:featuredmedia":[{"embeddable":true,"href":"https:\/\/www.greenpeace.org\/norway\/wp-json\/wp\/v2\/media\/60748"}],"wp:attachment":[{"href":"https:\/\/www.greenpeace.org\/norway\/wp-json\/wp\/v2\/media?parent=60704"}],"wp:term":[{"taxonomy":"category","embeddable":true,"href":"https:\/\/www.greenpeace.org\/norway\/wp-json\/wp\/v2\/categories?post=60704"},{"taxonomy":"post_tag","embeddable":true,"href":"https:\/\/www.greenpeace.org\/norway\/wp-json\/wp\/v2\/tags?post=60704"},{"taxonomy":"p4-page-type","embeddable":true,"href":"https:\/\/www.greenpeace.org\/norway\/wp-json\/wp\/v2\/p4-page-type?post=60704"}],"curies":[{"name":"wp","href":"https:\/\/api.w.org\/{rel}","templated":true}]}}